{"id":14501,"date":"2024-12-03T09:00:48","date_gmt":"2024-12-03T09:00:48","guid":{"rendered":"https:\/\/bojornal.pt\/?p=14501"},"modified":"2024-12-03T09:01:23","modified_gmt":"2024-12-03T09:01:23","slug":"dialogos-sobre-guerra-e-paz","status":"publish","type":"post","link":"https:\/\/bojornal.pt\/?p=14501","title":{"rendered":"\u201cDi\u00e1logos sobre guerra e paz\u201d"},"content":{"rendered":"\n<p><strong><em>Projeto de integra\u00e7\u00e3o com jovens refugiados da G\u00e2mbia e do Senegal<\/em><\/strong><\/p>\n\n\n\n<figure class=\"wp-block-gallery has-nested-images columns-default is-cropped wp-block-gallery-1 is-layout-flex wp-block-gallery-is-layout-flex\">\n<figure class=\"wp-block-image size-large\"><img loading=\"lazy\" decoding=\"async\" width=\"576\" height=\"1024\" data-id=\"14504\" src=\"https:\/\/bojornal.pt\/wp-content\/uploads\/2024\/12\/24_Dialogos-entre-guerra-e-paz-1-576x1024.jpg\" alt=\"\" class=\"wp-image-14504\" srcset=\"https:\/\/bojornal.pt\/wp-content\/uploads\/2024\/12\/24_Dialogos-entre-guerra-e-paz-1-576x1024.jpg 576w, https:\/\/bojornal.pt\/wp-content\/uploads\/2024\/12\/24_Dialogos-entre-guerra-e-paz-1-169x300.jpg 169w, https:\/\/bojornal.pt\/wp-content\/uploads\/2024\/12\/24_Dialogos-entre-guerra-e-paz-1-84x150.jpg 84w, https:\/\/bojornal.pt\/wp-content\/uploads\/2024\/12\/24_Dialogos-entre-guerra-e-paz-1-768x1365.jpg 768w, https:\/\/bojornal.pt\/wp-content\/uploads\/2024\/12\/24_Dialogos-entre-guerra-e-paz-1-864x1536.jpg 864w, https:\/\/bojornal.pt\/wp-content\/uploads\/2024\/12\/24_Dialogos-entre-guerra-e-paz-1.jpg 900w\" sizes=\"auto, (max-width: 576px) 100vw, 576px\" \/><\/figure>\n\n\n\n<figure class=\"wp-block-image size-large\"><img loading=\"lazy\" decoding=\"async\" width=\"576\" height=\"1024\" data-id=\"14503\" src=\"https:\/\/bojornal.pt\/wp-content\/uploads\/2024\/12\/24_Dialogos-entre-guerra-e-paz-2-576x1024.jpg\" alt=\"\" class=\"wp-image-14503\" srcset=\"https:\/\/bojornal.pt\/wp-content\/uploads\/2024\/12\/24_Dialogos-entre-guerra-e-paz-2-576x1024.jpg 576w, https:\/\/bojornal.pt\/wp-content\/uploads\/2024\/12\/24_Dialogos-entre-guerra-e-paz-2-169x300.jpg 169w, https:\/\/bojornal.pt\/wp-content\/uploads\/2024\/12\/24_Dialogos-entre-guerra-e-paz-2-84x150.jpg 84w, https:\/\/bojornal.pt\/wp-content\/uploads\/2024\/12\/24_Dialogos-entre-guerra-e-paz-2-768x1365.jpg 768w, https:\/\/bojornal.pt\/wp-content\/uploads\/2024\/12\/24_Dialogos-entre-guerra-e-paz-2-864x1536.jpg 864w, https:\/\/bojornal.pt\/wp-content\/uploads\/2024\/12\/24_Dialogos-entre-guerra-e-paz-2.jpg 900w\" sizes=\"auto, (max-width: 576px) 100vw, 576px\" \/><\/figure>\n\n\n\n<figure class=\"wp-block-image size-large\"><img loading=\"lazy\" decoding=\"async\" width=\"576\" height=\"1024\" data-id=\"14502\" src=\"https:\/\/bojornal.pt\/wp-content\/uploads\/2024\/12\/24_Dialogos-entre-guerra-e-paz-3-576x1024.jpg\" alt=\"\" class=\"wp-image-14502\" srcset=\"https:\/\/bojornal.pt\/wp-content\/uploads\/2024\/12\/24_Dialogos-entre-guerra-e-paz-3-576x1024.jpg 576w, https:\/\/bojornal.pt\/wp-content\/uploads\/2024\/12\/24_Dialogos-entre-guerra-e-paz-3-169x300.jpg 169w, https:\/\/bojornal.pt\/wp-content\/uploads\/2024\/12\/24_Dialogos-entre-guerra-e-paz-3-84x150.jpg 84w, https:\/\/bojornal.pt\/wp-content\/uploads\/2024\/12\/24_Dialogos-entre-guerra-e-paz-3-768x1365.jpg 768w, https:\/\/bojornal.pt\/wp-content\/uploads\/2024\/12\/24_Dialogos-entre-guerra-e-paz-3-864x1536.jpg 864w, https:\/\/bojornal.pt\/wp-content\/uploads\/2024\/12\/24_Dialogos-entre-guerra-e-paz-3.jpg 900w\" sizes=\"auto, (max-width: 576px) 100vw, 576px\" \/><\/figure>\n<\/figure>\n\n\n\n<p>Os alunos da Escola Em\u00eddio Garcia tiveram a oportunidade de promover a integra\u00e7\u00e3o de jovens refugiados que viveram os horrores da guerra atrav\u00e9s da atividade: \u201cDi\u00e1logos sobre a guerra e a paz\u201d. Esta iniciativa, foi realizada no dia 25 de novembro pela turma do 11.\u00baF, , no \u00e2mbito de Cidadania e Desenvolvimento. A atividade desenvolvida proporcionou uma intera\u00e7\u00e3o com jovens refugiados da Gambia e do Senegal, que vivenciaram contextos de conflito, e que se encontram a frequentar o curso de Portugu\u00eas L\u00edngua de Acolhimento, no nosso Agrupamento.&nbsp;<\/p>\n\n\n\n<p>A promo\u00e7\u00e3o do di\u00e1logo entre jovens das mesmas faixas et\u00e1rias e com hist\u00f3rias de vida t\u00e3o distintas foi promovido atrav\u00e9s de din\u00e2micas interativas, e criativas e de uma entrevista realizada com o apoio da l\u00edngua inglesa.&nbsp; A intera\u00e7\u00e3o entre os jovens foi efetuada de forma informal e num clima de verdadeira empatia.<\/p>\n\n\n\n<p>Ouvir relatos na primeira pessoa de experi\u00eancias, por vezes, desumanas sensibilizou, ainda mais, os nossos alunos para necessidade de contribu\u00edrem para a constru\u00e7\u00e3o de uma cultura de paz.<\/p>\n","protected":false},"excerpt":{"rendered":"<p>Projeto de integra\u00e7\u00e3o com jovens refugiados da G\u00e2mbia e do Senegal Os alunos da Escola Em\u00eddio Garcia tiveram a oportunidade de promover a integra\u00e7\u00e3o de jovens refugiados que viveram os horrores da guerra atrav\u00e9s&#46;&#46;&#46;<\/p>\n","protected":false},"author":2,"featured_media":14502,"comment_status":"closed","ping_status":"open","sticky":false,"template":"","format":"standard","meta":{"footnotes":""},"categories":[2,9,16],"tags":[],"class_list":["post-14501","post","type-post","status-publish","format-standard","has-post-thumbnail","hentry","category-atualidade","category-em-foco","category-escola-secundaria-emidio-garcia"],"_links":{"self":[{"href":"https:\/\/bojornal.pt\/index.php?rest_route=\/wp\/v2\/posts\/14501","targetHints":{"allow":["GET"]}}],"collection":[{"href":"https:\/\/bojornal.pt\/index.php?rest_route=\/wp\/v2\/posts"}],"about":[{"href":"https:\/\/bojornal.pt\/index.php?rest_route=\/wp\/v2\/types\/post"}],"author":[{"embeddable":true,"href":"https:\/\/bojornal.pt\/index.php?rest_route=\/wp\/v2\/users\/2"}],"replies":[{"embeddable":true,"href":"https:\/\/bojornal.pt\/index.php?rest_route=%2Fwp%2Fv2%2Fcomments&post=14501"}],"version-history":[{"count":0,"href":"https:\/\/bojornal.pt\/index.php?rest_route=\/wp\/v2\/posts\/14501\/revisions"}],"wp:featuredmedia":[{"embeddable":true,"href":"https:\/\/bojornal.pt\/index.php?rest_route=\/wp\/v2\/media\/14502"}],"wp:attachment":[{"href":"https:\/\/bojornal.pt\/index.php?rest_route=%2Fwp%2Fv2%2Fmedia&parent=14501"}],"wp:term":[{"taxonomy":"category","embeddable":true,"href":"https:\/\/bojornal.pt\/index.php?rest_route=%2Fwp%2Fv2%2Fcategories&post=14501"},{"taxonomy":"post_tag","embeddable":true,"href":"https:\/\/bojornal.pt\/index.php?rest_route=%2Fwp%2Fv2%2Ftags&post=14501"}],"curies":[{"name":"wp","href":"https:\/\/api.w.org\/{rel}","templated":true}]}}