{"id":14453,"date":"2024-11-23T14:50:43","date_gmt":"2024-11-23T14:50:43","guid":{"rendered":"https:\/\/bojornal.pt\/?p=14453"},"modified":"2024-11-23T14:50:47","modified_gmt":"2024-11-23T14:50:47","slug":"dia-mundial-da-filosofia","status":"publish","type":"post","link":"https:\/\/bojornal.pt\/?p=14453","title":{"rendered":"Dia Mundial da Filosofia"},"content":{"rendered":"\n<p><strong><em>Alunos da Escola Em\u00eddio Garcia assinalam efem\u00e9ride<\/em><\/strong> <\/p>\n\n\n\n<figure class=\"wp-block-gallery has-nested-images columns-default is-cropped wp-block-gallery-1 is-layout-flex wp-block-gallery-is-layout-flex\">\n<figure class=\"wp-block-image size-large\"><img loading=\"lazy\" decoding=\"async\" width=\"768\" height=\"1024\" data-id=\"14456\" src=\"https:\/\/bojornal.pt\/wp-content\/uploads\/2024\/11\/22_Dia-Mundial-da-Filosofia-1-768x1024.jpeg\" alt=\"\" class=\"wp-image-14456\" srcset=\"https:\/\/bojornal.pt\/wp-content\/uploads\/2024\/11\/22_Dia-Mundial-da-Filosofia-1-768x1024.jpeg 768w, https:\/\/bojornal.pt\/wp-content\/uploads\/2024\/11\/22_Dia-Mundial-da-Filosofia-1-225x300.jpeg 225w, https:\/\/bojornal.pt\/wp-content\/uploads\/2024\/11\/22_Dia-Mundial-da-Filosofia-1-113x150.jpeg 113w, https:\/\/bojornal.pt\/wp-content\/uploads\/2024\/11\/22_Dia-Mundial-da-Filosofia-1-1152x1536.jpeg 1152w, https:\/\/bojornal.pt\/wp-content\/uploads\/2024\/11\/22_Dia-Mundial-da-Filosofia-1.jpeg 1536w\" sizes=\"auto, (max-width: 768px) 100vw, 768px\" \/><\/figure>\n\n\n\n<figure class=\"wp-block-image size-large\"><img loading=\"lazy\" decoding=\"async\" width=\"768\" height=\"1024\" data-id=\"14459\" src=\"https:\/\/bojornal.pt\/wp-content\/uploads\/2024\/11\/22_Dia-Mundial-da-Filosofia-2-768x1024.jpeg\" alt=\"\" class=\"wp-image-14459\" srcset=\"https:\/\/bojornal.pt\/wp-content\/uploads\/2024\/11\/22_Dia-Mundial-da-Filosofia-2-768x1024.jpeg 768w, https:\/\/bojornal.pt\/wp-content\/uploads\/2024\/11\/22_Dia-Mundial-da-Filosofia-2-225x300.jpeg 225w, https:\/\/bojornal.pt\/wp-content\/uploads\/2024\/11\/22_Dia-Mundial-da-Filosofia-2-113x150.jpeg 113w, https:\/\/bojornal.pt\/wp-content\/uploads\/2024\/11\/22_Dia-Mundial-da-Filosofia-2-1152x1536.jpeg 1152w, https:\/\/bojornal.pt\/wp-content\/uploads\/2024\/11\/22_Dia-Mundial-da-Filosofia-2.jpeg 1536w\" sizes=\"auto, (max-width: 768px) 100vw, 768px\" \/><\/figure>\n\n\n\n<figure class=\"wp-block-image size-large\"><img loading=\"lazy\" decoding=\"async\" width=\"1024\" height=\"768\" data-id=\"14460\" src=\"https:\/\/bojornal.pt\/wp-content\/uploads\/2024\/11\/22_Dia-Mundial-da-Filosofia-3-1024x768.jpeg\" alt=\"\" class=\"wp-image-14460\" srcset=\"https:\/\/bojornal.pt\/wp-content\/uploads\/2024\/11\/22_Dia-Mundial-da-Filosofia-3-1024x768.jpeg 1024w, https:\/\/bojornal.pt\/wp-content\/uploads\/2024\/11\/22_Dia-Mundial-da-Filosofia-3-300x225.jpeg 300w, https:\/\/bojornal.pt\/wp-content\/uploads\/2024\/11\/22_Dia-Mundial-da-Filosofia-3-150x113.jpeg 150w, https:\/\/bojornal.pt\/wp-content\/uploads\/2024\/11\/22_Dia-Mundial-da-Filosofia-3-768x576.jpeg 768w, https:\/\/bojornal.pt\/wp-content\/uploads\/2024\/11\/22_Dia-Mundial-da-Filosofia-3-1536x1152.jpeg 1536w, https:\/\/bojornal.pt\/wp-content\/uploads\/2024\/11\/22_Dia-Mundial-da-Filosofia-3.jpeg 2000w\" sizes=\"auto, (max-width: 1024px) 100vw, 1024px\" \/><\/figure>\n\n\n\n<figure class=\"wp-block-image size-large\"><img loading=\"lazy\" decoding=\"async\" width=\"1024\" height=\"768\" data-id=\"14454\" src=\"https:\/\/bojornal.pt\/wp-content\/uploads\/2024\/11\/22_Dia-Mundial-da-Filosofia-4-1024x768.jpeg\" alt=\"\" class=\"wp-image-14454\" srcset=\"https:\/\/bojornal.pt\/wp-content\/uploads\/2024\/11\/22_Dia-Mundial-da-Filosofia-4-1024x768.jpeg 1024w, https:\/\/bojornal.pt\/wp-content\/uploads\/2024\/11\/22_Dia-Mundial-da-Filosofia-4-300x225.jpeg 300w, https:\/\/bojornal.pt\/wp-content\/uploads\/2024\/11\/22_Dia-Mundial-da-Filosofia-4-150x113.jpeg 150w, https:\/\/bojornal.pt\/wp-content\/uploads\/2024\/11\/22_Dia-Mundial-da-Filosofia-4-768x576.jpeg 768w, https:\/\/bojornal.pt\/wp-content\/uploads\/2024\/11\/22_Dia-Mundial-da-Filosofia-4-1536x1152.jpeg 1536w, https:\/\/bojornal.pt\/wp-content\/uploads\/2024\/11\/22_Dia-Mundial-da-Filosofia-4.jpeg 2000w\" sizes=\"auto, (max-width: 1024px) 100vw, 1024px\" \/><\/figure>\n\n\n\n<figure class=\"wp-block-image size-large\"><img loading=\"lazy\" decoding=\"async\" width=\"1024\" height=\"768\" data-id=\"14455\" src=\"https:\/\/bojornal.pt\/wp-content\/uploads\/2024\/11\/22_Dia-Mundial-da-Filosofia-5-1024x768.jpeg\" alt=\"\" class=\"wp-image-14455\" srcset=\"https:\/\/bojornal.pt\/wp-content\/uploads\/2024\/11\/22_Dia-Mundial-da-Filosofia-5-1024x768.jpeg 1024w, https:\/\/bojornal.pt\/wp-content\/uploads\/2024\/11\/22_Dia-Mundial-da-Filosofia-5-300x225.jpeg 300w, https:\/\/bojornal.pt\/wp-content\/uploads\/2024\/11\/22_Dia-Mundial-da-Filosofia-5-150x113.jpeg 150w, https:\/\/bojornal.pt\/wp-content\/uploads\/2024\/11\/22_Dia-Mundial-da-Filosofia-5-768x576.jpeg 768w, https:\/\/bojornal.pt\/wp-content\/uploads\/2024\/11\/22_Dia-Mundial-da-Filosofia-5-1536x1152.jpeg 1536w, https:\/\/bojornal.pt\/wp-content\/uploads\/2024\/11\/22_Dia-Mundial-da-Filosofia-5.jpeg 2000w\" sizes=\"auto, (max-width: 1024px) 100vw, 1024px\" \/><\/figure>\n\n\n\n<figure class=\"wp-block-image size-large\"><img loading=\"lazy\" decoding=\"async\" width=\"768\" height=\"1024\" data-id=\"14458\" src=\"https:\/\/bojornal.pt\/wp-content\/uploads\/2024\/11\/22_Dia-Mundial-da-Filosofia-6-768x1024.jpeg\" alt=\"\" class=\"wp-image-14458\" srcset=\"https:\/\/bojornal.pt\/wp-content\/uploads\/2024\/11\/22_Dia-Mundial-da-Filosofia-6-768x1024.jpeg 768w, https:\/\/bojornal.pt\/wp-content\/uploads\/2024\/11\/22_Dia-Mundial-da-Filosofia-6-225x300.jpeg 225w, https:\/\/bojornal.pt\/wp-content\/uploads\/2024\/11\/22_Dia-Mundial-da-Filosofia-6-113x150.jpeg 113w, https:\/\/bojornal.pt\/wp-content\/uploads\/2024\/11\/22_Dia-Mundial-da-Filosofia-6-1152x1536.jpeg 1152w, https:\/\/bojornal.pt\/wp-content\/uploads\/2024\/11\/22_Dia-Mundial-da-Filosofia-6.jpeg 1500w\" sizes=\"auto, (max-width: 768px) 100vw, 768px\" \/><\/figure>\n\n\n\n<figure class=\"wp-block-image size-large\"><img loading=\"lazy\" decoding=\"async\" width=\"768\" height=\"1024\" data-id=\"14457\" src=\"https:\/\/bojornal.pt\/wp-content\/uploads\/2024\/11\/22_Dia-Mundial-da-Filosofia-7-768x1024.jpeg\" alt=\"\" class=\"wp-image-14457\" srcset=\"https:\/\/bojornal.pt\/wp-content\/uploads\/2024\/11\/22_Dia-Mundial-da-Filosofia-7-768x1024.jpeg 768w, https:\/\/bojornal.pt\/wp-content\/uploads\/2024\/11\/22_Dia-Mundial-da-Filosofia-7-225x300.jpeg 225w, https:\/\/bojornal.pt\/wp-content\/uploads\/2024\/11\/22_Dia-Mundial-da-Filosofia-7-113x150.jpeg 113w, https:\/\/bojornal.pt\/wp-content\/uploads\/2024\/11\/22_Dia-Mundial-da-Filosofia-7-1152x1536.jpeg 1152w, https:\/\/bojornal.pt\/wp-content\/uploads\/2024\/11\/22_Dia-Mundial-da-Filosofia-7.jpeg 1536w\" sizes=\"auto, (max-width: 768px) 100vw, 768px\" \/><\/figure>\n<\/figure>\n\n\n\n<p>No passado dia 21 de novembro, os alunos do ensino secund\u00e1rio do Liceu, assinalaram o Dia<br \/>Mundial da Filosofia, celebrando a sua import\u00e2ncia no quotidiano. Este evento, institu\u00eddo<br \/>pela UNESCO em 2002, \u00e9 comemorado em todo o globo na terceira quinta-feira do m\u00eas de<br \/>novembro.<br \/>Com a finalidade de incitar a reflex\u00e3o sobre problem\u00e1ticas filos\u00f3ficas, o esp\u00edrito cr\u00edtico e a<br \/>incessante procura pela verdade, os alunos levaram a cabo uma exposi\u00e7\u00e3o de posters e<br \/>bandas-desenhadas. Conduziram entrevistas procurando saber qual a perce\u00e7\u00e3o que os alunos<br \/>t\u00eam da disciplina e convidaram os restantes membros da comunidade escolar a celebrar a<br \/>filosofia e os seus pensadores.<br \/>Assim, a filosofia \u00e9 encarada como necess\u00e1ria para desconstruir estere\u00f3tipos e dogmatismos,<br \/>compreender o mundo, lutar contra a ignor\u00e2ncia e contribuir para novas vis\u00f5es, mais<br \/>enriquecedoras. Num mundo em que os conflitos s\u00e3o avassaladores e a disc\u00f3rdia constante,<br \/>daremos uso ao pensamento cr\u00edtico e criativo.<br \/>O convite est\u00e1 feito: procuremos sempre a luz da verdade numa caverna sombria por virtude<br \/>da ignor\u00e2ncia.<\/p>\n\n\n\n<p class=\"has-text-align-right\"><em>Eva Vaz<\/em><\/p>\n\n\n\n<p>Veja o v\u00eddeo:<\/p>\n\n\n\n<figure class=\"wp-block-video\"><video autoplay controls poster=\"http:\/\/bojornal.pt\/wp-content\/uploads\/2024\/11\/22_Dia-Mundial-da-Filosofia-5.jpeg\" src=\"https:\/\/bojornal.pt\/wp-content\/uploads\/2024\/11\/22_Dia-Mundial-da-Filosofia-1.mp4\"><\/video><\/figure>\n","protected":false},"excerpt":{"rendered":"<p>Alunos da Escola Em\u00eddio Garcia assinalam efem\u00e9ride No passado dia 21 de novembro, os alunos do ensino secund\u00e1rio do Liceu, assinalaram o DiaMundial da Filosofia, celebrando a sua import\u00e2ncia no quotidiano. Este evento, institu\u00eddopela&#46;&#46;&#46;<\/p>\n","protected":false},"author":2,"featured_media":14455,"comment_status":"closed","ping_status":"open","sticky":false,"template":"","format":"standard","meta":{"footnotes":""},"categories":[2],"tags":[],"class_list":["post-14453","post","type-post","status-publish","format-standard","has-post-thumbnail","hentry","category-atualidade"],"_links":{"self":[{"href":"https:\/\/bojornal.pt\/index.php?rest_route=\/wp\/v2\/posts\/14453","targetHints":{"allow":["GET"]}}],"collection":[{"href":"https:\/\/bojornal.pt\/index.php?rest_route=\/wp\/v2\/posts"}],"about":[{"href":"https:\/\/bojornal.pt\/index.php?rest_route=\/wp\/v2\/types\/post"}],"author":[{"embeddable":true,"href":"https:\/\/bojornal.pt\/index.php?rest_route=\/wp\/v2\/users\/2"}],"replies":[{"embeddable":true,"href":"https:\/\/bojornal.pt\/index.php?rest_route=%2Fwp%2Fv2%2Fcomments&post=14453"}],"version-history":[{"count":0,"href":"https:\/\/bojornal.pt\/index.php?rest_route=\/wp\/v2\/posts\/14453\/revisions"}],"wp:featuredmedia":[{"embeddable":true,"href":"https:\/\/bojornal.pt\/index.php?rest_route=\/wp\/v2\/media\/14455"}],"wp:attachment":[{"href":"https:\/\/bojornal.pt\/index.php?rest_route=%2Fwp%2Fv2%2Fmedia&parent=14453"}],"wp:term":[{"taxonomy":"category","embeddable":true,"href":"https:\/\/bojornal.pt\/index.php?rest_route=%2Fwp%2Fv2%2Fcategories&post=14453"},{"taxonomy":"post_tag","embeddable":true,"href":"https:\/\/bojornal.pt\/index.php?rest_route=%2Fwp%2Fv2%2Ftags&post=14453"}],"curies":[{"name":"wp","href":"https:\/\/api.w.org\/{rel}","templated":true}]}}