{"id":14440,"date":"2024-11-23T12:00:39","date_gmt":"2024-11-23T12:00:39","guid":{"rendered":"https:\/\/bojornal.pt\/?p=14440"},"modified":"2025-01-28T09:51:03","modified_gmt":"2025-01-28T09:51:03","slug":"suporte-basico-de-vida-na-pq","status":"publish","type":"post","link":"https:\/\/bojornal.pt\/?p=14440","title":{"rendered":"Suporte B\u00e1sico de Vida na PQ"},"content":{"rendered":"\n<p><strong><em>Alunos do Curso PTAS promovem a\u00e7\u00e3o na Escola Paulo Quintela<\/em><\/strong><\/p>\n\n\n\n<figure class=\"wp-block-gallery has-nested-images columns-default is-cropped wp-block-gallery-1 is-layout-flex wp-block-gallery-is-layout-flex\">\n<figure class=\"wp-block-image size-large\"><img loading=\"lazy\" decoding=\"async\" width=\"576\" height=\"1024\" data-id=\"14441\" src=\"https:\/\/bojornal.pt\/wp-content\/uploads\/2024\/11\/21_Suporte-de-Vida-1-576x1024.jpg\" alt=\"\" class=\"wp-image-14441\" srcset=\"https:\/\/bojornal.pt\/wp-content\/uploads\/2024\/11\/21_Suporte-de-Vida-1-576x1024.jpg 576w, https:\/\/bojornal.pt\/wp-content\/uploads\/2024\/11\/21_Suporte-de-Vida-1-169x300.jpg 169w, https:\/\/bojornal.pt\/wp-content\/uploads\/2024\/11\/21_Suporte-de-Vida-1-84x150.jpg 84w, https:\/\/bojornal.pt\/wp-content\/uploads\/2024\/11\/21_Suporte-de-Vida-1-768x1365.jpg 768w, https:\/\/bojornal.pt\/wp-content\/uploads\/2024\/11\/21_Suporte-de-Vida-1-864x1536.jpg 864w, https:\/\/bojornal.pt\/wp-content\/uploads\/2024\/11\/21_Suporte-de-Vida-1.jpg 900w\" sizes=\"auto, (max-width: 576px) 100vw, 576px\" \/><\/figure>\n\n\n\n<figure class=\"wp-block-image size-large\"><img loading=\"lazy\" decoding=\"async\" width=\"768\" height=\"1024\" data-id=\"14444\" src=\"https:\/\/bojornal.pt\/wp-content\/uploads\/2024\/11\/21_Suporte-de-Vida-2-768x1024.jpg\" alt=\"\" class=\"wp-image-14444\" srcset=\"https:\/\/bojornal.pt\/wp-content\/uploads\/2024\/11\/21_Suporte-de-Vida-2-768x1024.jpg 768w, https:\/\/bojornal.pt\/wp-content\/uploads\/2024\/11\/21_Suporte-de-Vida-2-225x300.jpg 225w, https:\/\/bojornal.pt\/wp-content\/uploads\/2024\/11\/21_Suporte-de-Vida-2-113x150.jpg 113w, https:\/\/bojornal.pt\/wp-content\/uploads\/2024\/11\/21_Suporte-de-Vida-2-1152x1536.jpg 1152w, https:\/\/bojornal.pt\/wp-content\/uploads\/2024\/11\/21_Suporte-de-Vida-2.jpg 1200w\" sizes=\"auto, (max-width: 768px) 100vw, 768px\" \/><\/figure>\n\n\n\n<figure class=\"wp-block-image size-large\"><img loading=\"lazy\" decoding=\"async\" width=\"768\" height=\"1024\" data-id=\"14445\" src=\"https:\/\/bojornal.pt\/wp-content\/uploads\/2024\/11\/21_Suporte-de-Vida-3-768x1024.jpg\" alt=\"\" class=\"wp-image-14445\" srcset=\"https:\/\/bojornal.pt\/wp-content\/uploads\/2024\/11\/21_Suporte-de-Vida-3-768x1024.jpg 768w, https:\/\/bojornal.pt\/wp-content\/uploads\/2024\/11\/21_Suporte-de-Vida-3-225x300.jpg 225w, https:\/\/bojornal.pt\/wp-content\/uploads\/2024\/11\/21_Suporte-de-Vida-3-113x150.jpg 113w, https:\/\/bojornal.pt\/wp-content\/uploads\/2024\/11\/21_Suporte-de-Vida-3-1152x1536.jpg 1152w, https:\/\/bojornal.pt\/wp-content\/uploads\/2024\/11\/21_Suporte-de-Vida-3.jpg 1200w\" sizes=\"auto, (max-width: 768px) 100vw, 768px\" \/><\/figure>\n\n\n\n<figure class=\"wp-block-image size-large\"><img loading=\"lazy\" decoding=\"async\" width=\"768\" height=\"1024\" data-id=\"14448\" src=\"https:\/\/bojornal.pt\/wp-content\/uploads\/2024\/11\/21_Suporte-de-Vida-4-768x1024.jpg\" alt=\"\" class=\"wp-image-14448\" srcset=\"https:\/\/bojornal.pt\/wp-content\/uploads\/2024\/11\/21_Suporte-de-Vida-4-768x1024.jpg 768w, https:\/\/bojornal.pt\/wp-content\/uploads\/2024\/11\/21_Suporte-de-Vida-4-225x300.jpg 225w, https:\/\/bojornal.pt\/wp-content\/uploads\/2024\/11\/21_Suporte-de-Vida-4-113x150.jpg 113w, https:\/\/bojornal.pt\/wp-content\/uploads\/2024\/11\/21_Suporte-de-Vida-4-1152x1536.jpg 1152w, https:\/\/bojornal.pt\/wp-content\/uploads\/2024\/11\/21_Suporte-de-Vida-4.jpg 1200w\" sizes=\"auto, (max-width: 768px) 100vw, 768px\" \/><\/figure>\n\n\n\n<figure class=\"wp-block-image size-large\"><img loading=\"lazy\" decoding=\"async\" width=\"768\" height=\"1024\" data-id=\"14446\" src=\"https:\/\/bojornal.pt\/wp-content\/uploads\/2024\/11\/21_Suporte-de-Vida-5-768x1024.jpg\" alt=\"\" class=\"wp-image-14446\" srcset=\"https:\/\/bojornal.pt\/wp-content\/uploads\/2024\/11\/21_Suporte-de-Vida-5-768x1024.jpg 768w, https:\/\/bojornal.pt\/wp-content\/uploads\/2024\/11\/21_Suporte-de-Vida-5-225x300.jpg 225w, https:\/\/bojornal.pt\/wp-content\/uploads\/2024\/11\/21_Suporte-de-Vida-5-113x150.jpg 113w, https:\/\/bojornal.pt\/wp-content\/uploads\/2024\/11\/21_Suporte-de-Vida-5-1152x1536.jpg 1152w, https:\/\/bojornal.pt\/wp-content\/uploads\/2024\/11\/21_Suporte-de-Vida-5.jpg 1200w\" sizes=\"auto, (max-width: 768px) 100vw, 768px\" \/><\/figure>\n\n\n\n<figure class=\"wp-block-image size-large\"><img loading=\"lazy\" decoding=\"async\" width=\"768\" height=\"1024\" data-id=\"14447\" src=\"https:\/\/bojornal.pt\/wp-content\/uploads\/2024\/11\/21_Suporte-de-Vida-6-768x1024.jpg\" alt=\"\" class=\"wp-image-14447\" srcset=\"https:\/\/bojornal.pt\/wp-content\/uploads\/2024\/11\/21_Suporte-de-Vida-6-768x1024.jpg 768w, https:\/\/bojornal.pt\/wp-content\/uploads\/2024\/11\/21_Suporte-de-Vida-6-225x300.jpg 225w, https:\/\/bojornal.pt\/wp-content\/uploads\/2024\/11\/21_Suporte-de-Vida-6-113x150.jpg 113w, https:\/\/bojornal.pt\/wp-content\/uploads\/2024\/11\/21_Suporte-de-Vida-6-1152x1536.jpg 1152w, https:\/\/bojornal.pt\/wp-content\/uploads\/2024\/11\/21_Suporte-de-Vida-6.jpg 1200w\" sizes=\"auto, (max-width: 768px) 100vw, 768px\" \/><\/figure>\n\n\n\n<figure class=\"wp-block-image size-large\"><img loading=\"lazy\" decoding=\"async\" width=\"768\" height=\"1024\" data-id=\"14451\" src=\"https:\/\/bojornal.pt\/wp-content\/uploads\/2024\/11\/21_Suporte-de-Vida-7-768x1024.jpg\" alt=\"\" class=\"wp-image-14451\" srcset=\"https:\/\/bojornal.pt\/wp-content\/uploads\/2024\/11\/21_Suporte-de-Vida-7-768x1024.jpg 768w, https:\/\/bojornal.pt\/wp-content\/uploads\/2024\/11\/21_Suporte-de-Vida-7-225x300.jpg 225w, https:\/\/bojornal.pt\/wp-content\/uploads\/2024\/11\/21_Suporte-de-Vida-7-113x150.jpg 113w, https:\/\/bojornal.pt\/wp-content\/uploads\/2024\/11\/21_Suporte-de-Vida-7-1152x1536.jpg 1152w, https:\/\/bojornal.pt\/wp-content\/uploads\/2024\/11\/21_Suporte-de-Vida-7.jpg 1200w\" sizes=\"auto, (max-width: 768px) 100vw, 768px\" \/><\/figure>\n\n\n\n<figure class=\"wp-block-image size-large\"><img loading=\"lazy\" decoding=\"async\" width=\"768\" height=\"1024\" data-id=\"14443\" src=\"https:\/\/bojornal.pt\/wp-content\/uploads\/2024\/11\/21_Suporte-de-Vida-8-768x1024.jpg\" alt=\"\" class=\"wp-image-14443\" srcset=\"https:\/\/bojornal.pt\/wp-content\/uploads\/2024\/11\/21_Suporte-de-Vida-8-768x1024.jpg 768w, https:\/\/bojornal.pt\/wp-content\/uploads\/2024\/11\/21_Suporte-de-Vida-8-225x300.jpg 225w, https:\/\/bojornal.pt\/wp-content\/uploads\/2024\/11\/21_Suporte-de-Vida-8-113x150.jpg 113w, https:\/\/bojornal.pt\/wp-content\/uploads\/2024\/11\/21_Suporte-de-Vida-8-1152x1536.jpg 1152w, https:\/\/bojornal.pt\/wp-content\/uploads\/2024\/11\/21_Suporte-de-Vida-8.jpg 1200w\" sizes=\"auto, (max-width: 768px) 100vw, 768px\" \/><\/figure>\n\n\n\n<figure class=\"wp-block-image size-large\"><img loading=\"lazy\" decoding=\"async\" width=\"768\" height=\"1024\" data-id=\"14449\" src=\"https:\/\/bojornal.pt\/wp-content\/uploads\/2024\/11\/21_Suporte-de-Vida-9-768x1024.jpg\" alt=\"\" class=\"wp-image-14449\" srcset=\"https:\/\/bojornal.pt\/wp-content\/uploads\/2024\/11\/21_Suporte-de-Vida-9-768x1024.jpg 768w, https:\/\/bojornal.pt\/wp-content\/uploads\/2024\/11\/21_Suporte-de-Vida-9-225x300.jpg 225w, https:\/\/bojornal.pt\/wp-content\/uploads\/2024\/11\/21_Suporte-de-Vida-9-113x150.jpg 113w, https:\/\/bojornal.pt\/wp-content\/uploads\/2024\/11\/21_Suporte-de-Vida-9-1152x1536.jpg 1152w, https:\/\/bojornal.pt\/wp-content\/uploads\/2024\/11\/21_Suporte-de-Vida-9.jpg 1200w\" sizes=\"auto, (max-width: 768px) 100vw, 768px\" \/><\/figure>\n\n\n\n<figure class=\"wp-block-image size-large\"><img loading=\"lazy\" decoding=\"async\" width=\"768\" height=\"1024\" data-id=\"14442\" src=\"https:\/\/bojornal.pt\/wp-content\/uploads\/2024\/11\/21_Suporte-de-Vida-10-768x1024.jpg\" alt=\"\" class=\"wp-image-14442\" srcset=\"https:\/\/bojornal.pt\/wp-content\/uploads\/2024\/11\/21_Suporte-de-Vida-10-768x1024.jpg 768w, https:\/\/bojornal.pt\/wp-content\/uploads\/2024\/11\/21_Suporte-de-Vida-10-225x300.jpg 225w, https:\/\/bojornal.pt\/wp-content\/uploads\/2024\/11\/21_Suporte-de-Vida-10-113x150.jpg 113w, https:\/\/bojornal.pt\/wp-content\/uploads\/2024\/11\/21_Suporte-de-Vida-10-1152x1536.jpg 1152w, https:\/\/bojornal.pt\/wp-content\/uploads\/2024\/11\/21_Suporte-de-Vida-10.jpg 1200w\" sizes=\"auto, (max-width: 768px) 100vw, 768px\" \/><\/figure>\n\n\n\n<figure class=\"wp-block-image size-large\"><img loading=\"lazy\" decoding=\"async\" width=\"768\" height=\"1024\" data-id=\"14450\" src=\"https:\/\/bojornal.pt\/wp-content\/uploads\/2024\/11\/21_Suporte-de-Vida-11-768x1024.jpg\" alt=\"\" class=\"wp-image-14450\" srcset=\"https:\/\/bojornal.pt\/wp-content\/uploads\/2024\/11\/21_Suporte-de-Vida-11-768x1024.jpg 768w, https:\/\/bojornal.pt\/wp-content\/uploads\/2024\/11\/21_Suporte-de-Vida-11-225x300.jpg 225w, https:\/\/bojornal.pt\/wp-content\/uploads\/2024\/11\/21_Suporte-de-Vida-11-113x150.jpg 113w, https:\/\/bojornal.pt\/wp-content\/uploads\/2024\/11\/21_Suporte-de-Vida-11-1152x1536.jpg 1152w, https:\/\/bojornal.pt\/wp-content\/uploads\/2024\/11\/21_Suporte-de-Vida-11.jpg 1200w\" sizes=\"auto, (max-width: 768px) 100vw, 768px\" \/><\/figure>\n<\/figure>\n\n\n\n<p>Os alunos do Curso Profissional de Auxiliar de Sa\u00fade (PTAS) da Escola Secund\u00e1ria Em\u00eddio Garcia realizaram, no dia 20 de novembro, uma sess\u00e3o de esclarecimento e demonstra\u00e7\u00e3o de alguns procedimentos relacionados ao suporte b\u00e1sico de vida, para os alunos da Escola Paulo Quintela. Conhecer e aplicar essas t\u00e9cnicas \u00e9 de extrema import\u00e2ncia, pois pode fazer a diferen\u00e7a em situa\u00e7\u00f5es de emerg\u00eancia e promove uma sociedade mais preparada e capaz de agir em momentos cr\u00edticos. Esta iniciativa foi dinamizada pela disciplina de CRI, sob o tema \u201cSa\u00fade\/Risco\u201d e em articula\u00e7\u00e3o com as disciplinas de Sa\u00fade e Cidadania e Desenvolvimento.<\/p>\n\n\n\n<p><\/p>\n\n\n\n<p><\/p>\n\n\n\n<p><\/p>\n\n\n\n<p><\/p>\n\n\n\n<p><\/p>\n","protected":false},"excerpt":{"rendered":"<p>Alunos do Curso PTAS promovem a\u00e7\u00e3o na Escola Paulo Quintela Os alunos do Curso Profissional de Auxiliar de Sa\u00fade (PTAS) da Escola Secund\u00e1ria Em\u00eddio Garcia realizaram, no dia 20 de novembro, uma sess\u00e3o de&#46;&#46;&#46;<\/p>\n","protected":false},"author":2,"featured_media":14451,"comment_status":"closed","ping_status":"open","sticky":false,"template":"","format":"standard","meta":{"footnotes":""},"categories":[9,13,16],"tags":[],"class_list":["post-14440","post","type-post","status-publish","format-standard","has-post-thumbnail","hentry","category-em-foco","category-escola-paulo-quintela","category-escola-secundaria-emidio-garcia"],"_links":{"self":[{"href":"https:\/\/bojornal.pt\/index.php?rest_route=\/wp\/v2\/posts\/14440","targetHints":{"allow":["GET"]}}],"collection":[{"href":"https:\/\/bojornal.pt\/index.php?rest_route=\/wp\/v2\/posts"}],"about":[{"href":"https:\/\/bojornal.pt\/index.php?rest_route=\/wp\/v2\/types\/post"}],"author":[{"embeddable":true,"href":"https:\/\/bojornal.pt\/index.php?rest_route=\/wp\/v2\/users\/2"}],"replies":[{"embeddable":true,"href":"https:\/\/bojornal.pt\/index.php?rest_route=%2Fwp%2Fv2%2Fcomments&post=14440"}],"version-history":[{"count":0,"href":"https:\/\/bojornal.pt\/index.php?rest_route=\/wp\/v2\/posts\/14440\/revisions"}],"wp:featuredmedia":[{"embeddable":true,"href":"https:\/\/bojornal.pt\/index.php?rest_route=\/wp\/v2\/media\/14451"}],"wp:attachment":[{"href":"https:\/\/bojornal.pt\/index.php?rest_route=%2Fwp%2Fv2%2Fmedia&parent=14440"}],"wp:term":[{"taxonomy":"category","embeddable":true,"href":"https:\/\/bojornal.pt\/index.php?rest_route=%2Fwp%2Fv2%2Fcategories&post=14440"},{"taxonomy":"post_tag","embeddable":true,"href":"https:\/\/bojornal.pt\/index.php?rest_route=%2Fwp%2Fv2%2Ftags&post=14440"}],"curies":[{"name":"wp","href":"https:\/\/api.w.org\/{rel}","templated":true}]}}