{"id":14435,"date":"2024-10-19T11:16:32","date_gmt":"2024-10-19T10:16:32","guid":{"rendered":"https:\/\/bojornal.pt\/?p=14435"},"modified":"2024-11-23T11:18:42","modified_gmt":"2024-11-23T11:18:42","slug":"dia-mundial-da-alimentacao-3","status":"publish","type":"post","link":"https:\/\/bojornal.pt\/?p=14435","title":{"rendered":"Dia Mundial da Alimenta\u00e7\u00e3o"},"content":{"rendered":"\n<figure class=\"wp-block-gallery has-nested-images columns-default is-cropped wp-block-gallery-1 is-layout-flex wp-block-gallery-is-layout-flex\">\n<figure class=\"wp-block-image size-large\"><img loading=\"lazy\" decoding=\"async\" width=\"306\" height=\"155\" data-id=\"14437\" src=\"https:\/\/bojornal.pt\/wp-content\/uploads\/2024\/11\/6_Alimentacao-PAULO-QUINTELA.jpg\" alt=\"\" class=\"wp-image-14437\" srcset=\"https:\/\/bojornal.pt\/wp-content\/uploads\/2024\/11\/6_Alimentacao-PAULO-QUINTELA.jpg 306w, https:\/\/bojornal.pt\/wp-content\/uploads\/2024\/11\/6_Alimentacao-PAULO-QUINTELA-300x152.jpg 300w, https:\/\/bojornal.pt\/wp-content\/uploads\/2024\/11\/6_Alimentacao-PAULO-QUINTELA-150x76.jpg 150w\" sizes=\"auto, (max-width: 306px) 100vw, 306px\" \/><\/figure>\n\n\n\n<figure class=\"wp-block-image size-large\"><img loading=\"lazy\" decoding=\"async\" width=\"306\" height=\"180\" data-id=\"14436\" src=\"https:\/\/bojornal.pt\/wp-content\/uploads\/2024\/11\/6_Alimentacao-PAULO-QUINTELA1.jpg\" alt=\"\" class=\"wp-image-14436\" srcset=\"https:\/\/bojornal.pt\/wp-content\/uploads\/2024\/11\/6_Alimentacao-PAULO-QUINTELA1.jpg 306w, https:\/\/bojornal.pt\/wp-content\/uploads\/2024\/11\/6_Alimentacao-PAULO-QUINTELA1-300x176.jpg 300w, https:\/\/bojornal.pt\/wp-content\/uploads\/2024\/11\/6_Alimentacao-PAULO-QUINTELA1-150x88.jpg 150w\" sizes=\"auto, (max-width: 306px) 100vw, 306px\" \/><\/figure>\n\n\n\n<figure class=\"wp-block-image size-large\"><img loading=\"lazy\" decoding=\"async\" width=\"301\" height=\"178\" data-id=\"14438\" src=\"https:\/\/bojornal.pt\/wp-content\/uploads\/2024\/11\/6_Alimentacao-PAULO-QUINTELA2.jpg\" alt=\"\" class=\"wp-image-14438\" srcset=\"https:\/\/bojornal.pt\/wp-content\/uploads\/2024\/11\/6_Alimentacao-PAULO-QUINTELA2.jpg 301w, https:\/\/bojornal.pt\/wp-content\/uploads\/2024\/11\/6_Alimentacao-PAULO-QUINTELA2-150x89.jpg 150w\" sizes=\"auto, (max-width: 301px) 100vw, 301px\" \/><\/figure>\n<\/figure>\n\n\n\n<p>No \u00e2mbito do cumprimento do Programa Nacional de Sa\u00fade Escolar do Agrupamento de Escolas Em\u00eddio Garcia, realizou-se na semana de <strong>14 a 18 de outubro de 2024<\/strong>, para as turmas de 5\u00ba e 6\u00ba anos de escolaridade da EB2 Paulo Quintela, uma atividade de sensibiliza\u00e7\u00e3o no \u00e2mbito da <strong>Sinaliza\u00e7\u00e3o do Dia Mundial da Alimenta\u00e7\u00e3o<\/strong>. Este ano com o tema \u201cDireito aos alimentos para uma vida e um futuro melhores &#8211; n\u00e3o deixar ningu\u00e9m para tr\u00e1s\u201d.<\/p>\n\n\n\n<p>Este ano, os alunos foram convidados a refletir sobre o tema mote onde se insere uma alimenta\u00e7\u00e3o saud\u00e1vel e tamb\u00e9m a acessibilidade \u00e0 mesma, elaborando trabalhos alusivos \u00e0 tem\u00e1tica, tais como cartazes sobre a import\u00e2ncia e a constitui\u00e7\u00e3o da Roda dos alimentos, a Pir\u00e2mide alimentar e material 3D (Jogos, Puzzles, constru\u00e7\u00f5es diversas) refletindo os conte\u00fados. Os trabalhos realizados foram divulgados para toda a comunidade escolar numa exposi\u00e7\u00e3o junto \u00e0 biblioteca da escola.<\/p>\n\n\n\n<p>Foi ainda promovida uma campanha de recolha de bens alimentares n\u00e3o perec\u00edveis, onde foi proposta \u00e0 comunidade educativa da escola a sua contribui\u00e7\u00e3o com um alimento destinado a uma institui\u00e7\u00e3o de solidariedade social da nossa cidade \u00e0 escolha dos alunos. A institui\u00e7\u00e3o selecionada foi a Obra Kolping.<\/p>\n\n\n\n<p>De entre os objetivos gerais da iniciativa, destaca-se:<\/p>\n\n\n\n<p>-Aumentar o n\u00edvel de literacia sobre a alimenta\u00e7\u00e3o e escolhas saud\u00e1veis;<\/p>\n\n\n\n<p>-Capacitar os alunos para o desenvolvimento de interven\u00e7\u00f5es de promo\u00e7\u00e3o da literacia sobre a alimenta\u00e7\u00e3o em contexto escolar;<\/p>\n\n\n\n<p>-Sensibilizar os alunos para a relev\u00e2ncia do combate ao desperd\u00edcio alimentar e promover uma vis\u00e3o positiva da partilha de bens e doa\u00e7\u00e3o de alimentos a quem mais necessita.<\/p>\n","protected":false},"excerpt":{"rendered":"<p>No \u00e2mbito do cumprimento do Programa Nacional de Sa\u00fade Escolar do Agrupamento de Escolas Em\u00eddio Garcia, realizou-se na semana de 14 a 18 de outubro de 2024, para as turmas de 5\u00ba e 6\u00ba&#46;&#46;&#46;<\/p>\n","protected":false},"author":2,"featured_media":14438,"comment_status":"closed","ping_status":"open","sticky":false,"template":"","format":"standard","meta":{"footnotes":""},"categories":[2],"tags":[],"class_list":["post-14435","post","type-post","status-publish","format-standard","has-post-thumbnail","hentry","category-atualidade"],"_links":{"self":[{"href":"https:\/\/bojornal.pt\/index.php?rest_route=\/wp\/v2\/posts\/14435","targetHints":{"allow":["GET"]}}],"collection":[{"href":"https:\/\/bojornal.pt\/index.php?rest_route=\/wp\/v2\/posts"}],"about":[{"href":"https:\/\/bojornal.pt\/index.php?rest_route=\/wp\/v2\/types\/post"}],"author":[{"embeddable":true,"href":"https:\/\/bojornal.pt\/index.php?rest_route=\/wp\/v2\/users\/2"}],"replies":[{"embeddable":true,"href":"https:\/\/bojornal.pt\/index.php?rest_route=%2Fwp%2Fv2%2Fcomments&post=14435"}],"version-history":[{"count":0,"href":"https:\/\/bojornal.pt\/index.php?rest_route=\/wp\/v2\/posts\/14435\/revisions"}],"wp:featuredmedia":[{"embeddable":true,"href":"https:\/\/bojornal.pt\/index.php?rest_route=\/wp\/v2\/media\/14438"}],"wp:attachment":[{"href":"https:\/\/bojornal.pt\/index.php?rest_route=%2Fwp%2Fv2%2Fmedia&parent=14435"}],"wp:term":[{"taxonomy":"category","embeddable":true,"href":"https:\/\/bojornal.pt\/index.php?rest_route=%2Fwp%2Fv2%2Fcategories&post=14435"},{"taxonomy":"post_tag","embeddable":true,"href":"https:\/\/bojornal.pt\/index.php?rest_route=%2Fwp%2Fv2%2Ftags&post=14435"}],"curies":[{"name":"wp","href":"https:\/\/api.w.org\/{rel}","templated":true}]}}