{"id":14411,"date":"2024-11-18T10:12:00","date_gmt":"2024-11-18T10:12:00","guid":{"rendered":"https:\/\/bojornal.pt\/?p=14411"},"modified":"2024-11-17T22:24:09","modified_gmt":"2024-11-17T22:24:09","slug":"alunos-participam-no-bebras","status":"publish","type":"post","link":"https:\/\/bojornal.pt\/?p=14411","title":{"rendered":"Alunos participam no Bebras"},"content":{"rendered":"\n<p><strong><em>Iniciativa de promo\u00e7\u00e3o do Pensamento Computacional <\/em><\/strong><\/p>\n\n\n\n<figure class=\"wp-block-gallery has-nested-images columns-default is-cropped wp-block-gallery-1 is-layout-flex wp-block-gallery-is-layout-flex\">\n<figure class=\"wp-block-image size-large\"><img loading=\"lazy\" decoding=\"async\" width=\"1024\" height=\"768\" data-id=\"14413\" src=\"https:\/\/bojornal.pt\/wp-content\/uploads\/2024\/11\/19_Bebras-3-1024x768.jpg\" alt=\"\" class=\"wp-image-14413\" srcset=\"https:\/\/bojornal.pt\/wp-content\/uploads\/2024\/11\/19_Bebras-3-1024x768.jpg 1024w, https:\/\/bojornal.pt\/wp-content\/uploads\/2024\/11\/19_Bebras-3-300x225.jpg 300w, https:\/\/bojornal.pt\/wp-content\/uploads\/2024\/11\/19_Bebras-3-150x113.jpg 150w, https:\/\/bojornal.pt\/wp-content\/uploads\/2024\/11\/19_Bebras-3-768x576.jpg 768w, https:\/\/bojornal.pt\/wp-content\/uploads\/2024\/11\/19_Bebras-3-1536x1152.jpg 1536w, https:\/\/bojornal.pt\/wp-content\/uploads\/2024\/11\/19_Bebras-3-2048x1536.jpg 2048w\" sizes=\"auto, (max-width: 1024px) 100vw, 1024px\" \/><\/figure>\n\n\n\n<figure class=\"wp-block-image size-large\"><img loading=\"lazy\" decoding=\"async\" width=\"1024\" height=\"768\" data-id=\"14415\" src=\"https:\/\/bojornal.pt\/wp-content\/uploads\/2024\/11\/19_Bebras-4-1024x768.jpg\" alt=\"\" class=\"wp-image-14415\" srcset=\"https:\/\/bojornal.pt\/wp-content\/uploads\/2024\/11\/19_Bebras-4-1024x768.jpg 1024w, https:\/\/bojornal.pt\/wp-content\/uploads\/2024\/11\/19_Bebras-4-300x225.jpg 300w, https:\/\/bojornal.pt\/wp-content\/uploads\/2024\/11\/19_Bebras-4-150x113.jpg 150w, https:\/\/bojornal.pt\/wp-content\/uploads\/2024\/11\/19_Bebras-4-768x576.jpg 768w, https:\/\/bojornal.pt\/wp-content\/uploads\/2024\/11\/19_Bebras-4-1536x1152.jpg 1536w, https:\/\/bojornal.pt\/wp-content\/uploads\/2024\/11\/19_Bebras-4-2048x1536.jpg 2048w\" sizes=\"auto, (max-width: 1024px) 100vw, 1024px\" \/><\/figure>\n\n\n\n<figure class=\"wp-block-image size-large\"><img loading=\"lazy\" decoding=\"async\" width=\"1024\" height=\"768\" data-id=\"14417\" src=\"https:\/\/bojornal.pt\/wp-content\/uploads\/2024\/11\/19_Bebras-5-1024x768.jpg\" alt=\"\" class=\"wp-image-14417\" srcset=\"https:\/\/bojornal.pt\/wp-content\/uploads\/2024\/11\/19_Bebras-5-1024x768.jpg 1024w, https:\/\/bojornal.pt\/wp-content\/uploads\/2024\/11\/19_Bebras-5-300x225.jpg 300w, https:\/\/bojornal.pt\/wp-content\/uploads\/2024\/11\/19_Bebras-5-150x113.jpg 150w, https:\/\/bojornal.pt\/wp-content\/uploads\/2024\/11\/19_Bebras-5-768x576.jpg 768w, https:\/\/bojornal.pt\/wp-content\/uploads\/2024\/11\/19_Bebras-5-1536x1152.jpg 1536w, https:\/\/bojornal.pt\/wp-content\/uploads\/2024\/11\/19_Bebras-5-2048x1536.jpg 2048w\" sizes=\"auto, (max-width: 1024px) 100vw, 1024px\" \/><\/figure>\n\n\n\n<figure class=\"wp-block-image size-large\"><img loading=\"lazy\" decoding=\"async\" width=\"1024\" height=\"768\" data-id=\"14414\" src=\"https:\/\/bojornal.pt\/wp-content\/uploads\/2024\/11\/19_Bebras-7-1024x768.jpg\" alt=\"\" class=\"wp-image-14414\" srcset=\"https:\/\/bojornal.pt\/wp-content\/uploads\/2024\/11\/19_Bebras-7-1024x768.jpg 1024w, https:\/\/bojornal.pt\/wp-content\/uploads\/2024\/11\/19_Bebras-7-300x225.jpg 300w, https:\/\/bojornal.pt\/wp-content\/uploads\/2024\/11\/19_Bebras-7-150x113.jpg 150w, https:\/\/bojornal.pt\/wp-content\/uploads\/2024\/11\/19_Bebras-7-768x576.jpg 768w, https:\/\/bojornal.pt\/wp-content\/uploads\/2024\/11\/19_Bebras-7-1536x1152.jpg 1536w, https:\/\/bojornal.pt\/wp-content\/uploads\/2024\/11\/19_Bebras-7-2048x1536.jpg 2048w\" sizes=\"auto, (max-width: 1024px) 100vw, 1024px\" \/><\/figure>\n<\/figure>\n\n\n\n<p>Os alunos do Agrupamento de Escolas Em\u00eddio Garcia participaram, no passado dia 15 de novembro, no Bebras. O Bebras \u00e9 uma iniciativa global que promove o Pensamento Computacional atrav\u00e9s de um desafio realizado em apenas 45 minutos. Destinada a alunos do 3.\u00ba ao 12.\u00ba ano, esta atividade incentiva a resolu\u00e7\u00e3o de problemas e o desenvolvimento de compet\u00eancias fundamentais para o futuro, como a decomposi\u00e7\u00e3o de problemas complexos, o reconhecimento de padr\u00f5es e a cria\u00e7\u00e3o de solu\u00e7\u00f5es inovadoras.<br \/>Pela primeira vez, o Agrupamento de Escolas Em\u00eddio Garcia aceitou este desafio, reconhecendo que este tipo de racioc\u00ednio prepara os alunos para um mundo cada vez mais marcado pela tecnologia e pela digitaliza\u00e7\u00e3o. Participar no Bebras n\u00e3o s\u00f3 torna os alunos mais cr\u00edticos e inovadores, como tamb\u00e9m os capacita para enfrentar os desafios de uma sociedade em constante evolu\u00e7\u00e3o.<\/p>\n","protected":false},"excerpt":{"rendered":"<p>Iniciativa de promo\u00e7\u00e3o do Pensamento Computacional Os alunos do Agrupamento de Escolas Em\u00eddio Garcia participaram, no passado dia 15 de novembro, no Bebras. O Bebras \u00e9 uma iniciativa global que promove o Pensamento Computacional&#46;&#46;&#46;<\/p>\n","protected":false},"author":2,"featured_media":14416,"comment_status":"closed","ping_status":"open","sticky":false,"template":"","format":"standard","meta":{"footnotes":""},"categories":[2,9,13,16],"tags":[],"class_list":["post-14411","post","type-post","status-publish","format-standard","has-post-thumbnail","hentry","category-atualidade","category-em-foco","category-escola-paulo-quintela","category-escola-secundaria-emidio-garcia"],"_links":{"self":[{"href":"https:\/\/bojornal.pt\/index.php?rest_route=\/wp\/v2\/posts\/14411","targetHints":{"allow":["GET"]}}],"collection":[{"href":"https:\/\/bojornal.pt\/index.php?rest_route=\/wp\/v2\/posts"}],"about":[{"href":"https:\/\/bojornal.pt\/index.php?rest_route=\/wp\/v2\/types\/post"}],"author":[{"embeddable":true,"href":"https:\/\/bojornal.pt\/index.php?rest_route=\/wp\/v2\/users\/2"}],"replies":[{"embeddable":true,"href":"https:\/\/bojornal.pt\/index.php?rest_route=%2Fwp%2Fv2%2Fcomments&post=14411"}],"version-history":[{"count":0,"href":"https:\/\/bojornal.pt\/index.php?rest_route=\/wp\/v2\/posts\/14411\/revisions"}],"wp:featuredmedia":[{"embeddable":true,"href":"https:\/\/bojornal.pt\/index.php?rest_route=\/wp\/v2\/media\/14416"}],"wp:attachment":[{"href":"https:\/\/bojornal.pt\/index.php?rest_route=%2Fwp%2Fv2%2Fmedia&parent=14411"}],"wp:term":[{"taxonomy":"category","embeddable":true,"href":"https:\/\/bojornal.pt\/index.php?rest_route=%2Fwp%2Fv2%2Fcategories&post=14411"},{"taxonomy":"post_tag","embeddable":true,"href":"https:\/\/bojornal.pt\/index.php?rest_route=%2Fwp%2Fv2%2Ftags&post=14411"}],"curies":[{"name":"wp","href":"https:\/\/api.w.org\/{rel}","templated":true}]}}