{"id":14334,"date":"2024-11-08T12:01:03","date_gmt":"2024-11-08T12:01:03","guid":{"rendered":"https:\/\/bojornal.pt\/?p=14334"},"modified":"2024-11-08T12:01:05","modified_gmt":"2024-11-08T12:01:05","slug":"exercicio-a-escala-total","status":"publish","type":"post","link":"https:\/\/bojornal.pt\/?p=14334","title":{"rendered":"&#8220;Exerc\u00edcio \u00e0 Escala Total&#8221;"},"content":{"rendered":"\n<p><strong><em>Alunos do Liceu participaram em simulacro, no Aer\u00f3dromo Municipal de Bragan\u00e7a<\/em><\/strong><\/p>\n\n\n\n<figure class=\"wp-block-gallery has-nested-images columns-default is-cropped wp-block-gallery-1 is-layout-flex wp-block-gallery-is-layout-flex\">\n<figure class=\"wp-block-image size-large\"><img loading=\"lazy\" decoding=\"async\" width=\"963\" height=\"642\" data-id=\"14336\" src=\"https:\/\/bojornal.pt\/wp-content\/uploads\/2024\/11\/IMG_3183.jpg\" alt=\"\" class=\"wp-image-14336\" srcset=\"https:\/\/bojornal.pt\/wp-content\/uploads\/2024\/11\/IMG_3183.jpg 963w, https:\/\/bojornal.pt\/wp-content\/uploads\/2024\/11\/IMG_3183-300x200.jpg 300w, https:\/\/bojornal.pt\/wp-content\/uploads\/2024\/11\/IMG_3183-150x100.jpg 150w, https:\/\/bojornal.pt\/wp-content\/uploads\/2024\/11\/IMG_3183-768x512.jpg 768w\" sizes=\"auto, (max-width: 963px) 100vw, 963px\" \/><\/figure>\n\n\n\n<figure class=\"wp-block-image size-large\"><img loading=\"lazy\" decoding=\"async\" width=\"963\" height=\"642\" data-id=\"14335\" src=\"https:\/\/bojornal.pt\/wp-content\/uploads\/2024\/11\/IMG_3260.jpg\" alt=\"\" class=\"wp-image-14335\" srcset=\"https:\/\/bojornal.pt\/wp-content\/uploads\/2024\/11\/IMG_3260.jpg 963w, https:\/\/bojornal.pt\/wp-content\/uploads\/2024\/11\/IMG_3260-300x200.jpg 300w, https:\/\/bojornal.pt\/wp-content\/uploads\/2024\/11\/IMG_3260-150x100.jpg 150w, https:\/\/bojornal.pt\/wp-content\/uploads\/2024\/11\/IMG_3260-768x512.jpg 768w\" sizes=\"auto, (max-width: 963px) 100vw, 963px\" \/><\/figure>\n\n\n\n<figure class=\"wp-block-image size-large\"><img loading=\"lazy\" decoding=\"async\" width=\"1024\" height=\"683\" data-id=\"14337\" src=\"https:\/\/bojornal.pt\/wp-content\/uploads\/2024\/11\/IMG_3301-1024x683.jpg\" alt=\"\" class=\"wp-image-14337\" srcset=\"https:\/\/bojornal.pt\/wp-content\/uploads\/2024\/11\/IMG_3301-1024x683.jpg 1024w, https:\/\/bojornal.pt\/wp-content\/uploads\/2024\/11\/IMG_3301-300x200.jpg 300w, https:\/\/bojornal.pt\/wp-content\/uploads\/2024\/11\/IMG_3301-150x100.jpg 150w, https:\/\/bojornal.pt\/wp-content\/uploads\/2024\/11\/IMG_3301-768x512.jpg 768w, https:\/\/bojornal.pt\/wp-content\/uploads\/2024\/11\/IMG_3301-1536x1024.jpg 1536w, https:\/\/bojornal.pt\/wp-content\/uploads\/2024\/11\/IMG_3301-2048x1365.jpg 2048w\" sizes=\"auto, (max-width: 1024px) 100vw, 1024px\" \/><\/figure>\n<\/figure>\n\n\n\n<p>O Aer\u00f3dromo Municipal de Bragan\u00e7a foi palco de um &#8220;Exerc\u00edcio \u00e0 Escala Total&#8221;: um simulacro para testar e aprimorar a capacidade de resposta a eventuais acidentes que ocorram nas suas infraestruturas, para al\u00e9m de fortalecer as capacidades de coordena\u00e7\u00e3o e comunica\u00e7\u00e3o entre as diversas entidades envolvidas, em situa\u00e7\u00f5es de emerg\u00eancia. O Agrupamento de Escolas Em\u00eddio Garcia marcou presen\u00e7a com 40 alunos do 2\u00ba e 3\u00ba anos do Curso Profissional T\u00e9cnico Animador Sociocultural e Auxiliar de Sa\u00fade que, representaram papeis de v\u00edtimas, familiares e amigos envolvidos no acidente com uma aeronave.<\/p>\n","protected":false},"excerpt":{"rendered":"<p>Alunos do Liceu participaram em simulacro, no Aer\u00f3dromo Municipal de Bragan\u00e7a O Aer\u00f3dromo Municipal de Bragan\u00e7a foi palco de um &#8220;Exerc\u00edcio \u00e0 Escala Total&#8221;: um simulacro para testar e aprimorar a capacidade de resposta&#46;&#46;&#46;<\/p>\n","protected":false},"author":2,"featured_media":14337,"comment_status":"closed","ping_status":"open","sticky":false,"template":"","format":"standard","meta":{"footnotes":""},"categories":[9,16],"tags":[],"class_list":["post-14334","post","type-post","status-publish","format-standard","has-post-thumbnail","hentry","category-em-foco","category-escola-secundaria-emidio-garcia"],"_links":{"self":[{"href":"https:\/\/bojornal.pt\/index.php?rest_route=\/wp\/v2\/posts\/14334","targetHints":{"allow":["GET"]}}],"collection":[{"href":"https:\/\/bojornal.pt\/index.php?rest_route=\/wp\/v2\/posts"}],"about":[{"href":"https:\/\/bojornal.pt\/index.php?rest_route=\/wp\/v2\/types\/post"}],"author":[{"embeddable":true,"href":"https:\/\/bojornal.pt\/index.php?rest_route=\/wp\/v2\/users\/2"}],"replies":[{"embeddable":true,"href":"https:\/\/bojornal.pt\/index.php?rest_route=%2Fwp%2Fv2%2Fcomments&post=14334"}],"version-history":[{"count":0,"href":"https:\/\/bojornal.pt\/index.php?rest_route=\/wp\/v2\/posts\/14334\/revisions"}],"wp:featuredmedia":[{"embeddable":true,"href":"https:\/\/bojornal.pt\/index.php?rest_route=\/wp\/v2\/media\/14337"}],"wp:attachment":[{"href":"https:\/\/bojornal.pt\/index.php?rest_route=%2Fwp%2Fv2%2Fmedia&parent=14334"}],"wp:term":[{"taxonomy":"category","embeddable":true,"href":"https:\/\/bojornal.pt\/index.php?rest_route=%2Fwp%2Fv2%2Fcategories&post=14334"},{"taxonomy":"post_tag","embeddable":true,"href":"https:\/\/bojornal.pt\/index.php?rest_route=%2Fwp%2Fv2%2Ftags&post=14334"}],"curies":[{"name":"wp","href":"https:\/\/api.w.org\/{rel}","templated":true}]}}