{"id":14311,"date":"2024-11-01T15:15:21","date_gmt":"2024-11-01T15:15:21","guid":{"rendered":"https:\/\/bojornal.pt\/?p=14311"},"modified":"2024-11-05T15:32:26","modified_gmt":"2024-11-05T15:32:26","slug":"corta-mato-escolar-3","status":"publish","type":"post","link":"https:\/\/bojornal.pt\/?p=14311","title":{"rendered":"Corta-mato escolar"},"content":{"rendered":"\n<p><strong><em>Conhecidos os apurados que ir\u00e3o representar o Agrupamento<\/em><\/strong><\/p>\n\n\n\n<figure class=\"wp-block-gallery has-nested-images columns-default is-cropped wp-block-gallery-1 is-layout-flex wp-block-gallery-is-layout-flex\">\n<figure class=\"wp-block-image size-large\"><img loading=\"lazy\" decoding=\"async\" width=\"1024\" height=\"768\" data-id=\"14322\" src=\"https:\/\/bojornal.pt\/wp-content\/uploads\/2024\/11\/WhatsApp-Image-2024-11-05-at-14.22.38-1-1024x768.jpeg\" alt=\"\" class=\"wp-image-14322\" srcset=\"https:\/\/bojornal.pt\/wp-content\/uploads\/2024\/11\/WhatsApp-Image-2024-11-05-at-14.22.38-1-1024x768.jpeg 1024w, https:\/\/bojornal.pt\/wp-content\/uploads\/2024\/11\/WhatsApp-Image-2024-11-05-at-14.22.38-1-300x225.jpeg 300w, https:\/\/bojornal.pt\/wp-content\/uploads\/2024\/11\/WhatsApp-Image-2024-11-05-at-14.22.38-1-150x113.jpeg 150w, https:\/\/bojornal.pt\/wp-content\/uploads\/2024\/11\/WhatsApp-Image-2024-11-05-at-14.22.38-1-768x576.jpeg 768w, https:\/\/bojornal.pt\/wp-content\/uploads\/2024\/11\/WhatsApp-Image-2024-11-05-at-14.22.38-1-1536x1152.jpeg 1536w, https:\/\/bojornal.pt\/wp-content\/uploads\/2024\/11\/WhatsApp-Image-2024-11-05-at-14.22.38-1.jpeg 2048w\" sizes=\"auto, (max-width: 1024px) 100vw, 1024px\" \/><\/figure>\n\n\n\n<figure class=\"wp-block-image size-large\"><img loading=\"lazy\" decoding=\"async\" width=\"768\" height=\"1024\" data-id=\"14317\" src=\"https:\/\/bojornal.pt\/wp-content\/uploads\/2024\/11\/WhatsApp-Image-2024-11-05-at-14.22.38-768x1024.jpeg\" alt=\"\" class=\"wp-image-14317\" srcset=\"https:\/\/bojornal.pt\/wp-content\/uploads\/2024\/11\/WhatsApp-Image-2024-11-05-at-14.22.38-768x1024.jpeg 768w, https:\/\/bojornal.pt\/wp-content\/uploads\/2024\/11\/WhatsApp-Image-2024-11-05-at-14.22.38-225x300.jpeg 225w, https:\/\/bojornal.pt\/wp-content\/uploads\/2024\/11\/WhatsApp-Image-2024-11-05-at-14.22.38-113x150.jpeg 113w, https:\/\/bojornal.pt\/wp-content\/uploads\/2024\/11\/WhatsApp-Image-2024-11-05-at-14.22.38-1152x1536.jpeg 1152w, https:\/\/bojornal.pt\/wp-content\/uploads\/2024\/11\/WhatsApp-Image-2024-11-05-at-14.22.38.jpeg 1536w\" sizes=\"auto, (max-width: 768px) 100vw, 768px\" \/><\/figure>\n\n\n\n<figure class=\"wp-block-image size-large\"><img loading=\"lazy\" decoding=\"async\" width=\"1024\" height=\"1001\" data-id=\"14321\" src=\"https:\/\/bojornal.pt\/wp-content\/uploads\/2024\/11\/WhatsApp-Image-2024-11-05-at-14.22.37-6-1024x1001.jpeg\" alt=\"\" class=\"wp-image-14321\" srcset=\"https:\/\/bojornal.pt\/wp-content\/uploads\/2024\/11\/WhatsApp-Image-2024-11-05-at-14.22.37-6-1024x1001.jpeg 1024w, https:\/\/bojornal.pt\/wp-content\/uploads\/2024\/11\/WhatsApp-Image-2024-11-05-at-14.22.37-6-300x293.jpeg 300w, https:\/\/bojornal.pt\/wp-content\/uploads\/2024\/11\/WhatsApp-Image-2024-11-05-at-14.22.37-6-150x147.jpeg 150w, https:\/\/bojornal.pt\/wp-content\/uploads\/2024\/11\/WhatsApp-Image-2024-11-05-at-14.22.37-6-768x750.jpeg 768w, https:\/\/bojornal.pt\/wp-content\/uploads\/2024\/11\/WhatsApp-Image-2024-11-05-at-14.22.37-6-1536x1501.jpeg 1536w\" sizes=\"auto, (max-width: 1024px) 100vw, 1024px\" \/><\/figure>\n\n\n\n<figure class=\"wp-block-image size-large\"><img loading=\"lazy\" decoding=\"async\" width=\"1024\" height=\"768\" data-id=\"14318\" src=\"https:\/\/bojornal.pt\/wp-content\/uploads\/2024\/11\/WhatsApp-Image-2024-11-05-at-14.22.37-4-1024x768.jpeg\" alt=\"\" class=\"wp-image-14318\" srcset=\"https:\/\/bojornal.pt\/wp-content\/uploads\/2024\/11\/WhatsApp-Image-2024-11-05-at-14.22.37-4-1024x768.jpeg 1024w, https:\/\/bojornal.pt\/wp-content\/uploads\/2024\/11\/WhatsApp-Image-2024-11-05-at-14.22.37-4-300x225.jpeg 300w, https:\/\/bojornal.pt\/wp-content\/uploads\/2024\/11\/WhatsApp-Image-2024-11-05-at-14.22.37-4-150x113.jpeg 150w, https:\/\/bojornal.pt\/wp-content\/uploads\/2024\/11\/WhatsApp-Image-2024-11-05-at-14.22.37-4-768x576.jpeg 768w, https:\/\/bojornal.pt\/wp-content\/uploads\/2024\/11\/WhatsApp-Image-2024-11-05-at-14.22.37-4-1536x1152.jpeg 1536w, https:\/\/bojornal.pt\/wp-content\/uploads\/2024\/11\/WhatsApp-Image-2024-11-05-at-14.22.37-4.jpeg 2048w\" sizes=\"auto, (max-width: 1024px) 100vw, 1024px\" \/><\/figure>\n\n\n\n<figure class=\"wp-block-image size-large\"><img loading=\"lazy\" decoding=\"async\" width=\"1024\" height=\"768\" data-id=\"14319\" src=\"https:\/\/bojornal.pt\/wp-content\/uploads\/2024\/11\/WhatsApp-Image-2024-11-05-at-14.22.37-3-1024x768.jpeg\" alt=\"\" class=\"wp-image-14319\" srcset=\"https:\/\/bojornal.pt\/wp-content\/uploads\/2024\/11\/WhatsApp-Image-2024-11-05-at-14.22.37-3-1024x768.jpeg 1024w, https:\/\/bojornal.pt\/wp-content\/uploads\/2024\/11\/WhatsApp-Image-2024-11-05-at-14.22.37-3-300x225.jpeg 300w, https:\/\/bojornal.pt\/wp-content\/uploads\/2024\/11\/WhatsApp-Image-2024-11-05-at-14.22.37-3-150x113.jpeg 150w, https:\/\/bojornal.pt\/wp-content\/uploads\/2024\/11\/WhatsApp-Image-2024-11-05-at-14.22.37-3-768x576.jpeg 768w, https:\/\/bojornal.pt\/wp-content\/uploads\/2024\/11\/WhatsApp-Image-2024-11-05-at-14.22.37-3-1536x1152.jpeg 1536w, https:\/\/bojornal.pt\/wp-content\/uploads\/2024\/11\/WhatsApp-Image-2024-11-05-at-14.22.37-3.jpeg 2048w\" sizes=\"auto, (max-width: 1024px) 100vw, 1024px\" \/><\/figure>\n\n\n\n<figure class=\"wp-block-image size-large\"><img loading=\"lazy\" decoding=\"async\" width=\"1013\" height=\"1024\" data-id=\"14320\" src=\"https:\/\/bojornal.pt\/wp-content\/uploads\/2024\/11\/WhatsApp-Image-2024-11-05-at-14.22.37-2-1013x1024.jpeg\" alt=\"\" class=\"wp-image-14320\" srcset=\"https:\/\/bojornal.pt\/wp-content\/uploads\/2024\/11\/WhatsApp-Image-2024-11-05-at-14.22.37-2-1013x1024.jpeg 1013w, https:\/\/bojornal.pt\/wp-content\/uploads\/2024\/11\/WhatsApp-Image-2024-11-05-at-14.22.37-2-297x300.jpeg 297w, https:\/\/bojornal.pt\/wp-content\/uploads\/2024\/11\/WhatsApp-Image-2024-11-05-at-14.22.37-2-148x150.jpeg 148w, https:\/\/bojornal.pt\/wp-content\/uploads\/2024\/11\/WhatsApp-Image-2024-11-05-at-14.22.37-2-768x776.jpeg 768w, https:\/\/bojornal.pt\/wp-content\/uploads\/2024\/11\/WhatsApp-Image-2024-11-05-at-14.22.37-2-1520x1536.jpeg 1520w, https:\/\/bojornal.pt\/wp-content\/uploads\/2024\/11\/WhatsApp-Image-2024-11-05-at-14.22.37-2-80x80.jpeg 80w, https:\/\/bojornal.pt\/wp-content\/uploads\/2024\/11\/WhatsApp-Image-2024-11-05-at-14.22.37-2.jpeg 2026w\" sizes=\"auto, (max-width: 1013px) 100vw, 1013px\" \/><\/figure>\n\n\n\n<figure class=\"wp-block-image size-large\"><img loading=\"lazy\" decoding=\"async\" width=\"1024\" height=\"936\" data-id=\"14323\" src=\"https:\/\/bojornal.pt\/wp-content\/uploads\/2024\/11\/WhatsApp-Image-2024-11-05-at-14.22.37-1-1024x936.jpeg\" alt=\"\" class=\"wp-image-14323\" srcset=\"https:\/\/bojornal.pt\/wp-content\/uploads\/2024\/11\/WhatsApp-Image-2024-11-05-at-14.22.37-1-1024x936.jpeg 1024w, https:\/\/bojornal.pt\/wp-content\/uploads\/2024\/11\/WhatsApp-Image-2024-11-05-at-14.22.37-1-300x274.jpeg 300w, https:\/\/bojornal.pt\/wp-content\/uploads\/2024\/11\/WhatsApp-Image-2024-11-05-at-14.22.37-1-150x137.jpeg 150w, https:\/\/bojornal.pt\/wp-content\/uploads\/2024\/11\/WhatsApp-Image-2024-11-05-at-14.22.37-1-768x702.jpeg 768w, https:\/\/bojornal.pt\/wp-content\/uploads\/2024\/11\/WhatsApp-Image-2024-11-05-at-14.22.37-1-1536x1403.jpeg 1536w\" sizes=\"auto, (max-width: 1024px) 100vw, 1024px\" \/><\/figure>\n\n\n\n<figure class=\"wp-block-image size-large\"><img loading=\"lazy\" decoding=\"async\" width=\"732\" height=\"941\" data-id=\"14316\" src=\"https:\/\/bojornal.pt\/wp-content\/uploads\/2024\/11\/WhatsApp-Image-2024-11-05-at-14.22.37.jpeg\" alt=\"\" class=\"wp-image-14316\" srcset=\"https:\/\/bojornal.pt\/wp-content\/uploads\/2024\/11\/WhatsApp-Image-2024-11-05-at-14.22.37.jpeg 732w, https:\/\/bojornal.pt\/wp-content\/uploads\/2024\/11\/WhatsApp-Image-2024-11-05-at-14.22.37-233x300.jpeg 233w, https:\/\/bojornal.pt\/wp-content\/uploads\/2024\/11\/WhatsApp-Image-2024-11-05-at-14.22.37-117x150.jpeg 117w\" sizes=\"auto, (max-width: 732px) 100vw, 732px\" \/><\/figure>\n\n\n\n<figure class=\"wp-block-image size-large\"><img loading=\"lazy\" decoding=\"async\" width=\"817\" height=\"920\" data-id=\"14315\" src=\"https:\/\/bojornal.pt\/wp-content\/uploads\/2024\/11\/WhatsApp-Image-2024-11-05-at-14.21.31-1.jpeg\" alt=\"\" class=\"wp-image-14315\" srcset=\"https:\/\/bojornal.pt\/wp-content\/uploads\/2024\/11\/WhatsApp-Image-2024-11-05-at-14.21.31-1.jpeg 817w, https:\/\/bojornal.pt\/wp-content\/uploads\/2024\/11\/WhatsApp-Image-2024-11-05-at-14.21.31-1-266x300.jpeg 266w, https:\/\/bojornal.pt\/wp-content\/uploads\/2024\/11\/WhatsApp-Image-2024-11-05-at-14.21.31-1-133x150.jpeg 133w, https:\/\/bojornal.pt\/wp-content\/uploads\/2024\/11\/WhatsApp-Image-2024-11-05-at-14.21.31-1-768x865.jpeg 768w\" sizes=\"auto, (max-width: 817px) 100vw, 817px\" \/><\/figure>\n\n\n\n<figure class=\"wp-block-image size-large\"><img loading=\"lazy\" decoding=\"async\" width=\"758\" height=\"878\" data-id=\"14314\" src=\"https:\/\/bojornal.pt\/wp-content\/uploads\/2024\/11\/WhatsApp-Image-2024-11-05-at-14.18.00-1.jpeg\" alt=\"\" class=\"wp-image-14314\" srcset=\"https:\/\/bojornal.pt\/wp-content\/uploads\/2024\/11\/WhatsApp-Image-2024-11-05-at-14.18.00-1.jpeg 758w, https:\/\/bojornal.pt\/wp-content\/uploads\/2024\/11\/WhatsApp-Image-2024-11-05-at-14.18.00-1-259x300.jpeg 259w, https:\/\/bojornal.pt\/wp-content\/uploads\/2024\/11\/WhatsApp-Image-2024-11-05-at-14.18.00-1-129x150.jpeg 129w\" sizes=\"auto, (max-width: 758px) 100vw, 758px\" \/><\/figure>\n<\/figure>\n\n\n\n<p>Realizou-se o Corta-mato, prova do Desporto Escolar com o apuramento dos qualificados que ir\u00e3o representar o Agrupamento \u00e0 fase regional.<\/p>\n\n\n\n<p><strong>Infantil A Feminino<\/strong><\/p>\n\n\n\n<p>1.\u00ba &#8211; In\u00eas Ferreira (5.\u00baF); 2.\u00ba &#8211; In\u00eas Martins (5.\u00baA); 3. Daniela Pires (5.\u00baG)<\/p>\n\n\n\n<p><strong>Infantil A &#8211; Masculino<\/strong><\/p>\n\n\n\n<p>1.\u00ba &#8211; David Carvalho (5.\u00baG); 2.\u00ba &#8211; Tiago Pereira (5.\u00baC), 3.\u00ba &#8211; Jo\u00e3o Ferro<\/p>\n\n\n\n<p><strong>Escola Paulo Quintela Infantil B &#8211; Feminino<\/strong><br \/>1.\u00ba lugar &#8211; CAROLINA CASTRO<br \/>2.\u00ba lugar &#8211; ALICE BORGES 6A<br \/>3.\u00ba lugar &#8211; LARA BATISTA<\/p>\n\n\n\n<p><strong>Escola Paulo Quintela Infantil B &#8211; Masculino<\/strong><br \/>1.\u00ba lugar JOS\u00c9 GON\u00c7ALVES 6D<br \/>2.\u00ba lugar CLAUDINO POLO 6D<br \/>3.\u00ba lugar PEDRO AFONSO 6A<br \/><br \/><strong>Infantil B Feminino<\/strong><br \/>1.\u00balugar &#8211; MARIANA SANTOS 7E<br \/>2.\u00ba lugar &#8211; LUCIANA PIRES 7E<br \/>3.\u00ba lugar &#8211; DIANA RODRIGUES 7E<br \/><br \/><strong>Infantil B Masculino<\/strong><br \/>1.\u00ba lugar  &#8211; GUILHERME SANTOS 7B<br \/>2.\u00ba lugar &#8211;  M\u00c1RIO MARTINS 7E<br \/>3.\u00ba lugar &#8211; RODRIGO PEREIRA 7B<br \/><br \/><strong>Iniciados Femininos<\/strong><br \/>1.\u00ba lugar &#8211; JOANA AFONSO 7C<br \/>2.\u00ba lugar &#8211; MARA RAMOS 7D<br \/><\/p>\n\n\n\n<p><br \/><strong>Iniciados Masculino<\/strong><br \/>1.\u00ba lugar &#8211; MARTIM HERDEIRO 9C<br \/>2.\u00ba lugar &#8211; MARTIM ALVES 9D<br \/>3 .\u00balugar &#8211; TOM\u00c1S LOPES 9C<br \/><br \/><strong>Juvenil Feminino<\/strong><br \/>1.\u00ba lugar &#8211; LARA TAVARES 12ASTAS<br \/>2.\u00ba lugar &#8211; ANA BEATRIZ 11F<br \/><br \/><strong>Juvenil Masculino<\/strong><br \/>1.\u00ba lugar &#8211; DIOGO RAMOS 12 D<br \/>2.\u00ba lugar &#8211; TOM\u00c1S LOPES 11E<br \/>3.\u00ba lugar &#8211; RODRIGO GON\u00c7ALVES 10E<\/p>\n","protected":false},"excerpt":{"rendered":"<p>Conhecidos os apurados que ir\u00e3o representar o Agrupamento Realizou-se o Corta-mato, prova do Desporto Escolar com o apuramento dos qualificados que ir\u00e3o representar o Agrupamento \u00e0 fase regional. Infantil A Feminino 1.\u00ba &#8211; In\u00eas&#46;&#46;&#46;<\/p>\n","protected":false},"author":2,"featured_media":14321,"comment_status":"closed","ping_status":"open","sticky":false,"template":"","format":"standard","meta":{"footnotes":""},"categories":[9,13,16],"tags":[],"class_list":["post-14311","post","type-post","status-publish","format-standard","has-post-thumbnail","hentry","category-em-foco","category-escola-paulo-quintela","category-escola-secundaria-emidio-garcia"],"_links":{"self":[{"href":"https:\/\/bojornal.pt\/index.php?rest_route=\/wp\/v2\/posts\/14311","targetHints":{"allow":["GET"]}}],"collection":[{"href":"https:\/\/bojornal.pt\/index.php?rest_route=\/wp\/v2\/posts"}],"about":[{"href":"https:\/\/bojornal.pt\/index.php?rest_route=\/wp\/v2\/types\/post"}],"author":[{"embeddable":true,"href":"https:\/\/bojornal.pt\/index.php?rest_route=\/wp\/v2\/users\/2"}],"replies":[{"embeddable":true,"href":"https:\/\/bojornal.pt\/index.php?rest_route=%2Fwp%2Fv2%2Fcomments&post=14311"}],"version-history":[{"count":0,"href":"https:\/\/bojornal.pt\/index.php?rest_route=\/wp\/v2\/posts\/14311\/revisions"}],"wp:featuredmedia":[{"embeddable":true,"href":"https:\/\/bojornal.pt\/index.php?rest_route=\/wp\/v2\/media\/14321"}],"wp:attachment":[{"href":"https:\/\/bojornal.pt\/index.php?rest_route=%2Fwp%2Fv2%2Fmedia&parent=14311"}],"wp:term":[{"taxonomy":"category","embeddable":true,"href":"https:\/\/bojornal.pt\/index.php?rest_route=%2Fwp%2Fv2%2Fcategories&post=14311"},{"taxonomy":"post_tag","embeddable":true,"href":"https:\/\/bojornal.pt\/index.php?rest_route=%2Fwp%2Fv2%2Ftags&post=14311"}],"curies":[{"name":"wp","href":"https:\/\/api.w.org\/{rel}","templated":true}]}}