{"id":14289,"date":"2024-10-22T11:16:32","date_gmt":"2024-10-22T10:16:32","guid":{"rendered":"https:\/\/bojornal.pt\/?p=14289"},"modified":"2024-11-05T11:33:58","modified_gmt":"2024-11-05T11:33:58","slug":"alunos-refletem-a-alimentacao-sustentavel-da-regiao","status":"publish","type":"post","link":"https:\/\/bojornal.pt\/?p=14289","title":{"rendered":"Alunos refletem a alimenta\u00e7\u00e3o sustent\u00e1vel da regi\u00e3o"},"content":{"rendered":"\n<p><strong><em>Corane promove projeto sob o tema: &#8220;Alimenta\u00e7\u00e3o Saud\u00e1vel e Sustent\u00e1vel nas Terras de Tr\u00e1s-os-Montes&#8221;<\/em><\/strong><\/p>\n\n\n\n<figure class=\"wp-block-image size-large\"><img loading=\"lazy\" decoding=\"async\" width=\"1024\" height=\"768\" src=\"https:\/\/bojornal.pt\/wp-content\/uploads\/2024\/11\/baa44076-7bbb-4746-bdb2-5b2bd9fb7e15-1024x768.jpg\" alt=\"\" class=\"wp-image-14290\" srcset=\"https:\/\/bojornal.pt\/wp-content\/uploads\/2024\/11\/baa44076-7bbb-4746-bdb2-5b2bd9fb7e15-1024x768.jpg 1024w, https:\/\/bojornal.pt\/wp-content\/uploads\/2024\/11\/baa44076-7bbb-4746-bdb2-5b2bd9fb7e15-300x225.jpg 300w, https:\/\/bojornal.pt\/wp-content\/uploads\/2024\/11\/baa44076-7bbb-4746-bdb2-5b2bd9fb7e15-150x113.jpg 150w, https:\/\/bojornal.pt\/wp-content\/uploads\/2024\/11\/baa44076-7bbb-4746-bdb2-5b2bd9fb7e15-768x576.jpg 768w, https:\/\/bojornal.pt\/wp-content\/uploads\/2024\/11\/baa44076-7bbb-4746-bdb2-5b2bd9fb7e15-1536x1152.jpg 1536w, https:\/\/bojornal.pt\/wp-content\/uploads\/2024\/11\/baa44076-7bbb-4746-bdb2-5b2bd9fb7e15.jpg 2048w\" sizes=\"auto, (max-width: 1024px) 100vw, 1024px\" \/><\/figure>\n\n\n\n<p>Os alunos do Curso Profissional de T\u00e9cnico Auxiliar de Sa\u00fade (PTAS), dos 10.\u00ba e 11.\u00ba anos, participaram, no dia 21 de outubro, no Projeto &#8220;Alimenta\u00e7\u00e3o Saud\u00e1vel e Sustent\u00e1vel nas Terras de Tr\u00e1s-os-Montes&#8221;, promovido pela CoraNE, ainda dentro da sinaliza\u00e7\u00e3o do Dia Mundial da Alimenta\u00e7\u00e3o. O projeto tem como objetivo a promo\u00e7\u00e3o de uma alimenta\u00e7\u00e3o saud\u00e1vel, econ\u00f3mica e sustent\u00e1vel nas Terras de Tr\u00e1s-os-Montes, tendo em conta a promo\u00e7\u00e3o da rela\u00e7\u00e3o entre os h\u00e1bitos de alimenta\u00e7\u00e3o saud\u00e1vel e o consumo de produtos regionais e locais.<\/p>\n\n\n\n<p>Ainda sobre o Dia Mundial da Alimenta\u00e7\u00e3o os alunos do PTAS3, em colabora\u00e7\u00e3o com a padaria de Gimonde, participaram no Workshop \u201cP\u00e3o de Sementes\u201d. No per\u00edodo da tarde disponibilizaram \u00e0 comunidade escolar p\u00e3es de cenoura roxa com sementes de girassol, de ab\u00f3bora com sementes de ab\u00f3bora e de beterraba com sementes de linha\u00e7a preta. O resultado da atividade de dia 14 de outubro reverteu para a ADAN (Associa\u00e7\u00e3o de Defesa Animal do Nordeste).<\/p>\n\n\n\n<figure class=\"wp-block-gallery has-nested-images columns-default is-cropped wp-block-gallery-1 is-layout-flex wp-block-gallery-is-layout-flex\">\n<figure class=\"wp-block-image size-large\"><img loading=\"lazy\" decoding=\"async\" width=\"768\" height=\"1024\" data-id=\"14298\" src=\"https:\/\/bojornal.pt\/wp-content\/uploads\/2024\/10\/6_Alimentacao_SEMENTES-1-768x1024.jpg\" alt=\"\" class=\"wp-image-14298\" srcset=\"https:\/\/bojornal.pt\/wp-content\/uploads\/2024\/10\/6_Alimentacao_SEMENTES-1-768x1024.jpg 768w, https:\/\/bojornal.pt\/wp-content\/uploads\/2024\/10\/6_Alimentacao_SEMENTES-1-225x300.jpg 225w, https:\/\/bojornal.pt\/wp-content\/uploads\/2024\/10\/6_Alimentacao_SEMENTES-1-113x150.jpg 113w, https:\/\/bojornal.pt\/wp-content\/uploads\/2024\/10\/6_Alimentacao_SEMENTES-1-1152x1536.jpg 1152w, https:\/\/bojornal.pt\/wp-content\/uploads\/2024\/10\/6_Alimentacao_SEMENTES-1-1536x2048.jpg 1536w, https:\/\/bojornal.pt\/wp-content\/uploads\/2024\/10\/6_Alimentacao_SEMENTES-1-scaled.jpg 1920w\" sizes=\"auto, (max-width: 768px) 100vw, 768px\" \/><\/figure>\n\n\n\n<figure class=\"wp-block-image size-large\"><img loading=\"lazy\" decoding=\"async\" width=\"768\" height=\"1024\" data-id=\"14297\" src=\"https:\/\/bojornal.pt\/wp-content\/uploads\/2024\/10\/6_Alimentacao_SEMENTES-2-768x1024.jpg\" alt=\"\" class=\"wp-image-14297\" srcset=\"https:\/\/bojornal.pt\/wp-content\/uploads\/2024\/10\/6_Alimentacao_SEMENTES-2-768x1024.jpg 768w, https:\/\/bojornal.pt\/wp-content\/uploads\/2024\/10\/6_Alimentacao_SEMENTES-2-225x300.jpg 225w, https:\/\/bojornal.pt\/wp-content\/uploads\/2024\/10\/6_Alimentacao_SEMENTES-2-113x150.jpg 113w, https:\/\/bojornal.pt\/wp-content\/uploads\/2024\/10\/6_Alimentacao_SEMENTES-2-1152x1536.jpg 1152w, https:\/\/bojornal.pt\/wp-content\/uploads\/2024\/10\/6_Alimentacao_SEMENTES-2-1536x2048.jpg 1536w, https:\/\/bojornal.pt\/wp-content\/uploads\/2024\/10\/6_Alimentacao_SEMENTES-2-scaled.jpg 1920w\" sizes=\"auto, (max-width: 768px) 100vw, 768px\" \/><\/figure>\n\n\n\n<figure class=\"wp-block-image size-large\"><img loading=\"lazy\" decoding=\"async\" width=\"1024\" height=\"768\" data-id=\"14295\" src=\"https:\/\/bojornal.pt\/wp-content\/uploads\/2024\/10\/6_Alimentacao_SEMENTES-3-1024x768.jpg\" alt=\"\" class=\"wp-image-14295\" srcset=\"https:\/\/bojornal.pt\/wp-content\/uploads\/2024\/10\/6_Alimentacao_SEMENTES-3-1024x768.jpg 1024w, https:\/\/bojornal.pt\/wp-content\/uploads\/2024\/10\/6_Alimentacao_SEMENTES-3-300x225.jpg 300w, https:\/\/bojornal.pt\/wp-content\/uploads\/2024\/10\/6_Alimentacao_SEMENTES-3-150x113.jpg 150w, https:\/\/bojornal.pt\/wp-content\/uploads\/2024\/10\/6_Alimentacao_SEMENTES-3-768x576.jpg 768w, https:\/\/bojornal.pt\/wp-content\/uploads\/2024\/10\/6_Alimentacao_SEMENTES-3-1536x1152.jpg 1536w, https:\/\/bojornal.pt\/wp-content\/uploads\/2024\/10\/6_Alimentacao_SEMENTES-3-2048x1536.jpg 2048w\" sizes=\"auto, (max-width: 1024px) 100vw, 1024px\" \/><\/figure>\n\n\n\n<figure class=\"wp-block-image size-large\"><img loading=\"lazy\" decoding=\"async\" width=\"768\" height=\"1024\" data-id=\"14296\" src=\"https:\/\/bojornal.pt\/wp-content\/uploads\/2024\/10\/6_Alimentacao_SEMENTES-4-768x1024.jpg\" alt=\"\" class=\"wp-image-14296\" srcset=\"https:\/\/bojornal.pt\/wp-content\/uploads\/2024\/10\/6_Alimentacao_SEMENTES-4-768x1024.jpg 768w, https:\/\/bojornal.pt\/wp-content\/uploads\/2024\/10\/6_Alimentacao_SEMENTES-4-225x300.jpg 225w, https:\/\/bojornal.pt\/wp-content\/uploads\/2024\/10\/6_Alimentacao_SEMENTES-4-113x150.jpg 113w, https:\/\/bojornal.pt\/wp-content\/uploads\/2024\/10\/6_Alimentacao_SEMENTES-4-1152x1536.jpg 1152w, https:\/\/bojornal.pt\/wp-content\/uploads\/2024\/10\/6_Alimentacao_SEMENTES-4-1536x2048.jpg 1536w, https:\/\/bojornal.pt\/wp-content\/uploads\/2024\/10\/6_Alimentacao_SEMENTES-4-scaled.jpg 1920w\" sizes=\"auto, (max-width: 768px) 100vw, 768px\" \/><\/figure>\n<\/figure>\n\n\n\n<p><\/p>\n","protected":false},"excerpt":{"rendered":"<p>Corane promove projeto sob o tema: &#8220;Alimenta\u00e7\u00e3o Saud\u00e1vel e Sustent\u00e1vel nas Terras de Tr\u00e1s-os-Montes&#8221; Os alunos do Curso Profissional de T\u00e9cnico Auxiliar de Sa\u00fade (PTAS), dos 10.\u00ba e 11.\u00ba anos, participaram, no dia 21&#46;&#46;&#46;<\/p>\n","protected":false},"author":2,"featured_media":14290,"comment_status":"closed","ping_status":"open","sticky":false,"template":"","format":"standard","meta":{"footnotes":""},"categories":[16],"tags":[],"class_list":["post-14289","post","type-post","status-publish","format-standard","has-post-thumbnail","hentry","category-escola-secundaria-emidio-garcia"],"_links":{"self":[{"href":"https:\/\/bojornal.pt\/index.php?rest_route=\/wp\/v2\/posts\/14289","targetHints":{"allow":["GET"]}}],"collection":[{"href":"https:\/\/bojornal.pt\/index.php?rest_route=\/wp\/v2\/posts"}],"about":[{"href":"https:\/\/bojornal.pt\/index.php?rest_route=\/wp\/v2\/types\/post"}],"author":[{"embeddable":true,"href":"https:\/\/bojornal.pt\/index.php?rest_route=\/wp\/v2\/users\/2"}],"replies":[{"embeddable":true,"href":"https:\/\/bojornal.pt\/index.php?rest_route=%2Fwp%2Fv2%2Fcomments&post=14289"}],"version-history":[{"count":0,"href":"https:\/\/bojornal.pt\/index.php?rest_route=\/wp\/v2\/posts\/14289\/revisions"}],"wp:featuredmedia":[{"embeddable":true,"href":"https:\/\/bojornal.pt\/index.php?rest_route=\/wp\/v2\/media\/14290"}],"wp:attachment":[{"href":"https:\/\/bojornal.pt\/index.php?rest_route=%2Fwp%2Fv2%2Fmedia&parent=14289"}],"wp:term":[{"taxonomy":"category","embeddable":true,"href":"https:\/\/bojornal.pt\/index.php?rest_route=%2Fwp%2Fv2%2Fcategories&post=14289"},{"taxonomy":"post_tag","embeddable":true,"href":"https:\/\/bojornal.pt\/index.php?rest_route=%2Fwp%2Fv2%2Ftags&post=14289"}],"curies":[{"name":"wp","href":"https:\/\/api.w.org\/{rel}","templated":true}]}}