{"id":14281,"date":"2024-10-22T11:02:37","date_gmt":"2024-10-22T10:02:37","guid":{"rendered":"https:\/\/bojornal.pt\/?p=14281"},"modified":"2024-11-05T11:13:55","modified_gmt":"2024-11-05T11:13:55","slug":"alunos-do-ptas-participam-em-seminario","status":"publish","type":"post","link":"https:\/\/bojornal.pt\/?p=14281","title":{"rendered":"Alunos do PTAS participam em Semin\u00e1rio"},"content":{"rendered":"\n<p><strong><em>&#8220;Preven\u00e7\u00e3o das Infe\u00e7\u00f5es Associadas aos Cuidados de Sa\u00fade&#8221; foi o tema<\/em><\/strong><\/p>\n\n\n\n<figure class=\"wp-block-gallery has-nested-images columns-default is-cropped wp-block-gallery-1 is-layout-flex wp-block-gallery-is-layout-flex\">\n<figure class=\"wp-block-image size-large\"><img loading=\"lazy\" decoding=\"async\" width=\"1024\" height=\"768\" data-id=\"14285\" src=\"https:\/\/bojornal.pt\/wp-content\/uploads\/2024\/11\/10_Seminario-Saude-1-1-1024x768.jpg\" alt=\"\" class=\"wp-image-14285\" srcset=\"https:\/\/bojornal.pt\/wp-content\/uploads\/2024\/11\/10_Seminario-Saude-1-1-1024x768.jpg 1024w, https:\/\/bojornal.pt\/wp-content\/uploads\/2024\/11\/10_Seminario-Saude-1-1-300x225.jpg 300w, https:\/\/bojornal.pt\/wp-content\/uploads\/2024\/11\/10_Seminario-Saude-1-1-150x113.jpg 150w, https:\/\/bojornal.pt\/wp-content\/uploads\/2024\/11\/10_Seminario-Saude-1-1-768x576.jpg 768w, https:\/\/bojornal.pt\/wp-content\/uploads\/2024\/11\/10_Seminario-Saude-1-1-1536x1152.jpg 1536w, https:\/\/bojornal.pt\/wp-content\/uploads\/2024\/11\/10_Seminario-Saude-1-1-2048x1536.jpg 2048w\" sizes=\"auto, (max-width: 1024px) 100vw, 1024px\" \/><\/figure>\n\n\n\n<figure class=\"wp-block-image size-large\"><img loading=\"lazy\" decoding=\"async\" width=\"1024\" height=\"768\" data-id=\"14287\" src=\"https:\/\/bojornal.pt\/wp-content\/uploads\/2024\/11\/10_Seminario-Saude-2-1-1024x768.jpg\" alt=\"\" class=\"wp-image-14287\" srcset=\"https:\/\/bojornal.pt\/wp-content\/uploads\/2024\/11\/10_Seminario-Saude-2-1-1024x768.jpg 1024w, https:\/\/bojornal.pt\/wp-content\/uploads\/2024\/11\/10_Seminario-Saude-2-1-300x225.jpg 300w, https:\/\/bojornal.pt\/wp-content\/uploads\/2024\/11\/10_Seminario-Saude-2-1-150x113.jpg 150w, https:\/\/bojornal.pt\/wp-content\/uploads\/2024\/11\/10_Seminario-Saude-2-1-768x576.jpg 768w, https:\/\/bojornal.pt\/wp-content\/uploads\/2024\/11\/10_Seminario-Saude-2-1-1536x1152.jpg 1536w, https:\/\/bojornal.pt\/wp-content\/uploads\/2024\/11\/10_Seminario-Saude-2-1-2048x1536.jpg 2048w\" sizes=\"auto, (max-width: 1024px) 100vw, 1024px\" \/><\/figure>\n\n\n\n<figure class=\"wp-block-image size-large\"><img loading=\"lazy\" decoding=\"async\" width=\"768\" height=\"1024\" data-id=\"14286\" src=\"https:\/\/bojornal.pt\/wp-content\/uploads\/2024\/11\/10_Seminario-Saude-3-1-768x1024.jpg\" alt=\"\" class=\"wp-image-14286\" srcset=\"https:\/\/bojornal.pt\/wp-content\/uploads\/2024\/11\/10_Seminario-Saude-3-1-768x1024.jpg 768w, https:\/\/bojornal.pt\/wp-content\/uploads\/2024\/11\/10_Seminario-Saude-3-1-225x300.jpg 225w, https:\/\/bojornal.pt\/wp-content\/uploads\/2024\/11\/10_Seminario-Saude-3-1-113x150.jpg 113w, https:\/\/bojornal.pt\/wp-content\/uploads\/2024\/11\/10_Seminario-Saude-3-1-1152x1536.jpg 1152w, https:\/\/bojornal.pt\/wp-content\/uploads\/2024\/11\/10_Seminario-Saude-3-1-1536x2048.jpg 1536w, https:\/\/bojornal.pt\/wp-content\/uploads\/2024\/11\/10_Seminario-Saude-3-1-scaled.jpg 1920w\" sizes=\"auto, (max-width: 768px) 100vw, 768px\" \/><\/figure>\n<\/figure>\n\n\n\n<p>Os alunos do Curso Profissional de T\u00e9cnico Auxiliar de Sa\u00fade (PTAS) aprofundaram os seus conhecimentos na \u00e1rea da sa\u00fade com a participa\u00e7\u00e3o no semin\u00e1rio, intitulado: \u201dPreven\u00e7\u00e3o das Infe\u00e7\u00f5es Associadas aos Cuidados de Sa\u00fade\u201d. Esta iniciativa, realizada no dia 7 de outubro, foi organizada e dinamizada pela Escola Superior de Sa\u00fade do IPB e contou com estudantes e profissionais da \u00e1rea da sa\u00fade. <\/p>\n\n\n\n<p><\/p>\n","protected":false},"excerpt":{"rendered":"<p>&#8220;Preven\u00e7\u00e3o das Infe\u00e7\u00f5es Associadas aos Cuidados de Sa\u00fade&#8221; foi o tema Os alunos do Curso Profissional de T\u00e9cnico Auxiliar de Sa\u00fade (PTAS) aprofundaram os seus conhecimentos na \u00e1rea da sa\u00fade com a participa\u00e7\u00e3o no&#46;&#46;&#46;<\/p>\n","protected":false},"author":2,"featured_media":14287,"comment_status":"closed","ping_status":"open","sticky":false,"template":"","format":"standard","meta":{"footnotes":""},"categories":[16],"tags":[],"class_list":["post-14281","post","type-post","status-publish","format-standard","has-post-thumbnail","hentry","category-escola-secundaria-emidio-garcia"],"_links":{"self":[{"href":"https:\/\/bojornal.pt\/index.php?rest_route=\/wp\/v2\/posts\/14281","targetHints":{"allow":["GET"]}}],"collection":[{"href":"https:\/\/bojornal.pt\/index.php?rest_route=\/wp\/v2\/posts"}],"about":[{"href":"https:\/\/bojornal.pt\/index.php?rest_route=\/wp\/v2\/types\/post"}],"author":[{"embeddable":true,"href":"https:\/\/bojornal.pt\/index.php?rest_route=\/wp\/v2\/users\/2"}],"replies":[{"embeddable":true,"href":"https:\/\/bojornal.pt\/index.php?rest_route=%2Fwp%2Fv2%2Fcomments&post=14281"}],"version-history":[{"count":0,"href":"https:\/\/bojornal.pt\/index.php?rest_route=\/wp\/v2\/posts\/14281\/revisions"}],"wp:featuredmedia":[{"embeddable":true,"href":"https:\/\/bojornal.pt\/index.php?rest_route=\/wp\/v2\/media\/14287"}],"wp:attachment":[{"href":"https:\/\/bojornal.pt\/index.php?rest_route=%2Fwp%2Fv2%2Fmedia&parent=14281"}],"wp:term":[{"taxonomy":"category","embeddable":true,"href":"https:\/\/bojornal.pt\/index.php?rest_route=%2Fwp%2Fv2%2Fcategories&post=14281"},{"taxonomy":"post_tag","embeddable":true,"href":"https:\/\/bojornal.pt\/index.php?rest_route=%2Fwp%2Fv2%2Ftags&post=14281"}],"curies":[{"name":"wp","href":"https:\/\/api.w.org\/{rel}","templated":true}]}}