{"id":14233,"date":"2024-10-29T19:03:52","date_gmt":"2024-10-29T19:03:52","guid":{"rendered":"https:\/\/bojornal.pt\/?p=14233"},"modified":"2024-10-29T19:03:54","modified_gmt":"2024-10-29T19:03:54","slug":"alunos-visitam-galiza","status":"publish","type":"post","link":"https:\/\/bojornal.pt\/?p=14233","title":{"rendered":"Alunos visitam Galiza"},"content":{"rendered":"\n<p><strong><em>Estudantes do 8.\u00baano, inscritos em EMRC e Espanhol conheceram Santiago De Compostela e A Corunha<\/em><\/strong><\/p>\n\n\n\n<figure class=\"wp-block-gallery has-nested-images columns-default is-cropped wp-block-gallery-1 is-layout-flex wp-block-gallery-is-layout-flex\">\n<figure class=\"wp-block-image size-large\"><img loading=\"lazy\" decoding=\"async\" width=\"576\" height=\"1024\" data-id=\"14235\" src=\"https:\/\/bojornal.pt\/wp-content\/uploads\/2024\/10\/Visita-a-Santiago-de-Compostela-e-Corunha-4-576x1024.jpeg\" alt=\"\" class=\"wp-image-14235\" srcset=\"https:\/\/bojornal.pt\/wp-content\/uploads\/2024\/10\/Visita-a-Santiago-de-Compostela-e-Corunha-4-576x1024.jpeg 576w, https:\/\/bojornal.pt\/wp-content\/uploads\/2024\/10\/Visita-a-Santiago-de-Compostela-e-Corunha-4-169x300.jpeg 169w, https:\/\/bojornal.pt\/wp-content\/uploads\/2024\/10\/Visita-a-Santiago-de-Compostela-e-Corunha-4-84x150.jpeg 84w, https:\/\/bojornal.pt\/wp-content\/uploads\/2024\/10\/Visita-a-Santiago-de-Compostela-e-Corunha-4-768x1365.jpeg 768w, https:\/\/bojornal.pt\/wp-content\/uploads\/2024\/10\/Visita-a-Santiago-de-Compostela-e-Corunha-4-864x1536.jpeg 864w, https:\/\/bojornal.pt\/wp-content\/uploads\/2024\/10\/Visita-a-Santiago-de-Compostela-e-Corunha-4.jpeg 1125w\" sizes=\"auto, (max-width: 576px) 100vw, 576px\" \/><\/figure>\n\n\n\n<figure class=\"wp-block-image size-large\"><img loading=\"lazy\" decoding=\"async\" width=\"576\" height=\"1024\" data-id=\"14234\" src=\"https:\/\/bojornal.pt\/wp-content\/uploads\/2024\/10\/Visita-ao-Planetario_Galiza-2-576x1024.jpeg\" alt=\"\" class=\"wp-image-14234\" srcset=\"https:\/\/bojornal.pt\/wp-content\/uploads\/2024\/10\/Visita-ao-Planetario_Galiza-2-576x1024.jpeg 576w, https:\/\/bojornal.pt\/wp-content\/uploads\/2024\/10\/Visita-ao-Planetario_Galiza-2-169x300.jpeg 169w, https:\/\/bojornal.pt\/wp-content\/uploads\/2024\/10\/Visita-ao-Planetario_Galiza-2-84x150.jpeg 84w, https:\/\/bojornal.pt\/wp-content\/uploads\/2024\/10\/Visita-ao-Planetario_Galiza-2-768x1365.jpeg 768w, https:\/\/bojornal.pt\/wp-content\/uploads\/2024\/10\/Visita-ao-Planetario_Galiza-2-864x1536.jpeg 864w, https:\/\/bojornal.pt\/wp-content\/uploads\/2024\/10\/Visita-ao-Planetario_Galiza-2.jpeg 900w\" sizes=\"auto, (max-width: 576px) 100vw, 576px\" \/><\/figure>\n\n\n\n<figure class=\"wp-block-image size-large\"><img loading=\"lazy\" decoding=\"async\" width=\"681\" height=\"1024\" data-id=\"14236\" src=\"https:\/\/bojornal.pt\/wp-content\/uploads\/2024\/10\/Visita-Corunha-31-681x1024.jpg\" alt=\"\" class=\"wp-image-14236\" srcset=\"https:\/\/bojornal.pt\/wp-content\/uploads\/2024\/10\/Visita-Corunha-31-681x1024.jpg 681w, https:\/\/bojornal.pt\/wp-content\/uploads\/2024\/10\/Visita-Corunha-31-199x300.jpg 199w, https:\/\/bojornal.pt\/wp-content\/uploads\/2024\/10\/Visita-Corunha-31-100x150.jpg 100w, https:\/\/bojornal.pt\/wp-content\/uploads\/2024\/10\/Visita-Corunha-31-768x1155.jpg 768w, https:\/\/bojornal.pt\/wp-content\/uploads\/2024\/10\/Visita-Corunha-31-1021x1536.jpg 1021w, https:\/\/bojornal.pt\/wp-content\/uploads\/2024\/10\/Visita-Corunha-31-1362x2048.jpg 1362w, https:\/\/bojornal.pt\/wp-content\/uploads\/2024\/10\/Visita-Corunha-31-scaled.jpg 1702w\" sizes=\"auto, (max-width: 681px) 100vw, 681px\" \/><\/figure>\n\n\n\n<figure class=\"wp-block-image size-large\"><img loading=\"lazy\" decoding=\"async\" width=\"1024\" height=\"681\" data-id=\"14238\" src=\"https:\/\/bojornal.pt\/wp-content\/uploads\/2024\/10\/Visita-Corunha-39-1024x681.jpg\" alt=\"\" class=\"wp-image-14238\" srcset=\"https:\/\/bojornal.pt\/wp-content\/uploads\/2024\/10\/Visita-Corunha-39-1024x681.jpg 1024w, https:\/\/bojornal.pt\/wp-content\/uploads\/2024\/10\/Visita-Corunha-39-300x199.jpg 300w, https:\/\/bojornal.pt\/wp-content\/uploads\/2024\/10\/Visita-Corunha-39-150x100.jpg 150w, https:\/\/bojornal.pt\/wp-content\/uploads\/2024\/10\/Visita-Corunha-39-768x511.jpg 768w, https:\/\/bojornal.pt\/wp-content\/uploads\/2024\/10\/Visita-Corunha-39-1536x1021.jpg 1536w, https:\/\/bojornal.pt\/wp-content\/uploads\/2024\/10\/Visita-Corunha-39-2048x1362.jpg 2048w\" sizes=\"auto, (max-width: 1024px) 100vw, 1024px\" \/><\/figure>\n\n\n\n<figure class=\"wp-block-image size-large\"><img loading=\"lazy\" decoding=\"async\" width=\"1024\" height=\"681\" data-id=\"14237\" src=\"https:\/\/bojornal.pt\/wp-content\/uploads\/2024\/10\/Visita-Corunha-40-1024x681.jpg\" alt=\"\" class=\"wp-image-14237\" srcset=\"https:\/\/bojornal.pt\/wp-content\/uploads\/2024\/10\/Visita-Corunha-40-1024x681.jpg 1024w, https:\/\/bojornal.pt\/wp-content\/uploads\/2024\/10\/Visita-Corunha-40-300x199.jpg 300w, https:\/\/bojornal.pt\/wp-content\/uploads\/2024\/10\/Visita-Corunha-40-150x100.jpg 150w, https:\/\/bojornal.pt\/wp-content\/uploads\/2024\/10\/Visita-Corunha-40-768x511.jpg 768w, https:\/\/bojornal.pt\/wp-content\/uploads\/2024\/10\/Visita-Corunha-40-1536x1021.jpg 1536w, https:\/\/bojornal.pt\/wp-content\/uploads\/2024\/10\/Visita-Corunha-40-2048x1362.jpg 2048w\" sizes=\"auto, (max-width: 1024px) 100vw, 1024px\" \/><\/figure>\n\n\n\n<figure class=\"wp-block-image size-large\"><img loading=\"lazy\" decoding=\"async\" width=\"1024\" height=\"681\" data-id=\"14240\" src=\"https:\/\/bojornal.pt\/wp-content\/uploads\/2024\/10\/Visita-Corunha-41-1024x681.jpg\" alt=\"\" class=\"wp-image-14240\" srcset=\"https:\/\/bojornal.pt\/wp-content\/uploads\/2024\/10\/Visita-Corunha-41-1024x681.jpg 1024w, https:\/\/bojornal.pt\/wp-content\/uploads\/2024\/10\/Visita-Corunha-41-300x199.jpg 300w, https:\/\/bojornal.pt\/wp-content\/uploads\/2024\/10\/Visita-Corunha-41-150x100.jpg 150w, https:\/\/bojornal.pt\/wp-content\/uploads\/2024\/10\/Visita-Corunha-41-768x511.jpg 768w, https:\/\/bojornal.pt\/wp-content\/uploads\/2024\/10\/Visita-Corunha-41-1536x1021.jpg 1536w, https:\/\/bojornal.pt\/wp-content\/uploads\/2024\/10\/Visita-Corunha-41-2048x1362.jpg 2048w\" sizes=\"auto, (max-width: 1024px) 100vw, 1024px\" \/><\/figure>\n<\/figure>\n\n\n\n<figure class=\"wp-block-gallery has-nested-images columns-default is-cropped wp-block-gallery-2 is-layout-flex wp-block-gallery-is-layout-flex\">\n<figure class=\"wp-block-image size-large\"><img loading=\"lazy\" decoding=\"async\" width=\"1024\" height=\"681\" data-id=\"14243\" src=\"https:\/\/bojornal.pt\/wp-content\/uploads\/2024\/10\/Visita-Corunha-49-1024x681.jpg\" alt=\"\" class=\"wp-image-14243\" srcset=\"https:\/\/bojornal.pt\/wp-content\/uploads\/2024\/10\/Visita-Corunha-49-1024x681.jpg 1024w, https:\/\/bojornal.pt\/wp-content\/uploads\/2024\/10\/Visita-Corunha-49-300x199.jpg 300w, https:\/\/bojornal.pt\/wp-content\/uploads\/2024\/10\/Visita-Corunha-49-150x100.jpg 150w, https:\/\/bojornal.pt\/wp-content\/uploads\/2024\/10\/Visita-Corunha-49-768x511.jpg 768w, https:\/\/bojornal.pt\/wp-content\/uploads\/2024\/10\/Visita-Corunha-49-1536x1021.jpg 1536w, https:\/\/bojornal.pt\/wp-content\/uploads\/2024\/10\/Visita-Corunha-49-2048x1362.jpg 2048w\" sizes=\"auto, (max-width: 1024px) 100vw, 1024px\" \/><\/figure>\n\n\n\n<figure class=\"wp-block-image size-large\"><img loading=\"lazy\" decoding=\"async\" width=\"1024\" height=\"681\" data-id=\"14247\" src=\"https:\/\/bojornal.pt\/wp-content\/uploads\/2024\/10\/Visita-Corunha-57-1024x681.jpg\" alt=\"\" class=\"wp-image-14247\" srcset=\"https:\/\/bojornal.pt\/wp-content\/uploads\/2024\/10\/Visita-Corunha-57-1024x681.jpg 1024w, https:\/\/bojornal.pt\/wp-content\/uploads\/2024\/10\/Visita-Corunha-57-300x199.jpg 300w, https:\/\/bojornal.pt\/wp-content\/uploads\/2024\/10\/Visita-Corunha-57-150x100.jpg 150w, https:\/\/bojornal.pt\/wp-content\/uploads\/2024\/10\/Visita-Corunha-57-768x511.jpg 768w, https:\/\/bojornal.pt\/wp-content\/uploads\/2024\/10\/Visita-Corunha-57-1536x1021.jpg 1536w, https:\/\/bojornal.pt\/wp-content\/uploads\/2024\/10\/Visita-Corunha-57-2048x1362.jpg 2048w\" sizes=\"auto, (max-width: 1024px) 100vw, 1024px\" \/><\/figure>\n\n\n\n<figure class=\"wp-block-image size-large\"><img loading=\"lazy\" decoding=\"async\" width=\"1024\" height=\"778\" data-id=\"14241\" src=\"https:\/\/bojornal.pt\/wp-content\/uploads\/2024\/10\/Visita-Corunha-59-1024x778.jpg\" alt=\"\" class=\"wp-image-14241\" srcset=\"https:\/\/bojornal.pt\/wp-content\/uploads\/2024\/10\/Visita-Corunha-59-1024x778.jpg 1024w, https:\/\/bojornal.pt\/wp-content\/uploads\/2024\/10\/Visita-Corunha-59-300x228.jpg 300w, https:\/\/bojornal.pt\/wp-content\/uploads\/2024\/10\/Visita-Corunha-59-150x114.jpg 150w, https:\/\/bojornal.pt\/wp-content\/uploads\/2024\/10\/Visita-Corunha-59-768x583.jpg 768w, https:\/\/bojornal.pt\/wp-content\/uploads\/2024\/10\/Visita-Corunha-59-1536x1166.jpg 1536w, https:\/\/bojornal.pt\/wp-content\/uploads\/2024\/10\/Visita-Corunha-59-2048x1555.jpg 2048w\" sizes=\"auto, (max-width: 1024px) 100vw, 1024px\" \/><\/figure>\n<\/figure>\n\n\n\n<figure class=\"wp-block-gallery has-nested-images columns-default is-cropped wp-block-gallery-3 is-layout-flex wp-block-gallery-is-layout-flex\">\n<figure class=\"wp-block-image size-large\"><img loading=\"lazy\" decoding=\"async\" width=\"1024\" height=\"681\" data-id=\"14253\" src=\"https:\/\/bojornal.pt\/wp-content\/uploads\/2024\/10\/Visita-Corunha22-1024x681.jpg\" alt=\"\" class=\"wp-image-14253\" srcset=\"https:\/\/bojornal.pt\/wp-content\/uploads\/2024\/10\/Visita-Corunha22-1024x681.jpg 1024w, https:\/\/bojornal.pt\/wp-content\/uploads\/2024\/10\/Visita-Corunha22-300x199.jpg 300w, https:\/\/bojornal.pt\/wp-content\/uploads\/2024\/10\/Visita-Corunha22-150x100.jpg 150w, https:\/\/bojornal.pt\/wp-content\/uploads\/2024\/10\/Visita-Corunha22-768x511.jpg 768w, https:\/\/bojornal.pt\/wp-content\/uploads\/2024\/10\/Visita-Corunha22-1536x1021.jpg 1536w, https:\/\/bojornal.pt\/wp-content\/uploads\/2024\/10\/Visita-Corunha22-2048x1362.jpg 2048w\" sizes=\"auto, (max-width: 1024px) 100vw, 1024px\" \/><\/figure>\n\n\n\n<figure class=\"wp-block-image size-large\"><img loading=\"lazy\" decoding=\"async\" width=\"1024\" height=\"681\" data-id=\"14248\" src=\"https:\/\/bojornal.pt\/wp-content\/uploads\/2024\/10\/Visita-Corunha24-1024x681.jpg\" alt=\"\" class=\"wp-image-14248\" srcset=\"https:\/\/bojornal.pt\/wp-content\/uploads\/2024\/10\/Visita-Corunha24-1024x681.jpg 1024w, https:\/\/bojornal.pt\/wp-content\/uploads\/2024\/10\/Visita-Corunha24-300x199.jpg 300w, https:\/\/bojornal.pt\/wp-content\/uploads\/2024\/10\/Visita-Corunha24-150x100.jpg 150w, https:\/\/bojornal.pt\/wp-content\/uploads\/2024\/10\/Visita-Corunha24-768x511.jpg 768w, https:\/\/bojornal.pt\/wp-content\/uploads\/2024\/10\/Visita-Corunha24-1536x1021.jpg 1536w, https:\/\/bojornal.pt\/wp-content\/uploads\/2024\/10\/Visita-Corunha24-2048x1362.jpg 2048w\" sizes=\"auto, (max-width: 1024px) 100vw, 1024px\" \/><\/figure>\n\n\n\n<figure class=\"wp-block-image size-large\"><img loading=\"lazy\" decoding=\"async\" width=\"1024\" height=\"681\" data-id=\"14250\" src=\"https:\/\/bojornal.pt\/wp-content\/uploads\/2024\/10\/Visita-Corunha26-1024x681.jpg\" alt=\"\" class=\"wp-image-14250\" srcset=\"https:\/\/bojornal.pt\/wp-content\/uploads\/2024\/10\/Visita-Corunha26-1024x681.jpg 1024w, https:\/\/bojornal.pt\/wp-content\/uploads\/2024\/10\/Visita-Corunha26-300x199.jpg 300w, https:\/\/bojornal.pt\/wp-content\/uploads\/2024\/10\/Visita-Corunha26-150x100.jpg 150w, https:\/\/bojornal.pt\/wp-content\/uploads\/2024\/10\/Visita-Corunha26-768x511.jpg 768w, https:\/\/bojornal.pt\/wp-content\/uploads\/2024\/10\/Visita-Corunha26-1536x1021.jpg 1536w, https:\/\/bojornal.pt\/wp-content\/uploads\/2024\/10\/Visita-Corunha26-2048x1362.jpg 2048w\" sizes=\"auto, (max-width: 1024px) 100vw, 1024px\" \/><\/figure>\n\n\n\n<figure class=\"wp-block-image size-large\"><img loading=\"lazy\" decoding=\"async\" width=\"1024\" height=\"681\" data-id=\"14249\" src=\"https:\/\/bojornal.pt\/wp-content\/uploads\/2024\/10\/Visita-Corunha29-1024x681.jpg\" alt=\"\" class=\"wp-image-14249\" srcset=\"https:\/\/bojornal.pt\/wp-content\/uploads\/2024\/10\/Visita-Corunha29-1024x681.jpg 1024w, https:\/\/bojornal.pt\/wp-content\/uploads\/2024\/10\/Visita-Corunha29-300x199.jpg 300w, https:\/\/bojornal.pt\/wp-content\/uploads\/2024\/10\/Visita-Corunha29-150x100.jpg 150w, https:\/\/bojornal.pt\/wp-content\/uploads\/2024\/10\/Visita-Corunha29-768x511.jpg 768w, https:\/\/bojornal.pt\/wp-content\/uploads\/2024\/10\/Visita-Corunha29-1536x1021.jpg 1536w, https:\/\/bojornal.pt\/wp-content\/uploads\/2024\/10\/Visita-Corunha29-2048x1362.jpg 2048w\" sizes=\"auto, (max-width: 1024px) 100vw, 1024px\" \/><\/figure>\n\n\n\n<figure class=\"wp-block-image size-large\"><img loading=\"lazy\" decoding=\"async\" width=\"1024\" height=\"782\" data-id=\"14252\" src=\"https:\/\/bojornal.pt\/wp-content\/uploads\/2024\/10\/Visita-Corunha30-1024x782.jpg\" alt=\"\" class=\"wp-image-14252\" srcset=\"https:\/\/bojornal.pt\/wp-content\/uploads\/2024\/10\/Visita-Corunha30-1024x782.jpg 1024w, https:\/\/bojornal.pt\/wp-content\/uploads\/2024\/10\/Visita-Corunha30-300x229.jpg 300w, https:\/\/bojornal.pt\/wp-content\/uploads\/2024\/10\/Visita-Corunha30-150x114.jpg 150w, https:\/\/bojornal.pt\/wp-content\/uploads\/2024\/10\/Visita-Corunha30-768x586.jpg 768w, https:\/\/bojornal.pt\/wp-content\/uploads\/2024\/10\/Visita-Corunha30-1536x1172.jpg 1536w, https:\/\/bojornal.pt\/wp-content\/uploads\/2024\/10\/Visita-Corunha30-2048x1563.jpg 2048w\" sizes=\"auto, (max-width: 1024px) 100vw, 1024px\" \/><\/figure>\n<\/figure>\n\n\n\n<figure class=\"wp-block-gallery has-nested-images columns-default is-cropped wp-block-gallery-4 is-layout-flex wp-block-gallery-is-layout-flex\">\n<figure class=\"wp-block-image size-large\"><img loading=\"lazy\" decoding=\"async\" width=\"768\" height=\"1024\" data-id=\"14254\" src=\"https:\/\/bojornal.pt\/wp-content\/uploads\/2024\/10\/Visita-a-Santiago-de-Compostela-e-Corunha-6-768x1024.jpeg\" alt=\"\" class=\"wp-image-14254\" srcset=\"https:\/\/bojornal.pt\/wp-content\/uploads\/2024\/10\/Visita-a-Santiago-de-Compostela-e-Corunha-6-768x1024.jpeg 768w, https:\/\/bojornal.pt\/wp-content\/uploads\/2024\/10\/Visita-a-Santiago-de-Compostela-e-Corunha-6-225x300.jpeg 225w, https:\/\/bojornal.pt\/wp-content\/uploads\/2024\/10\/Visita-a-Santiago-de-Compostela-e-Corunha-6-113x150.jpeg 113w, https:\/\/bojornal.pt\/wp-content\/uploads\/2024\/10\/Visita-a-Santiago-de-Compostela-e-Corunha-6-1152x1536.jpeg 1152w, https:\/\/bojornal.pt\/wp-content\/uploads\/2024\/10\/Visita-a-Santiago-de-Compostela-e-Corunha-6.jpeg 1200w\" sizes=\"auto, (max-width: 768px) 100vw, 768px\" \/><\/figure>\n\n\n\n<figure class=\"wp-block-image size-large\"><img loading=\"lazy\" decoding=\"async\" width=\"1024\" height=\"681\" data-id=\"14255\" src=\"https:\/\/bojornal.pt\/wp-content\/uploads\/2024\/10\/Visita-Corunha2-1024x681.jpg\" alt=\"\" class=\"wp-image-14255\" srcset=\"https:\/\/bojornal.pt\/wp-content\/uploads\/2024\/10\/Visita-Corunha2-1024x681.jpg 1024w, https:\/\/bojornal.pt\/wp-content\/uploads\/2024\/10\/Visita-Corunha2-300x199.jpg 300w, https:\/\/bojornal.pt\/wp-content\/uploads\/2024\/10\/Visita-Corunha2-150x100.jpg 150w, https:\/\/bojornal.pt\/wp-content\/uploads\/2024\/10\/Visita-Corunha2-768x511.jpg 768w, https:\/\/bojornal.pt\/wp-content\/uploads\/2024\/10\/Visita-Corunha2-1536x1021.jpg 1536w, https:\/\/bojornal.pt\/wp-content\/uploads\/2024\/10\/Visita-Corunha2-2048x1362.jpg 2048w\" sizes=\"auto, (max-width: 1024px) 100vw, 1024px\" \/><\/figure>\n<\/figure>\n\n\n\n<p>Os alunos da Escola Em\u00eddio Garcia deslocaram-se \u00e0 Galiza, numa visita de estudo a Santiago de Compostela e Corunha. Os 96 jovens estudantes tiveram a oportunidade de participar em diversas din\u00e2micas, numa iniciativa que visa o desenvolvimento da forma\u00e7\u00e3o integral dos estudantes. A nossa aluna Ana Rodrigues, conta-nos, na primeira pessoa, esta aventura:<\/p>\n\n\n\n<p class=\"has-text-align-left\">&#8220;Nos dias 25 e 26 de outubro realizamos a viagem de estudo de 8\u00b0 ano \u00e0 Corunha e a Santiago de Compostela, duas cidades muito bonitas e cativantes de se visitar. No primeiro dia, visitamos A Corunha onde fomos a diversos museus, entre eles o Museu Nacional da Ci\u00eancia e Tecnologia onde contactamos com diversos fen\u00f3menos interessantes. Conhecemos, por exemplo, o funcionamento de um avi\u00e3o e realizamos muitos jogos de descoberta.  Depois, fomos almo\u00e7ar \u00e0 Casa do Homem, com uma bel\u00edssima vista para o mar. Posteriormente, participamos nas diversas atividades e experi\u00eancias disponibilizadas naquele espa\u00e7o.  J\u00e1 quase no final da tarde deslocamo-nos \u00e0 Torre de H\u00e9rcules antes de visitarmos a Casa das Ci\u00eancias e o Planet\u00e1rio. Aqui, tivemos a oportunidade de participar em diversos jogos e aprender muito mais sobre o Planeta e a Lua, com uma proje\u00e7\u00e3o, no teto, de um pequeno filme, uma das atra\u00e7\u00f5es mais interessante. Para finalizar, ficamos hospedados no Albergue Monte do Gozo, em Santiago de Compostela, onde jantamos, divertimo-nos e dormimos. J\u00e1 no segundo dia, visitamos a Catedral  e a cidade de Santiago de Compostela que s\u00e3o deslumbrantes. Apesar de serem muitas horas de viagem, dentro do autocarro, esta atividade foi muito interessante e correu bastante bem, os espa\u00e7os eram apelativos e fomos bem recebidos. Na minha opini\u00e3o, o Planet\u00e1rio foi o espa\u00e7o que mais me cativou mas, em geral, gostei de tudo&#8221;.<\/p>\n\n\n\n<p class=\"has-text-align-right\"><strong><em>Ana Rodrigues, 8.\u00b0E<\/em><\/strong><\/p>\n","protected":false},"excerpt":{"rendered":"<p>Estudantes do 8.\u00baano, inscritos em EMRC e Espanhol conheceram Santiago De Compostela e A Corunha Os alunos da Escola Em\u00eddio Garcia deslocaram-se \u00e0 Galiza, numa visita de estudo a Santiago de Compostela e Corunha.&#46;&#46;&#46;<\/p>\n","protected":false},"author":2,"featured_media":14254,"comment_status":"closed","ping_status":"open","sticky":false,"template":"","format":"standard","meta":{"footnotes":""},"categories":[2,9,16],"tags":[],"class_list":["post-14233","post","type-post","status-publish","format-standard","has-post-thumbnail","hentry","category-atualidade","category-em-foco","category-escola-secundaria-emidio-garcia"],"_links":{"self":[{"href":"https:\/\/bojornal.pt\/index.php?rest_route=\/wp\/v2\/posts\/14233","targetHints":{"allow":["GET"]}}],"collection":[{"href":"https:\/\/bojornal.pt\/index.php?rest_route=\/wp\/v2\/posts"}],"about":[{"href":"https:\/\/bojornal.pt\/index.php?rest_route=\/wp\/v2\/types\/post"}],"author":[{"embeddable":true,"href":"https:\/\/bojornal.pt\/index.php?rest_route=\/wp\/v2\/users\/2"}],"replies":[{"embeddable":true,"href":"https:\/\/bojornal.pt\/index.php?rest_route=%2Fwp%2Fv2%2Fcomments&post=14233"}],"version-history":[{"count":0,"href":"https:\/\/bojornal.pt\/index.php?rest_route=\/wp\/v2\/posts\/14233\/revisions"}],"wp:featuredmedia":[{"embeddable":true,"href":"https:\/\/bojornal.pt\/index.php?rest_route=\/wp\/v2\/media\/14254"}],"wp:attachment":[{"href":"https:\/\/bojornal.pt\/index.php?rest_route=%2Fwp%2Fv2%2Fmedia&parent=14233"}],"wp:term":[{"taxonomy":"category","embeddable":true,"href":"https:\/\/bojornal.pt\/index.php?rest_route=%2Fwp%2Fv2%2Fcategories&post=14233"},{"taxonomy":"post_tag","embeddable":true,"href":"https:\/\/bojornal.pt\/index.php?rest_route=%2Fwp%2Fv2%2Ftags&post=14233"}],"curies":[{"name":"wp","href":"https:\/\/api.w.org\/{rel}","templated":true}]}}