{"id":14216,"date":"2024-10-17T16:04:58","date_gmt":"2024-10-17T15:04:58","guid":{"rendered":"https:\/\/bojornal.pt\/?p=14216"},"modified":"2024-10-18T16:13:14","modified_gmt":"2024-10-18T15:13:14","slug":"campo-redondo-promove-alimentacao-saudavel","status":"publish","type":"post","link":"https:\/\/bojornal.pt\/?p=14216","title":{"rendered":"Campo Redondo promove alimenta\u00e7\u00e3o saud\u00e1vel"},"content":{"rendered":"\n<p><strong>Equipa do &#8220;Continente&#8221; fez uma a\u00e7\u00e3o de sensibiliza\u00e7\u00e3o direcionada aos alunos do 1.\u00baciclo<\/strong><\/p>\n\n\n\n<figure class=\"wp-block-gallery has-nested-images columns-default is-cropped wp-block-gallery-1 is-layout-flex wp-block-gallery-is-layout-flex\">\n<figure class=\"wp-block-image size-large\"><img loading=\"lazy\" decoding=\"async\" width=\"1024\" height=\"768\" data-id=\"14217\" src=\"https:\/\/bojornal.pt\/wp-content\/uploads\/2024\/10\/WhatsApp-Image-2024-10-17-at-07.44.21-1-1024x768.jpeg\" alt=\"\" class=\"wp-image-14217\" srcset=\"https:\/\/bojornal.pt\/wp-content\/uploads\/2024\/10\/WhatsApp-Image-2024-10-17-at-07.44.21-1-1024x768.jpeg 1024w, https:\/\/bojornal.pt\/wp-content\/uploads\/2024\/10\/WhatsApp-Image-2024-10-17-at-07.44.21-1-300x225.jpeg 300w, https:\/\/bojornal.pt\/wp-content\/uploads\/2024\/10\/WhatsApp-Image-2024-10-17-at-07.44.21-1-150x113.jpeg 150w, https:\/\/bojornal.pt\/wp-content\/uploads\/2024\/10\/WhatsApp-Image-2024-10-17-at-07.44.21-1-768x576.jpeg 768w, https:\/\/bojornal.pt\/wp-content\/uploads\/2024\/10\/WhatsApp-Image-2024-10-17-at-07.44.21-1-1536x1152.jpeg 1536w, https:\/\/bojornal.pt\/wp-content\/uploads\/2024\/10\/WhatsApp-Image-2024-10-17-at-07.44.21-1.jpeg 1600w\" sizes=\"auto, (max-width: 1024px) 100vw, 1024px\" \/><\/figure>\n\n\n\n<figure class=\"wp-block-image size-large\"><img loading=\"lazy\" decoding=\"async\" width=\"1024\" height=\"768\" data-id=\"14220\" src=\"https:\/\/bojornal.pt\/wp-content\/uploads\/2024\/10\/WhatsApp-Image-2024-10-17-at-07.44.21-1024x768.jpeg\" alt=\"\" class=\"wp-image-14220\" srcset=\"https:\/\/bojornal.pt\/wp-content\/uploads\/2024\/10\/WhatsApp-Image-2024-10-17-at-07.44.21-1024x768.jpeg 1024w, https:\/\/bojornal.pt\/wp-content\/uploads\/2024\/10\/WhatsApp-Image-2024-10-17-at-07.44.21-300x225.jpeg 300w, https:\/\/bojornal.pt\/wp-content\/uploads\/2024\/10\/WhatsApp-Image-2024-10-17-at-07.44.21-150x113.jpeg 150w, https:\/\/bojornal.pt\/wp-content\/uploads\/2024\/10\/WhatsApp-Image-2024-10-17-at-07.44.21-768x576.jpeg 768w, https:\/\/bojornal.pt\/wp-content\/uploads\/2024\/10\/WhatsApp-Image-2024-10-17-at-07.44.21-1536x1152.jpeg 1536w, https:\/\/bojornal.pt\/wp-content\/uploads\/2024\/10\/WhatsApp-Image-2024-10-17-at-07.44.21.jpeg 1600w\" sizes=\"auto, (max-width: 1024px) 100vw, 1024px\" \/><\/figure>\n\n\n\n<figure class=\"wp-block-image size-large\"><img loading=\"lazy\" decoding=\"async\" width=\"1024\" height=\"768\" data-id=\"14225\" src=\"https:\/\/bojornal.pt\/wp-content\/uploads\/2024\/10\/WhatsApp-Image-2024-10-17-at-07.44.20-6-1024x768.jpeg\" alt=\"\" class=\"wp-image-14225\" srcset=\"https:\/\/bojornal.pt\/wp-content\/uploads\/2024\/10\/WhatsApp-Image-2024-10-17-at-07.44.20-6-1024x768.jpeg 1024w, https:\/\/bojornal.pt\/wp-content\/uploads\/2024\/10\/WhatsApp-Image-2024-10-17-at-07.44.20-6-300x225.jpeg 300w, https:\/\/bojornal.pt\/wp-content\/uploads\/2024\/10\/WhatsApp-Image-2024-10-17-at-07.44.20-6-150x113.jpeg 150w, https:\/\/bojornal.pt\/wp-content\/uploads\/2024\/10\/WhatsApp-Image-2024-10-17-at-07.44.20-6-768x576.jpeg 768w, https:\/\/bojornal.pt\/wp-content\/uploads\/2024\/10\/WhatsApp-Image-2024-10-17-at-07.44.20-6-1536x1152.jpeg 1536w, https:\/\/bojornal.pt\/wp-content\/uploads\/2024\/10\/WhatsApp-Image-2024-10-17-at-07.44.20-6.jpeg 1600w\" sizes=\"auto, (max-width: 1024px) 100vw, 1024px\" \/><\/figure>\n\n\n\n<figure class=\"wp-block-image size-large\"><img loading=\"lazy\" decoding=\"async\" width=\"1024\" height=\"768\" data-id=\"14223\" src=\"https:\/\/bojornal.pt\/wp-content\/uploads\/2024\/10\/WhatsApp-Image-2024-10-17-at-07.44.20-5-1024x768.jpeg\" alt=\"\" class=\"wp-image-14223\" srcset=\"https:\/\/bojornal.pt\/wp-content\/uploads\/2024\/10\/WhatsApp-Image-2024-10-17-at-07.44.20-5-1024x768.jpeg 1024w, https:\/\/bojornal.pt\/wp-content\/uploads\/2024\/10\/WhatsApp-Image-2024-10-17-at-07.44.20-5-300x225.jpeg 300w, https:\/\/bojornal.pt\/wp-content\/uploads\/2024\/10\/WhatsApp-Image-2024-10-17-at-07.44.20-5-150x113.jpeg 150w, https:\/\/bojornal.pt\/wp-content\/uploads\/2024\/10\/WhatsApp-Image-2024-10-17-at-07.44.20-5-768x576.jpeg 768w, https:\/\/bojornal.pt\/wp-content\/uploads\/2024\/10\/WhatsApp-Image-2024-10-17-at-07.44.20-5-1536x1152.jpeg 1536w, https:\/\/bojornal.pt\/wp-content\/uploads\/2024\/10\/WhatsApp-Image-2024-10-17-at-07.44.20-5.jpeg 1600w\" sizes=\"auto, (max-width: 1024px) 100vw, 1024px\" \/><\/figure>\n\n\n\n<figure class=\"wp-block-image size-large\"><img loading=\"lazy\" decoding=\"async\" width=\"1024\" height=\"768\" data-id=\"14219\" src=\"https:\/\/bojornal.pt\/wp-content\/uploads\/2024\/10\/WhatsApp-Image-2024-10-17-at-07.44.20-4-1024x768.jpeg\" alt=\"\" class=\"wp-image-14219\" srcset=\"https:\/\/bojornal.pt\/wp-content\/uploads\/2024\/10\/WhatsApp-Image-2024-10-17-at-07.44.20-4-1024x768.jpeg 1024w, https:\/\/bojornal.pt\/wp-content\/uploads\/2024\/10\/WhatsApp-Image-2024-10-17-at-07.44.20-4-300x225.jpeg 300w, https:\/\/bojornal.pt\/wp-content\/uploads\/2024\/10\/WhatsApp-Image-2024-10-17-at-07.44.20-4-150x113.jpeg 150w, https:\/\/bojornal.pt\/wp-content\/uploads\/2024\/10\/WhatsApp-Image-2024-10-17-at-07.44.20-4-768x576.jpeg 768w, https:\/\/bojornal.pt\/wp-content\/uploads\/2024\/10\/WhatsApp-Image-2024-10-17-at-07.44.20-4-1536x1152.jpeg 1536w, https:\/\/bojornal.pt\/wp-content\/uploads\/2024\/10\/WhatsApp-Image-2024-10-17-at-07.44.20-4.jpeg 1600w\" sizes=\"auto, (max-width: 1024px) 100vw, 1024px\" \/><\/figure>\n\n\n\n<figure class=\"wp-block-image size-large\"><img loading=\"lazy\" decoding=\"async\" width=\"1024\" height=\"768\" data-id=\"14224\" src=\"https:\/\/bojornal.pt\/wp-content\/uploads\/2024\/10\/WhatsApp-Image-2024-10-17-at-07.44.20-3-1024x768.jpeg\" alt=\"\" class=\"wp-image-14224\" srcset=\"https:\/\/bojornal.pt\/wp-content\/uploads\/2024\/10\/WhatsApp-Image-2024-10-17-at-07.44.20-3-1024x768.jpeg 1024w, https:\/\/bojornal.pt\/wp-content\/uploads\/2024\/10\/WhatsApp-Image-2024-10-17-at-07.44.20-3-300x225.jpeg 300w, https:\/\/bojornal.pt\/wp-content\/uploads\/2024\/10\/WhatsApp-Image-2024-10-17-at-07.44.20-3-150x113.jpeg 150w, https:\/\/bojornal.pt\/wp-content\/uploads\/2024\/10\/WhatsApp-Image-2024-10-17-at-07.44.20-3-768x576.jpeg 768w, https:\/\/bojornal.pt\/wp-content\/uploads\/2024\/10\/WhatsApp-Image-2024-10-17-at-07.44.20-3-1536x1152.jpeg 1536w, https:\/\/bojornal.pt\/wp-content\/uploads\/2024\/10\/WhatsApp-Image-2024-10-17-at-07.44.20-3.jpeg 1600w\" sizes=\"auto, (max-width: 1024px) 100vw, 1024px\" \/><\/figure>\n\n\n\n<figure class=\"wp-block-image size-large\"><img loading=\"lazy\" decoding=\"async\" width=\"1024\" height=\"966\" data-id=\"14221\" src=\"https:\/\/bojornal.pt\/wp-content\/uploads\/2024\/10\/WhatsApp-Image-2024-10-17-at-07.44.20-2-1024x966.jpeg\" alt=\"\" class=\"wp-image-14221\" srcset=\"https:\/\/bojornal.pt\/wp-content\/uploads\/2024\/10\/WhatsApp-Image-2024-10-17-at-07.44.20-2-1024x966.jpeg 1024w, https:\/\/bojornal.pt\/wp-content\/uploads\/2024\/10\/WhatsApp-Image-2024-10-17-at-07.44.20-2-300x283.jpeg 300w, https:\/\/bojornal.pt\/wp-content\/uploads\/2024\/10\/WhatsApp-Image-2024-10-17-at-07.44.20-2-150x142.jpeg 150w, https:\/\/bojornal.pt\/wp-content\/uploads\/2024\/10\/WhatsApp-Image-2024-10-17-at-07.44.20-2-768x725.jpeg 768w, https:\/\/bojornal.pt\/wp-content\/uploads\/2024\/10\/WhatsApp-Image-2024-10-17-at-07.44.20-2-1536x1450.jpeg 1536w, https:\/\/bojornal.pt\/wp-content\/uploads\/2024\/10\/WhatsApp-Image-2024-10-17-at-07.44.20-2.jpeg 1600w\" sizes=\"auto, (max-width: 1024px) 100vw, 1024px\" \/><\/figure>\n\n\n\n<figure class=\"wp-block-image size-large\"><img loading=\"lazy\" decoding=\"async\" width=\"1024\" height=\"768\" data-id=\"14218\" src=\"https:\/\/bojornal.pt\/wp-content\/uploads\/2024\/10\/WhatsApp-Image-2024-10-17-at-07.44.20-1-1024x768.jpeg\" alt=\"\" class=\"wp-image-14218\" srcset=\"https:\/\/bojornal.pt\/wp-content\/uploads\/2024\/10\/WhatsApp-Image-2024-10-17-at-07.44.20-1-1024x768.jpeg 1024w, https:\/\/bojornal.pt\/wp-content\/uploads\/2024\/10\/WhatsApp-Image-2024-10-17-at-07.44.20-1-300x225.jpeg 300w, https:\/\/bojornal.pt\/wp-content\/uploads\/2024\/10\/WhatsApp-Image-2024-10-17-at-07.44.20-1-150x113.jpeg 150w, https:\/\/bojornal.pt\/wp-content\/uploads\/2024\/10\/WhatsApp-Image-2024-10-17-at-07.44.20-1-768x576.jpeg 768w, https:\/\/bojornal.pt\/wp-content\/uploads\/2024\/10\/WhatsApp-Image-2024-10-17-at-07.44.20-1-1536x1152.jpeg 1536w, https:\/\/bojornal.pt\/wp-content\/uploads\/2024\/10\/WhatsApp-Image-2024-10-17-at-07.44.20-1.jpeg 1600w\" sizes=\"auto, (max-width: 1024px) 100vw, 1024px\" \/><\/figure>\n\n\n\n<figure class=\"wp-block-image size-large\"><img loading=\"lazy\" decoding=\"async\" width=\"1024\" height=\"768\" data-id=\"14222\" src=\"https:\/\/bojornal.pt\/wp-content\/uploads\/2024\/10\/WhatsApp-Image-2024-10-17-at-07.44.20-1024x768.jpeg\" alt=\"\" class=\"wp-image-14222\" srcset=\"https:\/\/bojornal.pt\/wp-content\/uploads\/2024\/10\/WhatsApp-Image-2024-10-17-at-07.44.20-1024x768.jpeg 1024w, https:\/\/bojornal.pt\/wp-content\/uploads\/2024\/10\/WhatsApp-Image-2024-10-17-at-07.44.20-300x225.jpeg 300w, https:\/\/bojornal.pt\/wp-content\/uploads\/2024\/10\/WhatsApp-Image-2024-10-17-at-07.44.20-150x113.jpeg 150w, https:\/\/bojornal.pt\/wp-content\/uploads\/2024\/10\/WhatsApp-Image-2024-10-17-at-07.44.20-768x576.jpeg 768w, https:\/\/bojornal.pt\/wp-content\/uploads\/2024\/10\/WhatsApp-Image-2024-10-17-at-07.44.20-1536x1152.jpeg 1536w, https:\/\/bojornal.pt\/wp-content\/uploads\/2024\/10\/WhatsApp-Image-2024-10-17-at-07.44.20.jpeg 1600w\" sizes=\"auto, (max-width: 1024px) 100vw, 1024px\" \/><\/figure>\n<\/figure>\n\n\n\n<p>Os alunos da Escola B\u00e1sica do Campo Redondo tiveram a oportunidade de celebrar o Dia Mundial da Alimenta\u00e7\u00e3o atrav\u00e9s de atividades relacionadas com a import\u00e2ncia da alimenta\u00e7\u00e3o saud\u00e1vel. Esta iniciativa foi orientada, no dia 16 de outubro, pelo grupo &#8220;Continente&#8221; que dinamizou a a\u00e7\u00e3o com atividades relacionadas com a import\u00e2ncia de mantermos uma alimenta\u00e7\u00e3o equilibrada. <\/p>\n","protected":false},"excerpt":{"rendered":"<p>Equipa do &#8220;Continente&#8221; fez uma a\u00e7\u00e3o de sensibiliza\u00e7\u00e3o direcionada aos alunos do 1.\u00baciclo Os alunos da Escola B\u00e1sica do Campo Redondo tiveram a oportunidade de celebrar o Dia Mundial da Alimenta\u00e7\u00e3o atrav\u00e9s de atividades&#46;&#46;&#46;<\/p>\n","protected":false},"author":2,"featured_media":14223,"comment_status":"closed","ping_status":"open","sticky":false,"template":"","format":"standard","meta":{"footnotes":""},"categories":[14,9],"tags":[],"class_list":["post-14216","post","type-post","status-publish","format-standard","has-post-thumbnail","hentry","category-1o-ciclo","category-em-foco"],"_links":{"self":[{"href":"https:\/\/bojornal.pt\/index.php?rest_route=\/wp\/v2\/posts\/14216","targetHints":{"allow":["GET"]}}],"collection":[{"href":"https:\/\/bojornal.pt\/index.php?rest_route=\/wp\/v2\/posts"}],"about":[{"href":"https:\/\/bojornal.pt\/index.php?rest_route=\/wp\/v2\/types\/post"}],"author":[{"embeddable":true,"href":"https:\/\/bojornal.pt\/index.php?rest_route=\/wp\/v2\/users\/2"}],"replies":[{"embeddable":true,"href":"https:\/\/bojornal.pt\/index.php?rest_route=%2Fwp%2Fv2%2Fcomments&post=14216"}],"version-history":[{"count":0,"href":"https:\/\/bojornal.pt\/index.php?rest_route=\/wp\/v2\/posts\/14216\/revisions"}],"wp:featuredmedia":[{"embeddable":true,"href":"https:\/\/bojornal.pt\/index.php?rest_route=\/wp\/v2\/media\/14223"}],"wp:attachment":[{"href":"https:\/\/bojornal.pt\/index.php?rest_route=%2Fwp%2Fv2%2Fmedia&parent=14216"}],"wp:term":[{"taxonomy":"category","embeddable":true,"href":"https:\/\/bojornal.pt\/index.php?rest_route=%2Fwp%2Fv2%2Fcategories&post=14216"},{"taxonomy":"post_tag","embeddable":true,"href":"https:\/\/bojornal.pt\/index.php?rest_route=%2Fwp%2Fv2%2Ftags&post=14216"}],"curies":[{"name":"wp","href":"https:\/\/api.w.org\/{rel}","templated":true}]}}