{"id":14205,"date":"2024-10-17T20:02:56","date_gmt":"2024-10-17T19:02:56","guid":{"rendered":"https:\/\/bojornal.pt\/?p=14205"},"modified":"2024-10-17T20:20:33","modified_gmt":"2024-10-17T19:20:33","slug":"acao-de-sensibilizacao-sobre-consumo-de-energia","status":"publish","type":"post","link":"https:\/\/bojornal.pt\/?p=14205","title":{"rendered":"A\u00e7\u00e3o de sensibiliza\u00e7\u00e3o sobre consumo de energia"},"content":{"rendered":"\n<p><strong><em>Alunos do 8.\u00ba e 9.\u00ba anos abordaram a tem\u00e1tica: transi\u00e7\u00e3o energ\u00e9tica<\/em><\/strong><\/p>\n\n\n\n<figure class=\"wp-block-gallery has-nested-images columns-default is-cropped wp-block-gallery-1 is-layout-flex wp-block-gallery-is-layout-flex\">\n<figure class=\"wp-block-image size-large\"><img loading=\"lazy\" decoding=\"async\" width=\"1024\" height=\"768\" data-id=\"14206\" src=\"https:\/\/bojornal.pt\/wp-content\/uploads\/2024\/10\/WhatsApp-Image-2024-10-16-at-13.47.33-1-1024x768.jpeg\" alt=\"\" class=\"wp-image-14206\" srcset=\"https:\/\/bojornal.pt\/wp-content\/uploads\/2024\/10\/WhatsApp-Image-2024-10-16-at-13.47.33-1-1024x768.jpeg 1024w, https:\/\/bojornal.pt\/wp-content\/uploads\/2024\/10\/WhatsApp-Image-2024-10-16-at-13.47.33-1-300x225.jpeg 300w, https:\/\/bojornal.pt\/wp-content\/uploads\/2024\/10\/WhatsApp-Image-2024-10-16-at-13.47.33-1-150x113.jpeg 150w, https:\/\/bojornal.pt\/wp-content\/uploads\/2024\/10\/WhatsApp-Image-2024-10-16-at-13.47.33-1-768x576.jpeg 768w, https:\/\/bojornal.pt\/wp-content\/uploads\/2024\/10\/WhatsApp-Image-2024-10-16-at-13.47.33-1-1536x1152.jpeg 1536w, https:\/\/bojornal.pt\/wp-content\/uploads\/2024\/10\/WhatsApp-Image-2024-10-16-at-13.47.33-1.jpeg 1600w\" sizes=\"auto, (max-width: 1024px) 100vw, 1024px\" \/><\/figure>\n\n\n\n<figure class=\"wp-block-image size-large\"><img loading=\"lazy\" decoding=\"async\" width=\"1024\" height=\"768\" data-id=\"14207\" src=\"https:\/\/bojornal.pt\/wp-content\/uploads\/2024\/10\/WhatsApp-Image-2024-10-16-at-13.47.33-1024x768.jpeg\" alt=\"\" class=\"wp-image-14207\" srcset=\"https:\/\/bojornal.pt\/wp-content\/uploads\/2024\/10\/WhatsApp-Image-2024-10-16-at-13.47.33-1024x768.jpeg 1024w, https:\/\/bojornal.pt\/wp-content\/uploads\/2024\/10\/WhatsApp-Image-2024-10-16-at-13.47.33-300x225.jpeg 300w, https:\/\/bojornal.pt\/wp-content\/uploads\/2024\/10\/WhatsApp-Image-2024-10-16-at-13.47.33-150x113.jpeg 150w, https:\/\/bojornal.pt\/wp-content\/uploads\/2024\/10\/WhatsApp-Image-2024-10-16-at-13.47.33-768x576.jpeg 768w, https:\/\/bojornal.pt\/wp-content\/uploads\/2024\/10\/WhatsApp-Image-2024-10-16-at-13.47.33-1536x1152.jpeg 1536w, https:\/\/bojornal.pt\/wp-content\/uploads\/2024\/10\/WhatsApp-Image-2024-10-16-at-13.47.33.jpeg 1600w\" sizes=\"auto, (max-width: 1024px) 100vw, 1024px\" \/><\/figure>\n\n\n\n<figure class=\"wp-block-image size-large\"><img loading=\"lazy\" decoding=\"async\" width=\"768\" height=\"1024\" data-id=\"14208\" src=\"https:\/\/bojornal.pt\/wp-content\/uploads\/2024\/10\/WhatsApp-Image-2024-10-16-at-13.47.32-768x1024.jpeg\" alt=\"\" class=\"wp-image-14208\" srcset=\"https:\/\/bojornal.pt\/wp-content\/uploads\/2024\/10\/WhatsApp-Image-2024-10-16-at-13.47.32-768x1024.jpeg 768w, https:\/\/bojornal.pt\/wp-content\/uploads\/2024\/10\/WhatsApp-Image-2024-10-16-at-13.47.32-225x300.jpeg 225w, https:\/\/bojornal.pt\/wp-content\/uploads\/2024\/10\/WhatsApp-Image-2024-10-16-at-13.47.32-113x150.jpeg 113w, https:\/\/bojornal.pt\/wp-content\/uploads\/2024\/10\/WhatsApp-Image-2024-10-16-at-13.47.32-1152x1536.jpeg 1152w, https:\/\/bojornal.pt\/wp-content\/uploads\/2024\/10\/WhatsApp-Image-2024-10-16-at-13.47.32.jpeg 1200w\" sizes=\"auto, (max-width: 768px) 100vw, 768px\" \/><\/figure>\n<\/figure>\n\n\n\n<p>A Escola Em\u00eddio Garcia acolheu a a\u00e7\u00e3o de sensibiliza\u00e7\u00e3o sobre a transi\u00e7\u00e3o energ\u00e9tica, iniciativa promovida pela Ag\u00eancia para a Energia (ADENE) e direcionada para os alunos de 8.\u00ba e 9.\u00ba anos. Esta atividade, realizada no passado dia 16 de outubro, visou aumentar a literacia energ\u00e9tica dos nossos alunos, promovendo escolhas mais eficientes e a redu\u00e7\u00e3o dos consumos de energia. &#8220;Menores consumos significam menos emiss\u00f5es de gases com efeito de estufa e uma menor fatura energ\u00e9tica, conciliando-se assim a a\u00e7\u00e3o clim\u00e1tica e o combate \u00e0 pobreza energ\u00e9tica&#8221;. Realizaram-se 6 sess\u00f5es, com a dura\u00e7\u00e3o de 45 minutos cada, envolvendo 12 turmas.<\/p>\n\n\n\n<p><strong><em>E tu? Que fazes para poupar energia<\/em><\/strong><\/p>\n\n\n\n<p><br \/><em>Para mais informa\u00e7\u00f5es, podem consultar o website da ADENE, atrav\u00e9s do link,&nbsp; https:\/\/rotadaenergia.adene.pt\/.&#8221;<\/em><\/p>\n\n\n\n<p><\/p>\n\n\n\n<p><\/p>\n","protected":false},"excerpt":{"rendered":"<p>Alunos do 8.\u00ba e 9.\u00ba anos abordaram a tem\u00e1tica: transi\u00e7\u00e3o energ\u00e9tica A Escola Em\u00eddio Garcia acolheu a a\u00e7\u00e3o de sensibiliza\u00e7\u00e3o sobre a transi\u00e7\u00e3o energ\u00e9tica, iniciativa promovida pela Ag\u00eancia para a Energia (ADENE) e direcionada&#46;&#46;&#46;<\/p>\n","protected":false},"author":2,"featured_media":14208,"comment_status":"closed","ping_status":"open","sticky":false,"template":"","format":"standard","meta":{"footnotes":""},"categories":[27,16],"tags":[],"class_list":["post-14205","post","type-post","status-publish","format-standard","has-post-thumbnail","hentry","category-aeeg","category-escola-secundaria-emidio-garcia"],"_links":{"self":[{"href":"https:\/\/bojornal.pt\/index.php?rest_route=\/wp\/v2\/posts\/14205","targetHints":{"allow":["GET"]}}],"collection":[{"href":"https:\/\/bojornal.pt\/index.php?rest_route=\/wp\/v2\/posts"}],"about":[{"href":"https:\/\/bojornal.pt\/index.php?rest_route=\/wp\/v2\/types\/post"}],"author":[{"embeddable":true,"href":"https:\/\/bojornal.pt\/index.php?rest_route=\/wp\/v2\/users\/2"}],"replies":[{"embeddable":true,"href":"https:\/\/bojornal.pt\/index.php?rest_route=%2Fwp%2Fv2%2Fcomments&post=14205"}],"version-history":[{"count":0,"href":"https:\/\/bojornal.pt\/index.php?rest_route=\/wp\/v2\/posts\/14205\/revisions"}],"wp:featuredmedia":[{"embeddable":true,"href":"https:\/\/bojornal.pt\/index.php?rest_route=\/wp\/v2\/media\/14208"}],"wp:attachment":[{"href":"https:\/\/bojornal.pt\/index.php?rest_route=%2Fwp%2Fv2%2Fmedia&parent=14205"}],"wp:term":[{"taxonomy":"category","embeddable":true,"href":"https:\/\/bojornal.pt\/index.php?rest_route=%2Fwp%2Fv2%2Fcategories&post=14205"},{"taxonomy":"post_tag","embeddable":true,"href":"https:\/\/bojornal.pt\/index.php?rest_route=%2Fwp%2Fv2%2Ftags&post=14205"}],"curies":[{"name":"wp","href":"https:\/\/api.w.org\/{rel}","templated":true}]}}