{"id":14198,"date":"2024-10-17T09:58:25","date_gmt":"2024-10-17T08:58:25","guid":{"rendered":"https:\/\/bojornal.pt\/?p=14198"},"modified":"2024-10-17T10:56:01","modified_gmt":"2024-10-17T09:56:01","slug":"candidatos-a-ae-apresentam-propostas-eleitorais","status":"publish","type":"post","link":"https:\/\/bojornal.pt\/?p=14198","title":{"rendered":"Candidatos \u00e0 AE apresentam propostas eleitorais"},"content":{"rendered":"\n<p><strong><em>Medidas da lista A apresentadas no Sal\u00e3o Nobre da Escola Em\u00eddio Garcia<\/em><\/strong><\/p>\n\n\n\n<figure class=\"wp-block-image size-large\"><img loading=\"lazy\" decoding=\"async\" width=\"1024\" height=\"768\" src=\"https:\/\/bojornal.pt\/wp-content\/uploads\/2024\/10\/AE_Debate-6-1024x768.jpeg\" alt=\"\" class=\"wp-image-14203\" srcset=\"https:\/\/bojornal.pt\/wp-content\/uploads\/2024\/10\/AE_Debate-6-1024x768.jpeg 1024w, https:\/\/bojornal.pt\/wp-content\/uploads\/2024\/10\/AE_Debate-6-300x225.jpeg 300w, https:\/\/bojornal.pt\/wp-content\/uploads\/2024\/10\/AE_Debate-6-150x113.jpeg 150w, https:\/\/bojornal.pt\/wp-content\/uploads\/2024\/10\/AE_Debate-6-768x576.jpeg 768w, https:\/\/bojornal.pt\/wp-content\/uploads\/2024\/10\/AE_Debate-6-1536x1152.jpeg 1536w, https:\/\/bojornal.pt\/wp-content\/uploads\/2024\/10\/AE_Debate-6.jpeg 1600w\" sizes=\"auto, (max-width: 1024px) 100vw, 1024px\" \/><\/figure>\n\n\n\n<figure class=\"wp-block-gallery has-nested-images columns-default is-cropped wp-block-gallery-1 is-layout-flex wp-block-gallery-is-layout-flex\">\n<figure class=\"wp-block-image size-large\"><img loading=\"lazy\" decoding=\"async\" width=\"1024\" height=\"768\" data-id=\"14200\" src=\"https:\/\/bojornal.pt\/wp-content\/uploads\/2024\/10\/AE_Debate-1-1024x768.jpeg\" alt=\"\" class=\"wp-image-14200\" srcset=\"https:\/\/bojornal.pt\/wp-content\/uploads\/2024\/10\/AE_Debate-1-1024x768.jpeg 1024w, https:\/\/bojornal.pt\/wp-content\/uploads\/2024\/10\/AE_Debate-1-300x225.jpeg 300w, https:\/\/bojornal.pt\/wp-content\/uploads\/2024\/10\/AE_Debate-1-150x113.jpeg 150w, https:\/\/bojornal.pt\/wp-content\/uploads\/2024\/10\/AE_Debate-1-768x576.jpeg 768w, https:\/\/bojornal.pt\/wp-content\/uploads\/2024\/10\/AE_Debate-1-1536x1152.jpeg 1536w, https:\/\/bojornal.pt\/wp-content\/uploads\/2024\/10\/AE_Debate-1.jpeg 1824w\" sizes=\"auto, (max-width: 1024px) 100vw, 1024px\" \/><\/figure>\n\n\n\n<figure class=\"wp-block-image size-large\"><img loading=\"lazy\" decoding=\"async\" width=\"1024\" height=\"768\" data-id=\"14201\" src=\"https:\/\/bojornal.pt\/wp-content\/uploads\/2024\/10\/AE_Debate-3-1024x768.jpeg\" alt=\"\" class=\"wp-image-14201\" srcset=\"https:\/\/bojornal.pt\/wp-content\/uploads\/2024\/10\/AE_Debate-3-1024x768.jpeg 1024w, https:\/\/bojornal.pt\/wp-content\/uploads\/2024\/10\/AE_Debate-3-300x225.jpeg 300w, https:\/\/bojornal.pt\/wp-content\/uploads\/2024\/10\/AE_Debate-3-150x113.jpeg 150w, https:\/\/bojornal.pt\/wp-content\/uploads\/2024\/10\/AE_Debate-3-768x576.jpeg 768w, https:\/\/bojornal.pt\/wp-content\/uploads\/2024\/10\/AE_Debate-3-1536x1152.jpeg 1536w, https:\/\/bojornal.pt\/wp-content\/uploads\/2024\/10\/AE_Debate-3.jpeg 1824w\" sizes=\"auto, (max-width: 1024px) 100vw, 1024px\" \/><\/figure>\n\n\n\n<figure class=\"wp-block-image size-large\"><img loading=\"lazy\" decoding=\"async\" width=\"1024\" height=\"768\" data-id=\"14199\" src=\"https:\/\/bojornal.pt\/wp-content\/uploads\/2024\/10\/AE_Debate-4-1024x768.jpeg\" alt=\"\" class=\"wp-image-14199\" srcset=\"https:\/\/bojornal.pt\/wp-content\/uploads\/2024\/10\/AE_Debate-4-1024x768.jpeg 1024w, https:\/\/bojornal.pt\/wp-content\/uploads\/2024\/10\/AE_Debate-4-300x225.jpeg 300w, https:\/\/bojornal.pt\/wp-content\/uploads\/2024\/10\/AE_Debate-4-150x113.jpeg 150w, https:\/\/bojornal.pt\/wp-content\/uploads\/2024\/10\/AE_Debate-4-768x576.jpeg 768w, https:\/\/bojornal.pt\/wp-content\/uploads\/2024\/10\/AE_Debate-4-1536x1152.jpeg 1536w, https:\/\/bojornal.pt\/wp-content\/uploads\/2024\/10\/AE_Debate-4.jpeg 1824w\" sizes=\"auto, (max-width: 1024px) 100vw, 1024px\" \/><\/figure>\n<\/figure>\n\n\n\n<p>Ap\u00f3s uma intensa campanha eleitoral, a Lista A, \u00fanica candidata \u00e0 Associa\u00e7\u00e3o de Estudantes da Escola Secund\u00e1ria Em\u00eddio Garcia, apresentou as suas propostas para o ano letivo, num evento realizado \u00e0s 16h, no passado dia16. As medidas foram organizadas em diferentes \u00e1reas, refletindo uma vis\u00e3o abrangente para melhorar a conviv\u00eancia escolar e proporcionar uma experi\u00eancia mais rica aos alunos.<\/p>\n\n\n\n<p>Entre as propostas, destacam-se atividades de:<\/p>\n\n\n\n<p><strong><em>Conv\u00edvio e intera\u00e7\u00e3o<\/em><\/strong>, como a organiza\u00e7\u00e3o do baile de 12\u00ba e de 9\u00baano, a Gala de Natal, a B\u00ean\u00e7\u00e3o e \u00a0Viagem de Finalistas, assim como a comemora\u00e7\u00e3o de dias festivos e angaria\u00e7\u00f5es de bens, por causas solidarias. <\/p>\n\n\n\n<p>Na \u00e1rea do<strong> <em>desporto<\/em><\/strong>, planejam promover torneios inter-turmas com uma grande variedade de desportos como Volley, Futsal, Basket, Badminton, etc&#8230; e atividades de <em>esports<\/em> para atrair os alunos apaixonados por jogos online como Fortnite, FIFA, CS-GO, entre outros. <\/p>\n\n\n\n<p>Em rela\u00e7\u00e3o ao <strong><em>ambiente<\/em><\/strong>, as medidas passam pela consciencializa\u00e7\u00e3o dos alunos. No campo da <strong><em>arte e cultura<\/em><\/strong>, h\u00e1 planos para concursos mensais, workshops variados, clubes, feira das ci\u00eancias e sess\u00f5es de cinema. <\/p>\n\n\n\n<p>J\u00e1 no que diz respeito \u00e0 <strong><em>comunica\u00e7\u00e3o e informa\u00e7\u00e3o<\/em><\/strong>, a Associa\u00e7\u00e3o de Estudantes promete criar um site e uma caixa de sugest\u00f5es para que todos possam participar nas decis\u00f5es, e tamb\u00e9m organiza o dia das universidades para os alunos do 12\u00ba ano e uma palestra de sess\u00f5es de perguntas e respostas para o 9\u00ba ano. <\/p>\n\n\n\n<p>A <strong>sa\u00fade e a higiene <\/strong>tamb\u00e9m s\u00e3o uma prioridade, com a disponibiliza\u00e7\u00e3o de produtos de higiene feminina e kits de primeiros socorros na sede da associa\u00e7\u00e3o. \u00a0A lista candidata destaca que est\u00e1 sempre aberta a sugest\u00f5es, acreditando que, juntos, poder\u00e3o construir um ambiente escolar mais inclusivo e din\u00e2mico.<\/p>\n\n\n\n<p>Os candidatos tiveram a oportunidade de responder a diversas quest\u00f5es de forma a esclarecerem os alunos que ir\u00e3o eleger os novos \u00f3rg\u00e3os da Associa\u00e7\u00e3o de Estudantes, no pr\u00f3ximo dia 18 de outubro. <\/p>\n\n\n\n<p class=\"has-text-align-right\"><strong><em>Eliana Esteves<\/em><\/strong><\/p>\n\n\n\n<p><\/p>\n","protected":false},"excerpt":{"rendered":"<p>Medidas da lista A apresentadas no Sal\u00e3o Nobre da Escola Em\u00eddio Garcia Ap\u00f3s uma intensa campanha eleitoral, a Lista A, \u00fanica candidata \u00e0 Associa\u00e7\u00e3o de Estudantes da Escola Secund\u00e1ria Em\u00eddio Garcia, apresentou as suas&#46;&#46;&#46;<\/p>\n","protected":false},"author":2,"featured_media":14200,"comment_status":"closed","ping_status":"open","sticky":false,"template":"","format":"standard","meta":{"footnotes":""},"categories":[9,16],"tags":[],"class_list":["post-14198","post","type-post","status-publish","format-standard","has-post-thumbnail","hentry","category-em-foco","category-escola-secundaria-emidio-garcia"],"_links":{"self":[{"href":"https:\/\/bojornal.pt\/index.php?rest_route=\/wp\/v2\/posts\/14198","targetHints":{"allow":["GET"]}}],"collection":[{"href":"https:\/\/bojornal.pt\/index.php?rest_route=\/wp\/v2\/posts"}],"about":[{"href":"https:\/\/bojornal.pt\/index.php?rest_route=\/wp\/v2\/types\/post"}],"author":[{"embeddable":true,"href":"https:\/\/bojornal.pt\/index.php?rest_route=\/wp\/v2\/users\/2"}],"replies":[{"embeddable":true,"href":"https:\/\/bojornal.pt\/index.php?rest_route=%2Fwp%2Fv2%2Fcomments&post=14198"}],"version-history":[{"count":0,"href":"https:\/\/bojornal.pt\/index.php?rest_route=\/wp\/v2\/posts\/14198\/revisions"}],"wp:featuredmedia":[{"embeddable":true,"href":"https:\/\/bojornal.pt\/index.php?rest_route=\/wp\/v2\/media\/14200"}],"wp:attachment":[{"href":"https:\/\/bojornal.pt\/index.php?rest_route=%2Fwp%2Fv2%2Fmedia&parent=14198"}],"wp:term":[{"taxonomy":"category","embeddable":true,"href":"https:\/\/bojornal.pt\/index.php?rest_route=%2Fwp%2Fv2%2Fcategories&post=14198"},{"taxonomy":"post_tag","embeddable":true,"href":"https:\/\/bojornal.pt\/index.php?rest_route=%2Fwp%2Fv2%2Ftags&post=14198"}],"curies":[{"name":"wp","href":"https:\/\/api.w.org\/{rel}","templated":true}]}}