{"id":14189,"date":"2024-10-12T16:17:07","date_gmt":"2024-10-12T15:17:07","guid":{"rendered":"https:\/\/bojornal.pt\/?p=14189"},"modified":"2024-10-12T16:17:12","modified_gmt":"2024-10-12T15:17:12","slug":"campanha-solidaria","status":"publish","type":"post","link":"https:\/\/bojornal.pt\/?p=14189","title":{"rendered":"Campanha Solid\u00e1ria"},"content":{"rendered":"\n<p><strong><em>Dia Mundial da Alimenta\u00e7\u00e3o<\/em><\/strong><\/p>\n\n\n\n<figure class=\"wp-block-image size-full\"><img loading=\"lazy\" decoding=\"async\" width=\"378\" height=\"527\" src=\"https:\/\/bojornal.pt\/wp-content\/uploads\/2024\/10\/Sem-Titulo.jpg\" alt=\"\" class=\"wp-image-14190\" srcset=\"https:\/\/bojornal.pt\/wp-content\/uploads\/2024\/10\/Sem-Titulo.jpg 378w, https:\/\/bojornal.pt\/wp-content\/uploads\/2024\/10\/Sem-Titulo-215x300.jpg 215w, https:\/\/bojornal.pt\/wp-content\/uploads\/2024\/10\/Sem-Titulo-108x150.jpg 108w\" sizes=\"auto, (max-width: 378px) 100vw, 378px\" \/><\/figure>\n\n\n\n<p>A Escola Paulo Quintela, em conjunto com a Equipa da Sa\u00fade Escolar, est\u00e1 a organizar uma campanha solid\u00e1rio para assinalar o Dia Mundial da Alimenta\u00e7\u00e3o. Este ano, esta efem\u00e9ride que se celebra dia 16 de outubro, tem como lema: &#8220;&#8221;Direito aos alimentos para uma vida e um futuro melhores&#8221; e, por isso, aquela comunidade escolar ir\u00e1 reunir, em cada sala, diversos alimentos n\u00e3o perec\u00edveis para posteriormente serem entregues a uma das institui\u00e7\u00f5es da cidade de Bragan\u00e7a.<\/p>\n\n\n\n<p><\/p>\n","protected":false},"excerpt":{"rendered":"<p>Dia Mundial da Alimenta\u00e7\u00e3o A Escola Paulo Quintela, em conjunto com a Equipa da Sa\u00fade Escolar, est\u00e1 a organizar uma campanha solid\u00e1rio para assinalar o Dia Mundial da Alimenta\u00e7\u00e3o. Este ano, esta efem\u00e9ride que&#46;&#46;&#46;<\/p>\n","protected":false},"author":2,"featured_media":14190,"comment_status":"closed","ping_status":"open","sticky":false,"template":"","format":"standard","meta":{"footnotes":""},"categories":[2,13],"tags":[],"class_list":["post-14189","post","type-post","status-publish","format-standard","has-post-thumbnail","hentry","category-atualidade","category-escola-paulo-quintela"],"_links":{"self":[{"href":"https:\/\/bojornal.pt\/index.php?rest_route=\/wp\/v2\/posts\/14189","targetHints":{"allow":["GET"]}}],"collection":[{"href":"https:\/\/bojornal.pt\/index.php?rest_route=\/wp\/v2\/posts"}],"about":[{"href":"https:\/\/bojornal.pt\/index.php?rest_route=\/wp\/v2\/types\/post"}],"author":[{"embeddable":true,"href":"https:\/\/bojornal.pt\/index.php?rest_route=\/wp\/v2\/users\/2"}],"replies":[{"embeddable":true,"href":"https:\/\/bojornal.pt\/index.php?rest_route=%2Fwp%2Fv2%2Fcomments&post=14189"}],"version-history":[{"count":0,"href":"https:\/\/bojornal.pt\/index.php?rest_route=\/wp\/v2\/posts\/14189\/revisions"}],"wp:featuredmedia":[{"embeddable":true,"href":"https:\/\/bojornal.pt\/index.php?rest_route=\/wp\/v2\/media\/14190"}],"wp:attachment":[{"href":"https:\/\/bojornal.pt\/index.php?rest_route=%2Fwp%2Fv2%2Fmedia&parent=14189"}],"wp:term":[{"taxonomy":"category","embeddable":true,"href":"https:\/\/bojornal.pt\/index.php?rest_route=%2Fwp%2Fv2%2Fcategories&post=14189"},{"taxonomy":"post_tag","embeddable":true,"href":"https:\/\/bojornal.pt\/index.php?rest_route=%2Fwp%2Fv2%2Ftags&post=14189"}],"curies":[{"name":"wp","href":"https:\/\/api.w.org\/{rel}","templated":true}]}}