{"id":14138,"date":"2024-09-30T20:55:07","date_gmt":"2024-09-30T19:55:07","guid":{"rendered":"https:\/\/bojornal.pt\/?p=14138"},"modified":"2024-09-30T20:55:09","modified_gmt":"2024-09-30T19:55:09","slug":"bencao-das-mochilas-abre-ano-letivo","status":"publish","type":"post","link":"https:\/\/bojornal.pt\/?p=14138","title":{"rendered":"&#8220;B\u00ean\u00e7\u00e3o das Mochilas&#8221; abre ano letivo"},"content":{"rendered":"\n<p><strong>Alunos de EMRC e familiares assinalaram abertura do ano com celebra\u00e7\u00e3o na Catedral de Bragan\u00e7a<\/strong><\/p>\n\n\n\n<figure class=\"wp-block-gallery has-nested-images columns-default is-cropped wp-block-gallery-1 is-layout-flex wp-block-gallery-is-layout-flex\">\n<figure class=\"wp-block-image size-large\"><img loading=\"lazy\" decoding=\"async\" width=\"1024\" height=\"683\" data-id=\"14147\" src=\"https:\/\/bojornal.pt\/wp-content\/uploads\/2024\/09\/Bencao-das-Mochilas-2024-16-1024x683.jpg\" alt=\"\" class=\"wp-image-14147\" srcset=\"https:\/\/bojornal.pt\/wp-content\/uploads\/2024\/09\/Bencao-das-Mochilas-2024-16-1024x683.jpg 1024w, https:\/\/bojornal.pt\/wp-content\/uploads\/2024\/09\/Bencao-das-Mochilas-2024-16-300x200.jpg 300w, https:\/\/bojornal.pt\/wp-content\/uploads\/2024\/09\/Bencao-das-Mochilas-2024-16-150x100.jpg 150w, https:\/\/bojornal.pt\/wp-content\/uploads\/2024\/09\/Bencao-das-Mochilas-2024-16-768x512.jpg 768w, https:\/\/bojornal.pt\/wp-content\/uploads\/2024\/09\/Bencao-das-Mochilas-2024-16-1536x1024.jpg 1536w, https:\/\/bojornal.pt\/wp-content\/uploads\/2024\/09\/Bencao-das-Mochilas-2024-16-2048x1365.jpg 2048w\" sizes=\"auto, (max-width: 1024px) 100vw, 1024px\" \/><\/figure>\n\n\n\n<figure class=\"wp-block-image size-large\"><img loading=\"lazy\" decoding=\"async\" width=\"1024\" height=\"683\" data-id=\"14140\" src=\"https:\/\/bojornal.pt\/wp-content\/uploads\/2024\/09\/Bencao-das-Mochilas-2024-21-1024x683.jpg\" alt=\"\" class=\"wp-image-14140\" srcset=\"https:\/\/bojornal.pt\/wp-content\/uploads\/2024\/09\/Bencao-das-Mochilas-2024-21-1024x683.jpg 1024w, https:\/\/bojornal.pt\/wp-content\/uploads\/2024\/09\/Bencao-das-Mochilas-2024-21-300x200.jpg 300w, https:\/\/bojornal.pt\/wp-content\/uploads\/2024\/09\/Bencao-das-Mochilas-2024-21-150x100.jpg 150w, https:\/\/bojornal.pt\/wp-content\/uploads\/2024\/09\/Bencao-das-Mochilas-2024-21-768x512.jpg 768w, https:\/\/bojornal.pt\/wp-content\/uploads\/2024\/09\/Bencao-das-Mochilas-2024-21-1536x1024.jpg 1536w, https:\/\/bojornal.pt\/wp-content\/uploads\/2024\/09\/Bencao-das-Mochilas-2024-21-2048x1366.jpg 2048w\" sizes=\"auto, (max-width: 1024px) 100vw, 1024px\" \/><\/figure>\n\n\n\n<figure class=\"wp-block-image size-large\"><img loading=\"lazy\" decoding=\"async\" width=\"1024\" height=\"683\" data-id=\"14143\" src=\"https:\/\/bojornal.pt\/wp-content\/uploads\/2024\/09\/Bencao-das-Mochilas-2024-37-1024x683.jpg\" alt=\"\" class=\"wp-image-14143\" srcset=\"https:\/\/bojornal.pt\/wp-content\/uploads\/2024\/09\/Bencao-das-Mochilas-2024-37-1024x683.jpg 1024w, https:\/\/bojornal.pt\/wp-content\/uploads\/2024\/09\/Bencao-das-Mochilas-2024-37-300x200.jpg 300w, https:\/\/bojornal.pt\/wp-content\/uploads\/2024\/09\/Bencao-das-Mochilas-2024-37-150x100.jpg 150w, https:\/\/bojornal.pt\/wp-content\/uploads\/2024\/09\/Bencao-das-Mochilas-2024-37-768x512.jpg 768w, https:\/\/bojornal.pt\/wp-content\/uploads\/2024\/09\/Bencao-das-Mochilas-2024-37-1536x1024.jpg 1536w, https:\/\/bojornal.pt\/wp-content\/uploads\/2024\/09\/Bencao-das-Mochilas-2024-37-2048x1365.jpg 2048w\" sizes=\"auto, (max-width: 1024px) 100vw, 1024px\" \/><\/figure>\n\n\n\n<figure class=\"wp-block-image size-large\"><img loading=\"lazy\" decoding=\"async\" width=\"1024\" height=\"683\" data-id=\"14144\" src=\"https:\/\/bojornal.pt\/wp-content\/uploads\/2024\/09\/Bencao-das-Mochilas-2024-41-1024x683.jpg\" alt=\"\" class=\"wp-image-14144\" srcset=\"https:\/\/bojornal.pt\/wp-content\/uploads\/2024\/09\/Bencao-das-Mochilas-2024-41-1024x683.jpg 1024w, https:\/\/bojornal.pt\/wp-content\/uploads\/2024\/09\/Bencao-das-Mochilas-2024-41-300x200.jpg 300w, https:\/\/bojornal.pt\/wp-content\/uploads\/2024\/09\/Bencao-das-Mochilas-2024-41-150x100.jpg 150w, https:\/\/bojornal.pt\/wp-content\/uploads\/2024\/09\/Bencao-das-Mochilas-2024-41-768x512.jpg 768w, https:\/\/bojornal.pt\/wp-content\/uploads\/2024\/09\/Bencao-das-Mochilas-2024-41-1536x1024.jpg 1536w, https:\/\/bojornal.pt\/wp-content\/uploads\/2024\/09\/Bencao-das-Mochilas-2024-41-2048x1365.jpg 2048w\" sizes=\"auto, (max-width: 1024px) 100vw, 1024px\" \/><\/figure>\n\n\n\n<figure class=\"wp-block-image size-large\"><img loading=\"lazy\" decoding=\"async\" width=\"1024\" height=\"683\" data-id=\"14148\" src=\"https:\/\/bojornal.pt\/wp-content\/uploads\/2024\/09\/Bencao-das-Mochilas-2024-42-1024x683.jpg\" alt=\"\" class=\"wp-image-14148\" srcset=\"https:\/\/bojornal.pt\/wp-content\/uploads\/2024\/09\/Bencao-das-Mochilas-2024-42-1024x683.jpg 1024w, https:\/\/bojornal.pt\/wp-content\/uploads\/2024\/09\/Bencao-das-Mochilas-2024-42-300x200.jpg 300w, https:\/\/bojornal.pt\/wp-content\/uploads\/2024\/09\/Bencao-das-Mochilas-2024-42-150x100.jpg 150w, https:\/\/bojornal.pt\/wp-content\/uploads\/2024\/09\/Bencao-das-Mochilas-2024-42-768x512.jpg 768w, https:\/\/bojornal.pt\/wp-content\/uploads\/2024\/09\/Bencao-das-Mochilas-2024-42-1536x1024.jpg 1536w, https:\/\/bojornal.pt\/wp-content\/uploads\/2024\/09\/Bencao-das-Mochilas-2024-42-2048x1366.jpg 2048w\" sizes=\"auto, (max-width: 1024px) 100vw, 1024px\" \/><\/figure>\n\n\n\n<figure class=\"wp-block-image size-large\"><img loading=\"lazy\" decoding=\"async\" width=\"1024\" height=\"683\" data-id=\"14145\" src=\"https:\/\/bojornal.pt\/wp-content\/uploads\/2024\/09\/Bencao-das-Mochilas-2024-46-1024x683.jpg\" alt=\"\" class=\"wp-image-14145\" srcset=\"https:\/\/bojornal.pt\/wp-content\/uploads\/2024\/09\/Bencao-das-Mochilas-2024-46-1024x683.jpg 1024w, https:\/\/bojornal.pt\/wp-content\/uploads\/2024\/09\/Bencao-das-Mochilas-2024-46-300x200.jpg 300w, https:\/\/bojornal.pt\/wp-content\/uploads\/2024\/09\/Bencao-das-Mochilas-2024-46-150x100.jpg 150w, https:\/\/bojornal.pt\/wp-content\/uploads\/2024\/09\/Bencao-das-Mochilas-2024-46-768x512.jpg 768w, https:\/\/bojornal.pt\/wp-content\/uploads\/2024\/09\/Bencao-das-Mochilas-2024-46-1536x1024.jpg 1536w, https:\/\/bojornal.pt\/wp-content\/uploads\/2024\/09\/Bencao-das-Mochilas-2024-46-2048x1365.jpg 2048w\" sizes=\"auto, (max-width: 1024px) 100vw, 1024px\" \/><\/figure>\n\n\n\n<figure class=\"wp-block-image size-large\"><img loading=\"lazy\" decoding=\"async\" width=\"1024\" height=\"683\" data-id=\"14142\" src=\"https:\/\/bojornal.pt\/wp-content\/uploads\/2024\/09\/Bencao-das-Mochilas-2024-47-1024x683.jpg\" alt=\"\" class=\"wp-image-14142\" srcset=\"https:\/\/bojornal.pt\/wp-content\/uploads\/2024\/09\/Bencao-das-Mochilas-2024-47-1024x683.jpg 1024w, https:\/\/bojornal.pt\/wp-content\/uploads\/2024\/09\/Bencao-das-Mochilas-2024-47-300x200.jpg 300w, https:\/\/bojornal.pt\/wp-content\/uploads\/2024\/09\/Bencao-das-Mochilas-2024-47-150x100.jpg 150w, https:\/\/bojornal.pt\/wp-content\/uploads\/2024\/09\/Bencao-das-Mochilas-2024-47-768x512.jpg 768w, https:\/\/bojornal.pt\/wp-content\/uploads\/2024\/09\/Bencao-das-Mochilas-2024-47-1536x1024.jpg 1536w, https:\/\/bojornal.pt\/wp-content\/uploads\/2024\/09\/Bencao-das-Mochilas-2024-47-2048x1365.jpg 2048w\" sizes=\"auto, (max-width: 1024px) 100vw, 1024px\" \/><\/figure>\n\n\n\n<figure class=\"wp-block-image size-large\"><img loading=\"lazy\" decoding=\"async\" width=\"1024\" height=\"683\" data-id=\"14146\" src=\"https:\/\/bojornal.pt\/wp-content\/uploads\/2024\/09\/Bencao-das-Mochilas-2024-48-1024x683.jpg\" alt=\"\" class=\"wp-image-14146\" srcset=\"https:\/\/bojornal.pt\/wp-content\/uploads\/2024\/09\/Bencao-das-Mochilas-2024-48-1024x683.jpg 1024w, https:\/\/bojornal.pt\/wp-content\/uploads\/2024\/09\/Bencao-das-Mochilas-2024-48-300x200.jpg 300w, https:\/\/bojornal.pt\/wp-content\/uploads\/2024\/09\/Bencao-das-Mochilas-2024-48-150x100.jpg 150w, https:\/\/bojornal.pt\/wp-content\/uploads\/2024\/09\/Bencao-das-Mochilas-2024-48-768x512.jpg 768w, https:\/\/bojornal.pt\/wp-content\/uploads\/2024\/09\/Bencao-das-Mochilas-2024-48-1536x1024.jpg 1536w, https:\/\/bojornal.pt\/wp-content\/uploads\/2024\/09\/Bencao-das-Mochilas-2024-48-2048x1365.jpg 2048w\" sizes=\"auto, (max-width: 1024px) 100vw, 1024px\" \/><\/figure>\n\n\n\n<figure class=\"wp-block-image size-large\"><img loading=\"lazy\" decoding=\"async\" width=\"1024\" height=\"683\" data-id=\"14149\" src=\"https:\/\/bojornal.pt\/wp-content\/uploads\/2024\/09\/Bencao-das-Mochilas-2024-49-1024x683.jpg\" alt=\"\" class=\"wp-image-14149\" srcset=\"https:\/\/bojornal.pt\/wp-content\/uploads\/2024\/09\/Bencao-das-Mochilas-2024-49-1024x683.jpg 1024w, https:\/\/bojornal.pt\/wp-content\/uploads\/2024\/09\/Bencao-das-Mochilas-2024-49-300x200.jpg 300w, https:\/\/bojornal.pt\/wp-content\/uploads\/2024\/09\/Bencao-das-Mochilas-2024-49-150x100.jpg 150w, https:\/\/bojornal.pt\/wp-content\/uploads\/2024\/09\/Bencao-das-Mochilas-2024-49-768x512.jpg 768w, https:\/\/bojornal.pt\/wp-content\/uploads\/2024\/09\/Bencao-das-Mochilas-2024-49-1536x1024.jpg 1536w, https:\/\/bojornal.pt\/wp-content\/uploads\/2024\/09\/Bencao-das-Mochilas-2024-49-2048x1365.jpg 2048w\" sizes=\"auto, (max-width: 1024px) 100vw, 1024px\" \/><\/figure>\n\n\n\n<figure class=\"wp-block-image size-large\"><img loading=\"lazy\" decoding=\"async\" width=\"1024\" height=\"683\" data-id=\"14141\" src=\"https:\/\/bojornal.pt\/wp-content\/uploads\/2024\/09\/Bencao-das-Mochilas-2024-50-1024x683.jpg\" alt=\"\" class=\"wp-image-14141\" srcset=\"https:\/\/bojornal.pt\/wp-content\/uploads\/2024\/09\/Bencao-das-Mochilas-2024-50-1024x683.jpg 1024w, https:\/\/bojornal.pt\/wp-content\/uploads\/2024\/09\/Bencao-das-Mochilas-2024-50-300x200.jpg 300w, https:\/\/bojornal.pt\/wp-content\/uploads\/2024\/09\/Bencao-das-Mochilas-2024-50-150x100.jpg 150w, https:\/\/bojornal.pt\/wp-content\/uploads\/2024\/09\/Bencao-das-Mochilas-2024-50-768x512.jpg 768w, https:\/\/bojornal.pt\/wp-content\/uploads\/2024\/09\/Bencao-das-Mochilas-2024-50-1536x1024.jpg 1536w, https:\/\/bojornal.pt\/wp-content\/uploads\/2024\/09\/Bencao-das-Mochilas-2024-50-2048x1365.jpg 2048w\" sizes=\"auto, (max-width: 1024px) 100vw, 1024px\" \/><\/figure>\n\n\n\n<figure class=\"wp-block-image size-large\"><img loading=\"lazy\" decoding=\"async\" width=\"1024\" height=\"683\" data-id=\"14139\" src=\"https:\/\/bojornal.pt\/wp-content\/uploads\/2024\/09\/Bencao-das-Mochilas-2024-51-1024x683.jpg\" alt=\"\" class=\"wp-image-14139\" srcset=\"https:\/\/bojornal.pt\/wp-content\/uploads\/2024\/09\/Bencao-das-Mochilas-2024-51-1024x683.jpg 1024w, https:\/\/bojornal.pt\/wp-content\/uploads\/2024\/09\/Bencao-das-Mochilas-2024-51-300x200.jpg 300w, https:\/\/bojornal.pt\/wp-content\/uploads\/2024\/09\/Bencao-das-Mochilas-2024-51-150x100.jpg 150w, https:\/\/bojornal.pt\/wp-content\/uploads\/2024\/09\/Bencao-das-Mochilas-2024-51-768x512.jpg 768w, https:\/\/bojornal.pt\/wp-content\/uploads\/2024\/09\/Bencao-das-Mochilas-2024-51-1536x1024.jpg 1536w, https:\/\/bojornal.pt\/wp-content\/uploads\/2024\/09\/Bencao-das-Mochilas-2024-51-2048x1366.jpg 2048w\" sizes=\"auto, (max-width: 1024px) 100vw, 1024px\" \/><\/figure>\n\n\n\n<figure class=\"wp-block-image size-large\"><img loading=\"lazy\" decoding=\"async\" width=\"1024\" height=\"683\" data-id=\"14154\" src=\"https:\/\/bojornal.pt\/wp-content\/uploads\/2024\/09\/Bencao-das-Mochilas-2024-67-1024x683.jpg\" alt=\"\" class=\"wp-image-14154\" srcset=\"https:\/\/bojornal.pt\/wp-content\/uploads\/2024\/09\/Bencao-das-Mochilas-2024-67-1024x683.jpg 1024w, https:\/\/bojornal.pt\/wp-content\/uploads\/2024\/09\/Bencao-das-Mochilas-2024-67-300x200.jpg 300w, https:\/\/bojornal.pt\/wp-content\/uploads\/2024\/09\/Bencao-das-Mochilas-2024-67-150x100.jpg 150w, https:\/\/bojornal.pt\/wp-content\/uploads\/2024\/09\/Bencao-das-Mochilas-2024-67-768x512.jpg 768w, https:\/\/bojornal.pt\/wp-content\/uploads\/2024\/09\/Bencao-das-Mochilas-2024-67-1536x1024.jpg 1536w, https:\/\/bojornal.pt\/wp-content\/uploads\/2024\/09\/Bencao-das-Mochilas-2024-67-2048x1365.jpg 2048w\" sizes=\"auto, (max-width: 1024px) 100vw, 1024px\" \/><\/figure>\n\n\n\n<figure class=\"wp-block-image size-large\"><img loading=\"lazy\" decoding=\"async\" width=\"1024\" height=\"683\" data-id=\"14155\" src=\"https:\/\/bojornal.pt\/wp-content\/uploads\/2024\/09\/Bencao-das-Mochilas-2024-68-1024x683.jpg\" alt=\"\" class=\"wp-image-14155\" srcset=\"https:\/\/bojornal.pt\/wp-content\/uploads\/2024\/09\/Bencao-das-Mochilas-2024-68-1024x683.jpg 1024w, https:\/\/bojornal.pt\/wp-content\/uploads\/2024\/09\/Bencao-das-Mochilas-2024-68-300x200.jpg 300w, https:\/\/bojornal.pt\/wp-content\/uploads\/2024\/09\/Bencao-das-Mochilas-2024-68-150x100.jpg 150w, https:\/\/bojornal.pt\/wp-content\/uploads\/2024\/09\/Bencao-das-Mochilas-2024-68-768x512.jpg 768w, https:\/\/bojornal.pt\/wp-content\/uploads\/2024\/09\/Bencao-das-Mochilas-2024-68-1536x1024.jpg 1536w, https:\/\/bojornal.pt\/wp-content\/uploads\/2024\/09\/Bencao-das-Mochilas-2024-68-2048x1365.jpg 2048w\" sizes=\"auto, (max-width: 1024px) 100vw, 1024px\" \/><\/figure>\n\n\n\n<figure class=\"wp-block-image size-large\"><img loading=\"lazy\" decoding=\"async\" width=\"1024\" height=\"683\" data-id=\"14153\" src=\"https:\/\/bojornal.pt\/wp-content\/uploads\/2024\/09\/Bencao-das-Mochilas-2024-75-1024x683.jpg\" alt=\"\" class=\"wp-image-14153\" srcset=\"https:\/\/bojornal.pt\/wp-content\/uploads\/2024\/09\/Bencao-das-Mochilas-2024-75-1024x683.jpg 1024w, https:\/\/bojornal.pt\/wp-content\/uploads\/2024\/09\/Bencao-das-Mochilas-2024-75-300x200.jpg 300w, https:\/\/bojornal.pt\/wp-content\/uploads\/2024\/09\/Bencao-das-Mochilas-2024-75-150x100.jpg 150w, https:\/\/bojornal.pt\/wp-content\/uploads\/2024\/09\/Bencao-das-Mochilas-2024-75-768x512.jpg 768w, https:\/\/bojornal.pt\/wp-content\/uploads\/2024\/09\/Bencao-das-Mochilas-2024-75-1536x1024.jpg 1536w, https:\/\/bojornal.pt\/wp-content\/uploads\/2024\/09\/Bencao-das-Mochilas-2024-75-2048x1365.jpg 2048w\" sizes=\"auto, (max-width: 1024px) 100vw, 1024px\" \/><\/figure>\n<\/figure>\n\n\n\n<figure class=\"wp-block-gallery has-nested-images columns-default is-cropped wp-block-gallery-2 is-layout-flex wp-block-gallery-is-layout-flex\">\n<figure class=\"wp-block-image size-large\"><img loading=\"lazy\" decoding=\"async\" width=\"1024\" height=\"683\" data-id=\"14165\" src=\"https:\/\/bojornal.pt\/wp-content\/uploads\/2024\/09\/Bencao-das-Mochilas-2024-2-1024x683.jpg\" alt=\"\" class=\"wp-image-14165\" srcset=\"https:\/\/bojornal.pt\/wp-content\/uploads\/2024\/09\/Bencao-das-Mochilas-2024-2-1024x683.jpg 1024w, https:\/\/bojornal.pt\/wp-content\/uploads\/2024\/09\/Bencao-das-Mochilas-2024-2-300x200.jpg 300w, https:\/\/bojornal.pt\/wp-content\/uploads\/2024\/09\/Bencao-das-Mochilas-2024-2-150x100.jpg 150w, https:\/\/bojornal.pt\/wp-content\/uploads\/2024\/09\/Bencao-das-Mochilas-2024-2-768x512.jpg 768w, https:\/\/bojornal.pt\/wp-content\/uploads\/2024\/09\/Bencao-das-Mochilas-2024-2-1536x1024.jpg 1536w, https:\/\/bojornal.pt\/wp-content\/uploads\/2024\/09\/Bencao-das-Mochilas-2024-2-2048x1365.jpg 2048w\" sizes=\"auto, (max-width: 1024px) 100vw, 1024px\" \/><\/figure>\n\n\n\n<figure class=\"wp-block-image size-large\"><img loading=\"lazy\" decoding=\"async\" width=\"1024\" height=\"683\" data-id=\"14166\" src=\"https:\/\/bojornal.pt\/wp-content\/uploads\/2024\/09\/Bencao-das-Mochilas-2024-3-1024x683.jpg\" alt=\"\" class=\"wp-image-14166\" srcset=\"https:\/\/bojornal.pt\/wp-content\/uploads\/2024\/09\/Bencao-das-Mochilas-2024-3-1024x683.jpg 1024w, https:\/\/bojornal.pt\/wp-content\/uploads\/2024\/09\/Bencao-das-Mochilas-2024-3-300x200.jpg 300w, https:\/\/bojornal.pt\/wp-content\/uploads\/2024\/09\/Bencao-das-Mochilas-2024-3-150x100.jpg 150w, https:\/\/bojornal.pt\/wp-content\/uploads\/2024\/09\/Bencao-das-Mochilas-2024-3-768x512.jpg 768w, https:\/\/bojornal.pt\/wp-content\/uploads\/2024\/09\/Bencao-das-Mochilas-2024-3-1536x1024.jpg 1536w, https:\/\/bojornal.pt\/wp-content\/uploads\/2024\/09\/Bencao-das-Mochilas-2024-3-2048x1365.jpg 2048w\" sizes=\"auto, (max-width: 1024px) 100vw, 1024px\" \/><\/figure>\n\n\n\n<figure class=\"wp-block-image size-large\"><img loading=\"lazy\" decoding=\"async\" width=\"1024\" height=\"683\" data-id=\"14163\" src=\"https:\/\/bojornal.pt\/wp-content\/uploads\/2024\/09\/Bencao-das-Mochilas-2024-4-1024x683.jpg\" alt=\"\" class=\"wp-image-14163\" srcset=\"https:\/\/bojornal.pt\/wp-content\/uploads\/2024\/09\/Bencao-das-Mochilas-2024-4-1024x683.jpg 1024w, https:\/\/bojornal.pt\/wp-content\/uploads\/2024\/09\/Bencao-das-Mochilas-2024-4-300x200.jpg 300w, https:\/\/bojornal.pt\/wp-content\/uploads\/2024\/09\/Bencao-das-Mochilas-2024-4-150x100.jpg 150w, https:\/\/bojornal.pt\/wp-content\/uploads\/2024\/09\/Bencao-das-Mochilas-2024-4-768x512.jpg 768w, https:\/\/bojornal.pt\/wp-content\/uploads\/2024\/09\/Bencao-das-Mochilas-2024-4-1536x1024.jpg 1536w, https:\/\/bojornal.pt\/wp-content\/uploads\/2024\/09\/Bencao-das-Mochilas-2024-4-2048x1365.jpg 2048w\" sizes=\"auto, (max-width: 1024px) 100vw, 1024px\" \/><\/figure>\n\n\n\n<figure class=\"wp-block-image size-large\"><img loading=\"lazy\" decoding=\"async\" width=\"1024\" height=\"683\" data-id=\"14167\" src=\"https:\/\/bojornal.pt\/wp-content\/uploads\/2024\/09\/Bencao-das-Mochilas-2024-5-1024x683.jpg\" alt=\"\" class=\"wp-image-14167\" srcset=\"https:\/\/bojornal.pt\/wp-content\/uploads\/2024\/09\/Bencao-das-Mochilas-2024-5-1024x683.jpg 1024w, https:\/\/bojornal.pt\/wp-content\/uploads\/2024\/09\/Bencao-das-Mochilas-2024-5-300x200.jpg 300w, https:\/\/bojornal.pt\/wp-content\/uploads\/2024\/09\/Bencao-das-Mochilas-2024-5-150x100.jpg 150w, https:\/\/bojornal.pt\/wp-content\/uploads\/2024\/09\/Bencao-das-Mochilas-2024-5-768x512.jpg 768w, https:\/\/bojornal.pt\/wp-content\/uploads\/2024\/09\/Bencao-das-Mochilas-2024-5-1536x1024.jpg 1536w, https:\/\/bojornal.pt\/wp-content\/uploads\/2024\/09\/Bencao-das-Mochilas-2024-5-2048x1365.jpg 2048w\" sizes=\"auto, (max-width: 1024px) 100vw, 1024px\" \/><\/figure>\n\n\n\n<figure class=\"wp-block-image size-large\"><img loading=\"lazy\" decoding=\"async\" width=\"1024\" height=\"683\" data-id=\"14171\" src=\"https:\/\/bojornal.pt\/wp-content\/uploads\/2024\/09\/Bencao-das-Mochilas-2024-6-1024x683.jpg\" alt=\"\" class=\"wp-image-14171\" srcset=\"https:\/\/bojornal.pt\/wp-content\/uploads\/2024\/09\/Bencao-das-Mochilas-2024-6-1024x683.jpg 1024w, https:\/\/bojornal.pt\/wp-content\/uploads\/2024\/09\/Bencao-das-Mochilas-2024-6-300x200.jpg 300w, https:\/\/bojornal.pt\/wp-content\/uploads\/2024\/09\/Bencao-das-Mochilas-2024-6-150x100.jpg 150w, https:\/\/bojornal.pt\/wp-content\/uploads\/2024\/09\/Bencao-das-Mochilas-2024-6-768x512.jpg 768w, https:\/\/bojornal.pt\/wp-content\/uploads\/2024\/09\/Bencao-das-Mochilas-2024-6-1536x1024.jpg 1536w, https:\/\/bojornal.pt\/wp-content\/uploads\/2024\/09\/Bencao-das-Mochilas-2024-6-2048x1365.jpg 2048w\" sizes=\"auto, (max-width: 1024px) 100vw, 1024px\" \/><\/figure>\n\n\n\n<figure class=\"wp-block-image size-large\"><img loading=\"lazy\" decoding=\"async\" width=\"1024\" height=\"683\" data-id=\"14168\" src=\"https:\/\/bojornal.pt\/wp-content\/uploads\/2024\/09\/Bencao-das-Mochilas-2024-8-1024x683.jpg\" alt=\"\" class=\"wp-image-14168\" srcset=\"https:\/\/bojornal.pt\/wp-content\/uploads\/2024\/09\/Bencao-das-Mochilas-2024-8-1024x683.jpg 1024w, https:\/\/bojornal.pt\/wp-content\/uploads\/2024\/09\/Bencao-das-Mochilas-2024-8-300x200.jpg 300w, https:\/\/bojornal.pt\/wp-content\/uploads\/2024\/09\/Bencao-das-Mochilas-2024-8-150x100.jpg 150w, https:\/\/bojornal.pt\/wp-content\/uploads\/2024\/09\/Bencao-das-Mochilas-2024-8-768x512.jpg 768w, https:\/\/bojornal.pt\/wp-content\/uploads\/2024\/09\/Bencao-das-Mochilas-2024-8-1536x1024.jpg 1536w, https:\/\/bojornal.pt\/wp-content\/uploads\/2024\/09\/Bencao-das-Mochilas-2024-8-2048x1365.jpg 2048w\" sizes=\"auto, (max-width: 1024px) 100vw, 1024px\" \/><\/figure>\n\n\n\n<figure class=\"wp-block-image size-large\"><img loading=\"lazy\" decoding=\"async\" width=\"1024\" height=\"683\" data-id=\"14169\" src=\"https:\/\/bojornal.pt\/wp-content\/uploads\/2024\/09\/Bencao-das-Mochilas-2024-9-1024x683.jpg\" alt=\"\" class=\"wp-image-14169\" srcset=\"https:\/\/bojornal.pt\/wp-content\/uploads\/2024\/09\/Bencao-das-Mochilas-2024-9-1024x683.jpg 1024w, https:\/\/bojornal.pt\/wp-content\/uploads\/2024\/09\/Bencao-das-Mochilas-2024-9-300x200.jpg 300w, https:\/\/bojornal.pt\/wp-content\/uploads\/2024\/09\/Bencao-das-Mochilas-2024-9-150x100.jpg 150w, https:\/\/bojornal.pt\/wp-content\/uploads\/2024\/09\/Bencao-das-Mochilas-2024-9-768x512.jpg 768w, https:\/\/bojornal.pt\/wp-content\/uploads\/2024\/09\/Bencao-das-Mochilas-2024-9-1536x1024.jpg 1536w, https:\/\/bojornal.pt\/wp-content\/uploads\/2024\/09\/Bencao-das-Mochilas-2024-9-2048x1365.jpg 2048w\" sizes=\"auto, (max-width: 1024px) 100vw, 1024px\" \/><\/figure>\n\n\n\n<figure class=\"wp-block-image size-large\"><img loading=\"lazy\" decoding=\"async\" width=\"1024\" height=\"683\" data-id=\"14162\" src=\"https:\/\/bojornal.pt\/wp-content\/uploads\/2024\/09\/Bencao-das-Mochilas-2024-10-1024x683.jpg\" alt=\"\" class=\"wp-image-14162\" srcset=\"https:\/\/bojornal.pt\/wp-content\/uploads\/2024\/09\/Bencao-das-Mochilas-2024-10-1024x683.jpg 1024w, https:\/\/bojornal.pt\/wp-content\/uploads\/2024\/09\/Bencao-das-Mochilas-2024-10-300x200.jpg 300w, https:\/\/bojornal.pt\/wp-content\/uploads\/2024\/09\/Bencao-das-Mochilas-2024-10-150x100.jpg 150w, https:\/\/bojornal.pt\/wp-content\/uploads\/2024\/09\/Bencao-das-Mochilas-2024-10-768x512.jpg 768w, https:\/\/bojornal.pt\/wp-content\/uploads\/2024\/09\/Bencao-das-Mochilas-2024-10-1536x1024.jpg 1536w, https:\/\/bojornal.pt\/wp-content\/uploads\/2024\/09\/Bencao-das-Mochilas-2024-10-2048x1365.jpg 2048w\" sizes=\"auto, (max-width: 1024px) 100vw, 1024px\" \/><\/figure>\n\n\n\n<figure class=\"wp-block-image size-large\"><img loading=\"lazy\" decoding=\"async\" width=\"1024\" height=\"683\" data-id=\"14161\" src=\"https:\/\/bojornal.pt\/wp-content\/uploads\/2024\/09\/Bencao-das-Mochilas-2024-11-1024x683.jpg\" alt=\"\" class=\"wp-image-14161\" srcset=\"https:\/\/bojornal.pt\/wp-content\/uploads\/2024\/09\/Bencao-das-Mochilas-2024-11-1024x683.jpg 1024w, https:\/\/bojornal.pt\/wp-content\/uploads\/2024\/09\/Bencao-das-Mochilas-2024-11-300x200.jpg 300w, https:\/\/bojornal.pt\/wp-content\/uploads\/2024\/09\/Bencao-das-Mochilas-2024-11-150x100.jpg 150w, https:\/\/bojornal.pt\/wp-content\/uploads\/2024\/09\/Bencao-das-Mochilas-2024-11-768x512.jpg 768w, https:\/\/bojornal.pt\/wp-content\/uploads\/2024\/09\/Bencao-das-Mochilas-2024-11-1536x1024.jpg 1536w, https:\/\/bojornal.pt\/wp-content\/uploads\/2024\/09\/Bencao-das-Mochilas-2024-11-2048x1366.jpg 2048w\" sizes=\"auto, (max-width: 1024px) 100vw, 1024px\" \/><\/figure>\n\n\n\n<figure class=\"wp-block-image size-large\"><img loading=\"lazy\" decoding=\"async\" width=\"1024\" height=\"683\" data-id=\"14160\" src=\"https:\/\/bojornal.pt\/wp-content\/uploads\/2024\/09\/Bencao-das-Mochilas-2024-12-1024x683.jpg\" alt=\"\" class=\"wp-image-14160\" srcset=\"https:\/\/bojornal.pt\/wp-content\/uploads\/2024\/09\/Bencao-das-Mochilas-2024-12-1024x683.jpg 1024w, https:\/\/bojornal.pt\/wp-content\/uploads\/2024\/09\/Bencao-das-Mochilas-2024-12-300x200.jpg 300w, https:\/\/bojornal.pt\/wp-content\/uploads\/2024\/09\/Bencao-das-Mochilas-2024-12-150x100.jpg 150w, https:\/\/bojornal.pt\/wp-content\/uploads\/2024\/09\/Bencao-das-Mochilas-2024-12-768x512.jpg 768w, https:\/\/bojornal.pt\/wp-content\/uploads\/2024\/09\/Bencao-das-Mochilas-2024-12-1536x1024.jpg 1536w, https:\/\/bojornal.pt\/wp-content\/uploads\/2024\/09\/Bencao-das-Mochilas-2024-12-2048x1365.jpg 2048w\" sizes=\"auto, (max-width: 1024px) 100vw, 1024px\" \/><\/figure>\n<\/figure>\n\n\n\n<figure class=\"wp-block-gallery has-nested-images columns-default is-cropped wp-block-gallery-3 is-layout-flex wp-block-gallery-is-layout-flex\">\n<figure class=\"wp-block-image size-large\"><img loading=\"lazy\" decoding=\"async\" width=\"1024\" height=\"683\" data-id=\"14174\" src=\"https:\/\/bojornal.pt\/wp-content\/uploads\/2024\/09\/Bencao-das-Mochilas-2024-22-1024x683.jpg\" alt=\"\" class=\"wp-image-14174\" srcset=\"https:\/\/bojornal.pt\/wp-content\/uploads\/2024\/09\/Bencao-das-Mochilas-2024-22-1024x683.jpg 1024w, https:\/\/bojornal.pt\/wp-content\/uploads\/2024\/09\/Bencao-das-Mochilas-2024-22-300x200.jpg 300w, https:\/\/bojornal.pt\/wp-content\/uploads\/2024\/09\/Bencao-das-Mochilas-2024-22-150x100.jpg 150w, https:\/\/bojornal.pt\/wp-content\/uploads\/2024\/09\/Bencao-das-Mochilas-2024-22-768x512.jpg 768w, https:\/\/bojornal.pt\/wp-content\/uploads\/2024\/09\/Bencao-das-Mochilas-2024-22-1536x1024.jpg 1536w, https:\/\/bojornal.pt\/wp-content\/uploads\/2024\/09\/Bencao-das-Mochilas-2024-22-2048x1366.jpg 2048w\" sizes=\"auto, (max-width: 1024px) 100vw, 1024px\" \/><\/figure>\n\n\n\n<figure class=\"wp-block-image size-large\"><img loading=\"lazy\" decoding=\"async\" width=\"1024\" height=\"683\" data-id=\"14176\" src=\"https:\/\/bojornal.pt\/wp-content\/uploads\/2024\/09\/Bencao-das-Mochilas-2024-25-1024x683.jpg\" alt=\"\" class=\"wp-image-14176\" srcset=\"https:\/\/bojornal.pt\/wp-content\/uploads\/2024\/09\/Bencao-das-Mochilas-2024-25-1024x683.jpg 1024w, https:\/\/bojornal.pt\/wp-content\/uploads\/2024\/09\/Bencao-das-Mochilas-2024-25-300x200.jpg 300w, https:\/\/bojornal.pt\/wp-content\/uploads\/2024\/09\/Bencao-das-Mochilas-2024-25-150x100.jpg 150w, https:\/\/bojornal.pt\/wp-content\/uploads\/2024\/09\/Bencao-das-Mochilas-2024-25-768x512.jpg 768w, https:\/\/bojornal.pt\/wp-content\/uploads\/2024\/09\/Bencao-das-Mochilas-2024-25-1536x1024.jpg 1536w, https:\/\/bojornal.pt\/wp-content\/uploads\/2024\/09\/Bencao-das-Mochilas-2024-25-2048x1365.jpg 2048w\" sizes=\"auto, (max-width: 1024px) 100vw, 1024px\" \/><\/figure>\n\n\n\n<figure class=\"wp-block-image size-large\"><img loading=\"lazy\" decoding=\"async\" width=\"1024\" height=\"683\" data-id=\"14177\" src=\"https:\/\/bojornal.pt\/wp-content\/uploads\/2024\/09\/Bencao-das-Mochilas-2024-27-1024x683.jpg\" alt=\"\" class=\"wp-image-14177\" srcset=\"https:\/\/bojornal.pt\/wp-content\/uploads\/2024\/09\/Bencao-das-Mochilas-2024-27-1024x683.jpg 1024w, https:\/\/bojornal.pt\/wp-content\/uploads\/2024\/09\/Bencao-das-Mochilas-2024-27-300x200.jpg 300w, https:\/\/bojornal.pt\/wp-content\/uploads\/2024\/09\/Bencao-das-Mochilas-2024-27-150x100.jpg 150w, https:\/\/bojornal.pt\/wp-content\/uploads\/2024\/09\/Bencao-das-Mochilas-2024-27-768x512.jpg 768w, https:\/\/bojornal.pt\/wp-content\/uploads\/2024\/09\/Bencao-das-Mochilas-2024-27-1536x1024.jpg 1536w, https:\/\/bojornal.pt\/wp-content\/uploads\/2024\/09\/Bencao-das-Mochilas-2024-27-2048x1365.jpg 2048w\" sizes=\"auto, (max-width: 1024px) 100vw, 1024px\" \/><\/figure>\n\n\n\n<figure class=\"wp-block-image size-large\"><img loading=\"lazy\" decoding=\"async\" width=\"1024\" height=\"683\" data-id=\"14173\" src=\"https:\/\/bojornal.pt\/wp-content\/uploads\/2024\/09\/Bencao-das-Mochilas-2024-31-1024x683.jpg\" alt=\"\" class=\"wp-image-14173\" srcset=\"https:\/\/bojornal.pt\/wp-content\/uploads\/2024\/09\/Bencao-das-Mochilas-2024-31-1024x683.jpg 1024w, https:\/\/bojornal.pt\/wp-content\/uploads\/2024\/09\/Bencao-das-Mochilas-2024-31-300x200.jpg 300w, https:\/\/bojornal.pt\/wp-content\/uploads\/2024\/09\/Bencao-das-Mochilas-2024-31-150x100.jpg 150w, https:\/\/bojornal.pt\/wp-content\/uploads\/2024\/09\/Bencao-das-Mochilas-2024-31-768x512.jpg 768w, https:\/\/bojornal.pt\/wp-content\/uploads\/2024\/09\/Bencao-das-Mochilas-2024-31-1536x1024.jpg 1536w, https:\/\/bojornal.pt\/wp-content\/uploads\/2024\/09\/Bencao-das-Mochilas-2024-31-2048x1365.jpg 2048w\" sizes=\"auto, (max-width: 1024px) 100vw, 1024px\" \/><\/figure>\n\n\n\n<figure class=\"wp-block-image size-large\"><img loading=\"lazy\" decoding=\"async\" width=\"1024\" height=\"683\" data-id=\"14178\" src=\"https:\/\/bojornal.pt\/wp-content\/uploads\/2024\/09\/Bencao-das-Mochilas-2024-32-1024x683.jpg\" alt=\"\" class=\"wp-image-14178\" srcset=\"https:\/\/bojornal.pt\/wp-content\/uploads\/2024\/09\/Bencao-das-Mochilas-2024-32-1024x683.jpg 1024w, https:\/\/bojornal.pt\/wp-content\/uploads\/2024\/09\/Bencao-das-Mochilas-2024-32-300x200.jpg 300w, https:\/\/bojornal.pt\/wp-content\/uploads\/2024\/09\/Bencao-das-Mochilas-2024-32-150x100.jpg 150w, https:\/\/bojornal.pt\/wp-content\/uploads\/2024\/09\/Bencao-das-Mochilas-2024-32-768x512.jpg 768w, https:\/\/bojornal.pt\/wp-content\/uploads\/2024\/09\/Bencao-das-Mochilas-2024-32-1536x1024.jpg 1536w, https:\/\/bojornal.pt\/wp-content\/uploads\/2024\/09\/Bencao-das-Mochilas-2024-32-2048x1366.jpg 2048w\" sizes=\"auto, (max-width: 1024px) 100vw, 1024px\" \/><\/figure>\n\n\n\n<figure class=\"wp-block-image size-large\"><img loading=\"lazy\" decoding=\"async\" width=\"1024\" height=\"683\" data-id=\"14172\" src=\"https:\/\/bojornal.pt\/wp-content\/uploads\/2024\/09\/Bencao-das-Mochilas-2024-33-1024x683.jpg\" alt=\"\" class=\"wp-image-14172\" srcset=\"https:\/\/bojornal.pt\/wp-content\/uploads\/2024\/09\/Bencao-das-Mochilas-2024-33-1024x683.jpg 1024w, https:\/\/bojornal.pt\/wp-content\/uploads\/2024\/09\/Bencao-das-Mochilas-2024-33-300x200.jpg 300w, https:\/\/bojornal.pt\/wp-content\/uploads\/2024\/09\/Bencao-das-Mochilas-2024-33-150x100.jpg 150w, https:\/\/bojornal.pt\/wp-content\/uploads\/2024\/09\/Bencao-das-Mochilas-2024-33-768x512.jpg 768w, https:\/\/bojornal.pt\/wp-content\/uploads\/2024\/09\/Bencao-das-Mochilas-2024-33-1536x1024.jpg 1536w, https:\/\/bojornal.pt\/wp-content\/uploads\/2024\/09\/Bencao-das-Mochilas-2024-33-2048x1365.jpg 2048w\" sizes=\"auto, (max-width: 1024px) 100vw, 1024px\" \/><\/figure>\n\n\n\n<figure class=\"wp-block-image size-large\"><img loading=\"lazy\" decoding=\"async\" width=\"1024\" height=\"683\" data-id=\"14175\" src=\"https:\/\/bojornal.pt\/wp-content\/uploads\/2024\/09\/Bencao-das-Mochilas-2024-34-1024x683.jpg\" alt=\"\" class=\"wp-image-14175\" srcset=\"https:\/\/bojornal.pt\/wp-content\/uploads\/2024\/09\/Bencao-das-Mochilas-2024-34-1024x683.jpg 1024w, https:\/\/bojornal.pt\/wp-content\/uploads\/2024\/09\/Bencao-das-Mochilas-2024-34-300x200.jpg 300w, https:\/\/bojornal.pt\/wp-content\/uploads\/2024\/09\/Bencao-das-Mochilas-2024-34-150x100.jpg 150w, https:\/\/bojornal.pt\/wp-content\/uploads\/2024\/09\/Bencao-das-Mochilas-2024-34-768x512.jpg 768w, https:\/\/bojornal.pt\/wp-content\/uploads\/2024\/09\/Bencao-das-Mochilas-2024-34-1536x1024.jpg 1536w, https:\/\/bojornal.pt\/wp-content\/uploads\/2024\/09\/Bencao-das-Mochilas-2024-34-2048x1365.jpg 2048w\" sizes=\"auto, (max-width: 1024px) 100vw, 1024px\" \/><\/figure>\n\n\n\n<figure class=\"wp-block-image size-large\"><img loading=\"lazy\" decoding=\"async\" width=\"1024\" height=\"683\" data-id=\"14179\" src=\"https:\/\/bojornal.pt\/wp-content\/uploads\/2024\/09\/Bencao-das-Mochilas-2024-53-1024x683.jpg\" alt=\"\" class=\"wp-image-14179\" srcset=\"https:\/\/bojornal.pt\/wp-content\/uploads\/2024\/09\/Bencao-das-Mochilas-2024-53-1024x683.jpg 1024w, https:\/\/bojornal.pt\/wp-content\/uploads\/2024\/09\/Bencao-das-Mochilas-2024-53-300x200.jpg 300w, https:\/\/bojornal.pt\/wp-content\/uploads\/2024\/09\/Bencao-das-Mochilas-2024-53-150x100.jpg 150w, https:\/\/bojornal.pt\/wp-content\/uploads\/2024\/09\/Bencao-das-Mochilas-2024-53-768x512.jpg 768w, https:\/\/bojornal.pt\/wp-content\/uploads\/2024\/09\/Bencao-das-Mochilas-2024-53-1536x1024.jpg 1536w, https:\/\/bojornal.pt\/wp-content\/uploads\/2024\/09\/Bencao-das-Mochilas-2024-53-2048x1365.jpg 2048w\" sizes=\"auto, (max-width: 1024px) 100vw, 1024px\" \/><\/figure>\n\n\n\n<figure class=\"wp-block-image size-large\"><img loading=\"lazy\" decoding=\"async\" width=\"1024\" height=\"683\" data-id=\"14181\" src=\"https:\/\/bojornal.pt\/wp-content\/uploads\/2024\/09\/Bencao-das-Mochilas-2024-55-1024x683.jpg\" alt=\"\" class=\"wp-image-14181\" srcset=\"https:\/\/bojornal.pt\/wp-content\/uploads\/2024\/09\/Bencao-das-Mochilas-2024-55-1024x683.jpg 1024w, https:\/\/bojornal.pt\/wp-content\/uploads\/2024\/09\/Bencao-das-Mochilas-2024-55-300x200.jpg 300w, https:\/\/bojornal.pt\/wp-content\/uploads\/2024\/09\/Bencao-das-Mochilas-2024-55-150x100.jpg 150w, https:\/\/bojornal.pt\/wp-content\/uploads\/2024\/09\/Bencao-das-Mochilas-2024-55-768x512.jpg 768w, https:\/\/bojornal.pt\/wp-content\/uploads\/2024\/09\/Bencao-das-Mochilas-2024-55-1536x1024.jpg 1536w, https:\/\/bojornal.pt\/wp-content\/uploads\/2024\/09\/Bencao-das-Mochilas-2024-55-2048x1365.jpg 2048w\" sizes=\"auto, (max-width: 1024px) 100vw, 1024px\" \/><\/figure>\n<\/figure>\n\n\n\n<p>Os alunos do Agrupamento de Escolas Em\u00eddio Garcia, inscritos em EMRC, assinalaram o in\u00edcio do ano letivo com a Celebra\u00e7\u00e3o da B\u00ean\u00e7\u00e3o das Mochilas, enquadrada na Celebra\u00e7\u00e3o Dominical, na Catedral de Bragan\u00e7a. Esta atividade, realizada no dia 29 de setembro, contou com muitos alunos e familiares que, motivados pela f\u00e9 participaram nesta cerim\u00f3nia religiosa, presidida pelo p\u00e1roco da Par\u00f3quia de S. Jo\u00e3o Baptista da S\u00e9, Pe. Jos\u00e9 Bento Soares.<\/p>\n\n\n\n<p>O Grupo Coral Em\u00eddio Garcia fez, atrav\u00e9s da m\u00fasica, a anima\u00e7\u00e3o lit\u00fargica da celebra\u00e7\u00e3o. <\/p>\n\n\n\n<p><\/p>\n","protected":false},"excerpt":{"rendered":"<p>Alunos de EMRC e familiares assinalaram abertura do ano com celebra\u00e7\u00e3o na Catedral de Bragan\u00e7a Os alunos do Agrupamento de Escolas Em\u00eddio Garcia, inscritos em EMRC, assinalaram o in\u00edcio do ano letivo com a&#46;&#46;&#46;<\/p>\n","protected":false},"author":2,"featured_media":14180,"comment_status":"closed","ping_status":"open","sticky":false,"template":"","format":"standard","meta":{"footnotes":""},"categories":[14,9,13,16],"tags":[],"class_list":["post-14138","post","type-post","status-publish","format-standard","has-post-thumbnail","hentry","category-1o-ciclo","category-em-foco","category-escola-paulo-quintela","category-escola-secundaria-emidio-garcia"],"_links":{"self":[{"href":"https:\/\/bojornal.pt\/index.php?rest_route=\/wp\/v2\/posts\/14138","targetHints":{"allow":["GET"]}}],"collection":[{"href":"https:\/\/bojornal.pt\/index.php?rest_route=\/wp\/v2\/posts"}],"about":[{"href":"https:\/\/bojornal.pt\/index.php?rest_route=\/wp\/v2\/types\/post"}],"author":[{"embeddable":true,"href":"https:\/\/bojornal.pt\/index.php?rest_route=\/wp\/v2\/users\/2"}],"replies":[{"embeddable":true,"href":"https:\/\/bojornal.pt\/index.php?rest_route=%2Fwp%2Fv2%2Fcomments&post=14138"}],"version-history":[{"count":0,"href":"https:\/\/bojornal.pt\/index.php?rest_route=\/wp\/v2\/posts\/14138\/revisions"}],"wp:featuredmedia":[{"embeddable":true,"href":"https:\/\/bojornal.pt\/index.php?rest_route=\/wp\/v2\/media\/14180"}],"wp:attachment":[{"href":"https:\/\/bojornal.pt\/index.php?rest_route=%2Fwp%2Fv2%2Fmedia&parent=14138"}],"wp:term":[{"taxonomy":"category","embeddable":true,"href":"https:\/\/bojornal.pt\/index.php?rest_route=%2Fwp%2Fv2%2Fcategories&post=14138"},{"taxonomy":"post_tag","embeddable":true,"href":"https:\/\/bojornal.pt\/index.php?rest_route=%2Fwp%2Fv2%2Ftags&post=14138"}],"curies":[{"name":"wp","href":"https:\/\/api.w.org\/{rel}","templated":true}]}}