{"id":14130,"date":"2024-09-27T16:45:31","date_gmt":"2024-09-27T15:45:31","guid":{"rendered":"https:\/\/bojornal.pt\/?p=14130"},"modified":"2024-09-27T17:41:32","modified_gmt":"2024-09-27T16:41:32","slug":"dia-europeu-do-desporto-escolar","status":"publish","type":"post","link":"https:\/\/bojornal.pt\/?p=14130","title":{"rendered":"Dia Europeu do Desporto Escolar"},"content":{"rendered":"\n<p><strong>Alunos da Escola Em\u00eddio Garcia tiveram a oportunidade de experimentar v\u00e1rias modalidades<\/strong><\/p>\n\n\n\n<figure class=\"wp-block-gallery has-nested-images columns-default is-cropped wp-block-gallery-1 is-layout-flex wp-block-gallery-is-layout-flex\">\n<figure class=\"wp-block-image size-large\"><img loading=\"lazy\" decoding=\"async\" width=\"768\" height=\"1024\" data-id=\"14133\" src=\"https:\/\/bojornal.pt\/wp-content\/uploads\/2024\/09\/2_Dia-Europeu-do-Desporto-1-768x1024.jpeg\" alt=\"\" class=\"wp-image-14133\" srcset=\"https:\/\/bojornal.pt\/wp-content\/uploads\/2024\/09\/2_Dia-Europeu-do-Desporto-1-768x1024.jpeg 768w, https:\/\/bojornal.pt\/wp-content\/uploads\/2024\/09\/2_Dia-Europeu-do-Desporto-1-225x300.jpeg 225w, https:\/\/bojornal.pt\/wp-content\/uploads\/2024\/09\/2_Dia-Europeu-do-Desporto-1-113x150.jpeg 113w, https:\/\/bojornal.pt\/wp-content\/uploads\/2024\/09\/2_Dia-Europeu-do-Desporto-1-1152x1536.jpeg 1152w, https:\/\/bojornal.pt\/wp-content\/uploads\/2024\/09\/2_Dia-Europeu-do-Desporto-1.jpeg 1200w\" sizes=\"auto, (max-width: 768px) 100vw, 768px\" \/><\/figure>\n\n\n\n<figure class=\"wp-block-image size-large\"><img loading=\"lazy\" decoding=\"async\" width=\"1024\" height=\"639\" data-id=\"14131\" src=\"https:\/\/bojornal.pt\/wp-content\/uploads\/2024\/09\/2_Dia-Europeu-do-Desporto-2-1024x639.jpeg\" alt=\"\" class=\"wp-image-14131\" srcset=\"https:\/\/bojornal.pt\/wp-content\/uploads\/2024\/09\/2_Dia-Europeu-do-Desporto-2-1024x639.jpeg 1024w, https:\/\/bojornal.pt\/wp-content\/uploads\/2024\/09\/2_Dia-Europeu-do-Desporto-2-300x187.jpeg 300w, https:\/\/bojornal.pt\/wp-content\/uploads\/2024\/09\/2_Dia-Europeu-do-Desporto-2-150x94.jpeg 150w, https:\/\/bojornal.pt\/wp-content\/uploads\/2024\/09\/2_Dia-Europeu-do-Desporto-2-768x479.jpeg 768w, https:\/\/bojornal.pt\/wp-content\/uploads\/2024\/09\/2_Dia-Europeu-do-Desporto-2-1536x959.jpeg 1536w, https:\/\/bojornal.pt\/wp-content\/uploads\/2024\/09\/2_Dia-Europeu-do-Desporto-2.jpeg 1599w\" sizes=\"auto, (max-width: 1024px) 100vw, 1024px\" \/><\/figure>\n\n\n\n<figure class=\"wp-block-image size-large\"><img loading=\"lazy\" decoding=\"async\" width=\"1024\" height=\"768\" data-id=\"14132\" src=\"https:\/\/bojornal.pt\/wp-content\/uploads\/2024\/09\/2_Dia-Europeu-do-Desporto-3-1024x768.jpeg\" alt=\"\" class=\"wp-image-14132\" srcset=\"https:\/\/bojornal.pt\/wp-content\/uploads\/2024\/09\/2_Dia-Europeu-do-Desporto-3-1024x768.jpeg 1024w, https:\/\/bojornal.pt\/wp-content\/uploads\/2024\/09\/2_Dia-Europeu-do-Desporto-3-300x225.jpeg 300w, https:\/\/bojornal.pt\/wp-content\/uploads\/2024\/09\/2_Dia-Europeu-do-Desporto-3-150x113.jpeg 150w, https:\/\/bojornal.pt\/wp-content\/uploads\/2024\/09\/2_Dia-Europeu-do-Desporto-3-768x576.jpeg 768w, https:\/\/bojornal.pt\/wp-content\/uploads\/2024\/09\/2_Dia-Europeu-do-Desporto-3-1536x1152.jpeg 1536w, https:\/\/bojornal.pt\/wp-content\/uploads\/2024\/09\/2_Dia-Europeu-do-Desporto-3.jpeg 1600w\" sizes=\"auto, (max-width: 1024px) 100vw, 1024px\" \/><\/figure>\n<\/figure>\n\n\n\n<p>A sec\u00e7\u00e3o de Educa\u00e7\u00e3o F\u00edsica celebrou o Dia Europeu do Desporto Escolar, no dia 27 de setembro, atrav\u00e9s de atividades direcionadas aos alunos de forma a experimentarem as diversas modalidades do Clube do Desporto Escolar do Agrupamento. A Escola oferece um leque de modalidades com o objetivo de desenvolver um conjunto de pr\u00e1ticas l\u00fadico-desportivas e de forma\u00e7\u00e3o que visam promover a sa\u00fade e a condi\u00e7\u00e3o f\u00edsica; h\u00e1bitos e condutas motoras; e o reconhecimento do desporto como fator de cultura, estimulador de solidariedade, coopera\u00e7\u00e3o e conv\u00edvio com a orienta\u00e7\u00e3o por profissionais qualificados.<\/p>\n","protected":false},"excerpt":{"rendered":"<p>Alunos da Escola Em\u00eddio Garcia tiveram a oportunidade de experimentar v\u00e1rias modalidades A sec\u00e7\u00e3o de Educa\u00e7\u00e3o F\u00edsica celebrou o Dia Europeu do Desporto Escolar, no dia 27 de setembro, atrav\u00e9s de atividades direcionadas aos&#46;&#46;&#46;<\/p>\n","protected":false},"author":2,"featured_media":14131,"comment_status":"closed","ping_status":"open","sticky":false,"template":"","format":"standard","meta":{"footnotes":""},"categories":[25,9,16],"tags":[],"class_list":["post-14130","post","type-post","status-publish","format-standard","has-post-thumbnail","hentry","category-clubes","category-em-foco","category-escola-secundaria-emidio-garcia"],"_links":{"self":[{"href":"https:\/\/bojornal.pt\/index.php?rest_route=\/wp\/v2\/posts\/14130","targetHints":{"allow":["GET"]}}],"collection":[{"href":"https:\/\/bojornal.pt\/index.php?rest_route=\/wp\/v2\/posts"}],"about":[{"href":"https:\/\/bojornal.pt\/index.php?rest_route=\/wp\/v2\/types\/post"}],"author":[{"embeddable":true,"href":"https:\/\/bojornal.pt\/index.php?rest_route=\/wp\/v2\/users\/2"}],"replies":[{"embeddable":true,"href":"https:\/\/bojornal.pt\/index.php?rest_route=%2Fwp%2Fv2%2Fcomments&post=14130"}],"version-history":[{"count":0,"href":"https:\/\/bojornal.pt\/index.php?rest_route=\/wp\/v2\/posts\/14130\/revisions"}],"wp:featuredmedia":[{"embeddable":true,"href":"https:\/\/bojornal.pt\/index.php?rest_route=\/wp\/v2\/media\/14131"}],"wp:attachment":[{"href":"https:\/\/bojornal.pt\/index.php?rest_route=%2Fwp%2Fv2%2Fmedia&parent=14130"}],"wp:term":[{"taxonomy":"category","embeddable":true,"href":"https:\/\/bojornal.pt\/index.php?rest_route=%2Fwp%2Fv2%2Fcategories&post=14130"},{"taxonomy":"post_tag","embeddable":true,"href":"https:\/\/bojornal.pt\/index.php?rest_route=%2Fwp%2Fv2%2Ftags&post=14130"}],"curies":[{"name":"wp","href":"https:\/\/api.w.org\/{rel}","templated":true}]}}