{"id":14126,"date":"2024-09-23T16:41:20","date_gmt":"2024-09-23T15:41:20","guid":{"rendered":"https:\/\/bojornal.pt\/?p=14126"},"modified":"2024-09-23T16:42:09","modified_gmt":"2024-09-23T15:42:09","slug":"gostas-de-teatro","status":"publish","type":"post","link":"https:\/\/bojornal.pt\/?p=14126","title":{"rendered":"Gostas de Teatro?"},"content":{"rendered":"\n<p>Atreve-te e inscreve-te para o <em>casting<\/em> do GRUTEG<\/p>\n\n\n\n<figure class=\"wp-block-image size-large\"><img loading=\"lazy\" decoding=\"async\" width=\"1024\" height=\"724\" src=\"https:\/\/bojornal.pt\/wp-content\/uploads\/2024\/09\/Cartaz-GRUTEG-CASTING-1024x724.jpg\" alt=\"\" class=\"wp-image-14127\" srcset=\"https:\/\/bojornal.pt\/wp-content\/uploads\/2024\/09\/Cartaz-GRUTEG-CASTING-1024x724.jpg 1024w, https:\/\/bojornal.pt\/wp-content\/uploads\/2024\/09\/Cartaz-GRUTEG-CASTING-300x212.jpg 300w, https:\/\/bojornal.pt\/wp-content\/uploads\/2024\/09\/Cartaz-GRUTEG-CASTING-150x106.jpg 150w, https:\/\/bojornal.pt\/wp-content\/uploads\/2024\/09\/Cartaz-GRUTEG-CASTING-768x543.jpg 768w, https:\/\/bojornal.pt\/wp-content\/uploads\/2024\/09\/Cartaz-GRUTEG-CASTING-1536x1086.jpg 1536w, https:\/\/bojornal.pt\/wp-content\/uploads\/2024\/09\/Cartaz-GRUTEG-CASTING-2048x1448.jpg 2048w\" sizes=\"auto, (max-width: 1024px) 100vw, 1024px\" \/><\/figure>\n\n\n\n<p>Est\u00e3o abertas as inscri\u00e7\u00f5es para o <em>casting<\/em> do Grupo de Teatro da Escola Em\u00eddio Garcia (GRUTEG). N\u00e3o percas esta oportunidade.<\/p>\n","protected":false},"excerpt":{"rendered":"<p>Atreve-te e inscreve-te para o casting do GRUTEG Est\u00e3o abertas as inscri\u00e7\u00f5es para o casting do Grupo de Teatro da Escola Em\u00eddio Garcia (GRUTEG). N\u00e3o percas esta oportunidade.<\/p>\n","protected":false},"author":2,"featured_media":14127,"comment_status":"closed","ping_status":"open","sticky":false,"template":"","format":"standard","meta":{"footnotes":""},"categories":[2,3],"tags":[],"class_list":["post-14126","post","type-post","status-publish","format-standard","has-post-thumbnail","hentry","category-atualidade","category-cultura"],"_links":{"self":[{"href":"https:\/\/bojornal.pt\/index.php?rest_route=\/wp\/v2\/posts\/14126","targetHints":{"allow":["GET"]}}],"collection":[{"href":"https:\/\/bojornal.pt\/index.php?rest_route=\/wp\/v2\/posts"}],"about":[{"href":"https:\/\/bojornal.pt\/index.php?rest_route=\/wp\/v2\/types\/post"}],"author":[{"embeddable":true,"href":"https:\/\/bojornal.pt\/index.php?rest_route=\/wp\/v2\/users\/2"}],"replies":[{"embeddable":true,"href":"https:\/\/bojornal.pt\/index.php?rest_route=%2Fwp%2Fv2%2Fcomments&post=14126"}],"version-history":[{"count":0,"href":"https:\/\/bojornal.pt\/index.php?rest_route=\/wp\/v2\/posts\/14126\/revisions"}],"wp:featuredmedia":[{"embeddable":true,"href":"https:\/\/bojornal.pt\/index.php?rest_route=\/wp\/v2\/media\/14127"}],"wp:attachment":[{"href":"https:\/\/bojornal.pt\/index.php?rest_route=%2Fwp%2Fv2%2Fmedia&parent=14126"}],"wp:term":[{"taxonomy":"category","embeddable":true,"href":"https:\/\/bojornal.pt\/index.php?rest_route=%2Fwp%2Fv2%2Fcategories&post=14126"},{"taxonomy":"post_tag","embeddable":true,"href":"https:\/\/bojornal.pt\/index.php?rest_route=%2Fwp%2Fv2%2Ftags&post=14126"}],"curies":[{"name":"wp","href":"https:\/\/api.w.org\/{rel}","templated":true}]}}