{"id":14085,"date":"2024-09-16T16:08:22","date_gmt":"2024-09-16T15:08:22","guid":{"rendered":"https:\/\/bojornal.pt\/?p=14085"},"modified":"2024-09-16T16:15:27","modified_gmt":"2024-09-16T15:15:27","slug":"inicio-de-ano-letivo","status":"publish","type":"post","link":"https:\/\/bojornal.pt\/?p=14085","title":{"rendered":"In\u00edcio de ano letivo"},"content":{"rendered":"\n<p><strong>Rece\u00e7\u00e3o aos novos alunos<\/strong><\/p>\n\n\n\n<figure class=\"wp-block-gallery has-nested-images columns-default is-cropped wp-block-gallery-1 is-layout-flex wp-block-gallery-is-layout-flex\">\n<figure class=\"wp-block-image size-large\"><img loading=\"lazy\" decoding=\"async\" width=\"1024\" height=\"683\" data-id=\"14098\" src=\"https:\/\/bojornal.pt\/wp-content\/uploads\/2024\/09\/1_Rececao-aos-alunos-1-1024x683.jpeg\" alt=\"\" class=\"wp-image-14098\" srcset=\"https:\/\/bojornal.pt\/wp-content\/uploads\/2024\/09\/1_Rececao-aos-alunos-1-1024x683.jpeg 1024w, https:\/\/bojornal.pt\/wp-content\/uploads\/2024\/09\/1_Rececao-aos-alunos-1-300x200.jpeg 300w, https:\/\/bojornal.pt\/wp-content\/uploads\/2024\/09\/1_Rececao-aos-alunos-1-150x100.jpeg 150w, https:\/\/bojornal.pt\/wp-content\/uploads\/2024\/09\/1_Rececao-aos-alunos-1-768x512.jpeg 768w, https:\/\/bojornal.pt\/wp-content\/uploads\/2024\/09\/1_Rececao-aos-alunos-1-1536x1024.jpeg 1536w, https:\/\/bojornal.pt\/wp-content\/uploads\/2024\/09\/1_Rececao-aos-alunos-1-2048x1365.jpeg 2048w\" sizes=\"auto, (max-width: 1024px) 100vw, 1024px\" \/><\/figure>\n\n\n\n<figure class=\"wp-block-image size-large\"><img loading=\"lazy\" decoding=\"async\" width=\"1024\" height=\"681\" data-id=\"14091\" src=\"https:\/\/bojornal.pt\/wp-content\/uploads\/2024\/09\/1_Rececao-aos-alunos-1-1024x681.jpg\" alt=\"\" class=\"wp-image-14091\" srcset=\"https:\/\/bojornal.pt\/wp-content\/uploads\/2024\/09\/1_Rececao-aos-alunos-1-1024x681.jpg 1024w, https:\/\/bojornal.pt\/wp-content\/uploads\/2024\/09\/1_Rececao-aos-alunos-1-300x199.jpg 300w, https:\/\/bojornal.pt\/wp-content\/uploads\/2024\/09\/1_Rececao-aos-alunos-1-150x100.jpg 150w, https:\/\/bojornal.pt\/wp-content\/uploads\/2024\/09\/1_Rececao-aos-alunos-1-768x511.jpg 768w, https:\/\/bojornal.pt\/wp-content\/uploads\/2024\/09\/1_Rececao-aos-alunos-1-1536x1021.jpg 1536w, https:\/\/bojornal.pt\/wp-content\/uploads\/2024\/09\/1_Rececao-aos-alunos-1-2048x1362.jpg 2048w\" sizes=\"auto, (max-width: 1024px) 100vw, 1024px\" \/><\/figure>\n\n\n\n<figure class=\"wp-block-image size-large\"><img loading=\"lazy\" decoding=\"async\" width=\"1024\" height=\"683\" data-id=\"14096\" src=\"https:\/\/bojornal.pt\/wp-content\/uploads\/2024\/09\/1_Rececao-aos-alunos-2-1024x683.jpeg\" alt=\"\" class=\"wp-image-14096\" srcset=\"https:\/\/bojornal.pt\/wp-content\/uploads\/2024\/09\/1_Rececao-aos-alunos-2-1024x683.jpeg 1024w, https:\/\/bojornal.pt\/wp-content\/uploads\/2024\/09\/1_Rececao-aos-alunos-2-300x200.jpeg 300w, https:\/\/bojornal.pt\/wp-content\/uploads\/2024\/09\/1_Rececao-aos-alunos-2-150x100.jpeg 150w, https:\/\/bojornal.pt\/wp-content\/uploads\/2024\/09\/1_Rececao-aos-alunos-2-768x512.jpeg 768w, https:\/\/bojornal.pt\/wp-content\/uploads\/2024\/09\/1_Rececao-aos-alunos-2-1536x1024.jpeg 1536w, https:\/\/bojornal.pt\/wp-content\/uploads\/2024\/09\/1_Rececao-aos-alunos-2-2048x1365.jpeg 2048w\" sizes=\"auto, (max-width: 1024px) 100vw, 1024px\" \/><\/figure>\n\n\n\n<figure class=\"wp-block-image size-large\"><img loading=\"lazy\" decoding=\"async\" width=\"1024\" height=\"681\" data-id=\"14094\" src=\"https:\/\/bojornal.pt\/wp-content\/uploads\/2024\/09\/1_Rececao-aos-alunos-3-1024x681.jpg\" alt=\"\" class=\"wp-image-14094\" srcset=\"https:\/\/bojornal.pt\/wp-content\/uploads\/2024\/09\/1_Rececao-aos-alunos-3-1024x681.jpg 1024w, https:\/\/bojornal.pt\/wp-content\/uploads\/2024\/09\/1_Rececao-aos-alunos-3-300x199.jpg 300w, https:\/\/bojornal.pt\/wp-content\/uploads\/2024\/09\/1_Rececao-aos-alunos-3-150x100.jpg 150w, https:\/\/bojornal.pt\/wp-content\/uploads\/2024\/09\/1_Rececao-aos-alunos-3-768x511.jpg 768w, https:\/\/bojornal.pt\/wp-content\/uploads\/2024\/09\/1_Rececao-aos-alunos-3-1536x1021.jpg 1536w, https:\/\/bojornal.pt\/wp-content\/uploads\/2024\/09\/1_Rececao-aos-alunos-3-2048x1362.jpg 2048w\" sizes=\"auto, (max-width: 1024px) 100vw, 1024px\" \/><\/figure>\n\n\n\n<figure class=\"wp-block-image size-large\"><img loading=\"lazy\" decoding=\"async\" width=\"1024\" height=\"681\" data-id=\"14093\" src=\"https:\/\/bojornal.pt\/wp-content\/uploads\/2024\/09\/1_Rececao-aos-alunos-12-1024x681.jpg\" alt=\"\" class=\"wp-image-14093\" srcset=\"https:\/\/bojornal.pt\/wp-content\/uploads\/2024\/09\/1_Rececao-aos-alunos-12-1024x681.jpg 1024w, https:\/\/bojornal.pt\/wp-content\/uploads\/2024\/09\/1_Rececao-aos-alunos-12-300x199.jpg 300w, https:\/\/bojornal.pt\/wp-content\/uploads\/2024\/09\/1_Rececao-aos-alunos-12-150x100.jpg 150w, https:\/\/bojornal.pt\/wp-content\/uploads\/2024\/09\/1_Rececao-aos-alunos-12-768x511.jpg 768w, https:\/\/bojornal.pt\/wp-content\/uploads\/2024\/09\/1_Rececao-aos-alunos-12-1536x1021.jpg 1536w, https:\/\/bojornal.pt\/wp-content\/uploads\/2024\/09\/1_Rececao-aos-alunos-12-2048x1362.jpg 2048w\" sizes=\"auto, (max-width: 1024px) 100vw, 1024px\" \/><\/figure>\n\n\n\n<figure class=\"wp-block-image size-large\"><img loading=\"lazy\" decoding=\"async\" width=\"1024\" height=\"683\" data-id=\"14092\" src=\"https:\/\/bojornal.pt\/wp-content\/uploads\/2024\/09\/1_Rececao-aos-alunos-13-1024x683.jpeg\" alt=\"\" class=\"wp-image-14092\" srcset=\"https:\/\/bojornal.pt\/wp-content\/uploads\/2024\/09\/1_Rececao-aos-alunos-13-1024x683.jpeg 1024w, https:\/\/bojornal.pt\/wp-content\/uploads\/2024\/09\/1_Rececao-aos-alunos-13-300x200.jpeg 300w, https:\/\/bojornal.pt\/wp-content\/uploads\/2024\/09\/1_Rececao-aos-alunos-13-150x100.jpeg 150w, https:\/\/bojornal.pt\/wp-content\/uploads\/2024\/09\/1_Rececao-aos-alunos-13-768x512.jpeg 768w, https:\/\/bojornal.pt\/wp-content\/uploads\/2024\/09\/1_Rececao-aos-alunos-13-1536x1024.jpeg 1536w, https:\/\/bojornal.pt\/wp-content\/uploads\/2024\/09\/1_Rececao-aos-alunos-13-2048x1365.jpeg 2048w\" sizes=\"auto, (max-width: 1024px) 100vw, 1024px\" \/><\/figure>\n\n\n\n<figure class=\"wp-block-image size-large\"><img loading=\"lazy\" decoding=\"async\" width=\"1024\" height=\"681\" data-id=\"14095\" src=\"https:\/\/bojornal.pt\/wp-content\/uploads\/2024\/09\/1_Rececao-aos-alunos-13-1024x681.jpg\" alt=\"\" class=\"wp-image-14095\" srcset=\"https:\/\/bojornal.pt\/wp-content\/uploads\/2024\/09\/1_Rececao-aos-alunos-13-1024x681.jpg 1024w, https:\/\/bojornal.pt\/wp-content\/uploads\/2024\/09\/1_Rececao-aos-alunos-13-300x199.jpg 300w, https:\/\/bojornal.pt\/wp-content\/uploads\/2024\/09\/1_Rececao-aos-alunos-13-150x100.jpg 150w, https:\/\/bojornal.pt\/wp-content\/uploads\/2024\/09\/1_Rececao-aos-alunos-13-768x511.jpg 768w, https:\/\/bojornal.pt\/wp-content\/uploads\/2024\/09\/1_Rececao-aos-alunos-13-1536x1021.jpg 1536w, https:\/\/bojornal.pt\/wp-content\/uploads\/2024\/09\/1_Rececao-aos-alunos-13-2048x1362.jpg 2048w\" sizes=\"auto, (max-width: 1024px) 100vw, 1024px\" \/><\/figure>\n<\/figure>\n\n\n\n<figure class=\"wp-block-gallery has-nested-images columns-default is-cropped wp-block-gallery-2 is-layout-flex wp-block-gallery-is-layout-flex\">\n<figure class=\"wp-block-image size-large\"><img loading=\"lazy\" decoding=\"async\" width=\"1024\" height=\"683\" data-id=\"14102\" src=\"https:\/\/bojornal.pt\/wp-content\/uploads\/2024\/09\/1_Rececao-aos-alunos-17-1024x683.jpeg\" alt=\"\" class=\"wp-image-14102\" srcset=\"https:\/\/bojornal.pt\/wp-content\/uploads\/2024\/09\/1_Rececao-aos-alunos-17-1024x683.jpeg 1024w, https:\/\/bojornal.pt\/wp-content\/uploads\/2024\/09\/1_Rececao-aos-alunos-17-300x200.jpeg 300w, https:\/\/bojornal.pt\/wp-content\/uploads\/2024\/09\/1_Rececao-aos-alunos-17-150x100.jpeg 150w, https:\/\/bojornal.pt\/wp-content\/uploads\/2024\/09\/1_Rececao-aos-alunos-17-768x512.jpeg 768w, https:\/\/bojornal.pt\/wp-content\/uploads\/2024\/09\/1_Rececao-aos-alunos-17-1536x1024.jpeg 1536w, https:\/\/bojornal.pt\/wp-content\/uploads\/2024\/09\/1_Rececao-aos-alunos-17-2048x1365.jpeg 2048w\" sizes=\"auto, (max-width: 1024px) 100vw, 1024px\" \/><\/figure>\n\n\n\n<figure class=\"wp-block-image size-large\"><img loading=\"lazy\" decoding=\"async\" width=\"1024\" height=\"683\" data-id=\"14099\" src=\"https:\/\/bojornal.pt\/wp-content\/uploads\/2024\/09\/1_Rececao-aos-alunos-18-1024x683.jpeg\" alt=\"\" class=\"wp-image-14099\" srcset=\"https:\/\/bojornal.pt\/wp-content\/uploads\/2024\/09\/1_Rececao-aos-alunos-18-1024x683.jpeg 1024w, https:\/\/bojornal.pt\/wp-content\/uploads\/2024\/09\/1_Rececao-aos-alunos-18-300x200.jpeg 300w, https:\/\/bojornal.pt\/wp-content\/uploads\/2024\/09\/1_Rececao-aos-alunos-18-150x100.jpeg 150w, https:\/\/bojornal.pt\/wp-content\/uploads\/2024\/09\/1_Rececao-aos-alunos-18-768x512.jpeg 768w, https:\/\/bojornal.pt\/wp-content\/uploads\/2024\/09\/1_Rececao-aos-alunos-18-1536x1024.jpeg 1536w, https:\/\/bojornal.pt\/wp-content\/uploads\/2024\/09\/1_Rececao-aos-alunos-18-2048x1365.jpeg 2048w\" sizes=\"auto, (max-width: 1024px) 100vw, 1024px\" \/><\/figure>\n\n\n\n<figure class=\"wp-block-image size-large\"><img loading=\"lazy\" decoding=\"async\" width=\"1024\" height=\"683\" data-id=\"14103\" src=\"https:\/\/bojornal.pt\/wp-content\/uploads\/2024\/09\/1_Rececao-aos-alunos-20-1024x683.jpeg\" alt=\"\" class=\"wp-image-14103\" srcset=\"https:\/\/bojornal.pt\/wp-content\/uploads\/2024\/09\/1_Rececao-aos-alunos-20-1024x683.jpeg 1024w, https:\/\/bojornal.pt\/wp-content\/uploads\/2024\/09\/1_Rececao-aos-alunos-20-300x200.jpeg 300w, https:\/\/bojornal.pt\/wp-content\/uploads\/2024\/09\/1_Rececao-aos-alunos-20-150x100.jpeg 150w, https:\/\/bojornal.pt\/wp-content\/uploads\/2024\/09\/1_Rececao-aos-alunos-20-768x512.jpeg 768w, https:\/\/bojornal.pt\/wp-content\/uploads\/2024\/09\/1_Rececao-aos-alunos-20-1536x1024.jpeg 1536w, https:\/\/bojornal.pt\/wp-content\/uploads\/2024\/09\/1_Rececao-aos-alunos-20-2048x1365.jpeg 2048w\" sizes=\"auto, (max-width: 1024px) 100vw, 1024px\" \/><\/figure>\n\n\n\n<figure class=\"wp-block-image size-large\"><img loading=\"lazy\" decoding=\"async\" width=\"1024\" height=\"683\" data-id=\"14101\" src=\"https:\/\/bojornal.pt\/wp-content\/uploads\/2024\/09\/1_Rececao-aos-alunos-21-1024x683.jpeg\" alt=\"\" class=\"wp-image-14101\" srcset=\"https:\/\/bojornal.pt\/wp-content\/uploads\/2024\/09\/1_Rececao-aos-alunos-21-1024x683.jpeg 1024w, https:\/\/bojornal.pt\/wp-content\/uploads\/2024\/09\/1_Rececao-aos-alunos-21-300x200.jpeg 300w, https:\/\/bojornal.pt\/wp-content\/uploads\/2024\/09\/1_Rececao-aos-alunos-21-150x100.jpeg 150w, https:\/\/bojornal.pt\/wp-content\/uploads\/2024\/09\/1_Rececao-aos-alunos-21-768x512.jpeg 768w, https:\/\/bojornal.pt\/wp-content\/uploads\/2024\/09\/1_Rececao-aos-alunos-21-1536x1024.jpeg 1536w, https:\/\/bojornal.pt\/wp-content\/uploads\/2024\/09\/1_Rececao-aos-alunos-21-2048x1365.jpeg 2048w\" sizes=\"auto, (max-width: 1024px) 100vw, 1024px\" \/><\/figure>\n\n\n\n<figure class=\"wp-block-image size-large\"><img loading=\"lazy\" decoding=\"async\" width=\"1024\" height=\"683\" data-id=\"14100\" src=\"https:\/\/bojornal.pt\/wp-content\/uploads\/2024\/09\/1_Rececao-aos-alunos-22-1024x683.jpeg\" alt=\"\" class=\"wp-image-14100\" srcset=\"https:\/\/bojornal.pt\/wp-content\/uploads\/2024\/09\/1_Rececao-aos-alunos-22-1024x683.jpeg 1024w, https:\/\/bojornal.pt\/wp-content\/uploads\/2024\/09\/1_Rececao-aos-alunos-22-300x200.jpeg 300w, https:\/\/bojornal.pt\/wp-content\/uploads\/2024\/09\/1_Rececao-aos-alunos-22-150x100.jpeg 150w, https:\/\/bojornal.pt\/wp-content\/uploads\/2024\/09\/1_Rececao-aos-alunos-22-768x512.jpeg 768w, https:\/\/bojornal.pt\/wp-content\/uploads\/2024\/09\/1_Rececao-aos-alunos-22-1536x1024.jpeg 1536w, https:\/\/bojornal.pt\/wp-content\/uploads\/2024\/09\/1_Rececao-aos-alunos-22-2048x1365.jpeg 2048w\" sizes=\"auto, (max-width: 1024px) 100vw, 1024px\" \/><\/figure>\n<\/figure>\n\n\n\n<figure class=\"wp-block-gallery has-nested-images columns-default is-cropped wp-block-gallery-3 is-layout-flex wp-block-gallery-is-layout-flex\">\n<figure class=\"wp-block-image size-large\"><img loading=\"lazy\" decoding=\"async\" width=\"1024\" height=\"683\" data-id=\"14115\" src=\"https:\/\/bojornal.pt\/wp-content\/uploads\/2024\/09\/1_Rececao-aos-alunos-23-1024x683.jpeg\" alt=\"\" class=\"wp-image-14115\" srcset=\"https:\/\/bojornal.pt\/wp-content\/uploads\/2024\/09\/1_Rececao-aos-alunos-23-1024x683.jpeg 1024w, https:\/\/bojornal.pt\/wp-content\/uploads\/2024\/09\/1_Rececao-aos-alunos-23-300x200.jpeg 300w, https:\/\/bojornal.pt\/wp-content\/uploads\/2024\/09\/1_Rececao-aos-alunos-23-150x100.jpeg 150w, https:\/\/bojornal.pt\/wp-content\/uploads\/2024\/09\/1_Rececao-aos-alunos-23-768x512.jpeg 768w, https:\/\/bojornal.pt\/wp-content\/uploads\/2024\/09\/1_Rececao-aos-alunos-23-1536x1024.jpeg 1536w, https:\/\/bojornal.pt\/wp-content\/uploads\/2024\/09\/1_Rececao-aos-alunos-23-2048x1365.jpeg 2048w\" sizes=\"auto, (max-width: 1024px) 100vw, 1024px\" \/><\/figure>\n\n\n\n<figure class=\"wp-block-image size-large\"><img loading=\"lazy\" decoding=\"async\" width=\"1024\" height=\"681\" data-id=\"14111\" src=\"https:\/\/bojornal.pt\/wp-content\/uploads\/2024\/09\/1_Rececao-aos-alunos-26-1024x681.jpg\" alt=\"\" class=\"wp-image-14111\" srcset=\"https:\/\/bojornal.pt\/wp-content\/uploads\/2024\/09\/1_Rececao-aos-alunos-26-1024x681.jpg 1024w, https:\/\/bojornal.pt\/wp-content\/uploads\/2024\/09\/1_Rececao-aos-alunos-26-300x199.jpg 300w, https:\/\/bojornal.pt\/wp-content\/uploads\/2024\/09\/1_Rececao-aos-alunos-26-150x100.jpg 150w, https:\/\/bojornal.pt\/wp-content\/uploads\/2024\/09\/1_Rececao-aos-alunos-26-768x511.jpg 768w, https:\/\/bojornal.pt\/wp-content\/uploads\/2024\/09\/1_Rececao-aos-alunos-26-1536x1021.jpg 1536w, https:\/\/bojornal.pt\/wp-content\/uploads\/2024\/09\/1_Rececao-aos-alunos-26-2048x1362.jpg 2048w\" sizes=\"auto, (max-width: 1024px) 100vw, 1024px\" \/><\/figure>\n\n\n\n<figure class=\"wp-block-image size-large\"><img loading=\"lazy\" decoding=\"async\" width=\"682\" height=\"1024\" data-id=\"14104\" src=\"https:\/\/bojornal.pt\/wp-content\/uploads\/2024\/09\/1_Rececao-aos-alunos-27-682x1024.jpeg\" alt=\"\" class=\"wp-image-14104\" srcset=\"https:\/\/bojornal.pt\/wp-content\/uploads\/2024\/09\/1_Rececao-aos-alunos-27-682x1024.jpeg 682w, https:\/\/bojornal.pt\/wp-content\/uploads\/2024\/09\/1_Rececao-aos-alunos-27-200x300.jpeg 200w, https:\/\/bojornal.pt\/wp-content\/uploads\/2024\/09\/1_Rececao-aos-alunos-27-100x150.jpeg 100w, https:\/\/bojornal.pt\/wp-content\/uploads\/2024\/09\/1_Rececao-aos-alunos-27-768x1153.jpeg 768w, https:\/\/bojornal.pt\/wp-content\/uploads\/2024\/09\/1_Rececao-aos-alunos-27-1023x1536.jpeg 1023w, https:\/\/bojornal.pt\/wp-content\/uploads\/2024\/09\/1_Rececao-aos-alunos-27.jpeg 1364w\" sizes=\"auto, (max-width: 682px) 100vw, 682px\" \/><\/figure>\n\n\n\n<figure class=\"wp-block-image size-large\"><img loading=\"lazy\" decoding=\"async\" width=\"1024\" height=\"681\" data-id=\"14113\" src=\"https:\/\/bojornal.pt\/wp-content\/uploads\/2024\/09\/1_Rececao-aos-alunos-27-1024x681.jpg\" alt=\"\" class=\"wp-image-14113\" srcset=\"https:\/\/bojornal.pt\/wp-content\/uploads\/2024\/09\/1_Rececao-aos-alunos-27-1024x681.jpg 1024w, https:\/\/bojornal.pt\/wp-content\/uploads\/2024\/09\/1_Rececao-aos-alunos-27-300x199.jpg 300w, https:\/\/bojornal.pt\/wp-content\/uploads\/2024\/09\/1_Rececao-aos-alunos-27-150x100.jpg 150w, https:\/\/bojornal.pt\/wp-content\/uploads\/2024\/09\/1_Rececao-aos-alunos-27-768x511.jpg 768w, https:\/\/bojornal.pt\/wp-content\/uploads\/2024\/09\/1_Rececao-aos-alunos-27-1536x1021.jpg 1536w, https:\/\/bojornal.pt\/wp-content\/uploads\/2024\/09\/1_Rececao-aos-alunos-27-2048x1362.jpg 2048w\" sizes=\"auto, (max-width: 1024px) 100vw, 1024px\" \/><\/figure>\n\n\n\n<figure class=\"wp-block-image size-large\"><img loading=\"lazy\" decoding=\"async\" width=\"1024\" height=\"683\" data-id=\"14106\" src=\"https:\/\/bojornal.pt\/wp-content\/uploads\/2024\/09\/1_Rececao-aos-alunos-29-1024x683.jpeg\" alt=\"\" class=\"wp-image-14106\" srcset=\"https:\/\/bojornal.pt\/wp-content\/uploads\/2024\/09\/1_Rececao-aos-alunos-29-1024x683.jpeg 1024w, https:\/\/bojornal.pt\/wp-content\/uploads\/2024\/09\/1_Rececao-aos-alunos-29-300x200.jpeg 300w, https:\/\/bojornal.pt\/wp-content\/uploads\/2024\/09\/1_Rececao-aos-alunos-29-150x100.jpeg 150w, https:\/\/bojornal.pt\/wp-content\/uploads\/2024\/09\/1_Rececao-aos-alunos-29-768x512.jpeg 768w, https:\/\/bojornal.pt\/wp-content\/uploads\/2024\/09\/1_Rececao-aos-alunos-29-1536x1024.jpeg 1536w, https:\/\/bojornal.pt\/wp-content\/uploads\/2024\/09\/1_Rececao-aos-alunos-29-2048x1366.jpeg 2048w\" sizes=\"auto, (max-width: 1024px) 100vw, 1024px\" \/><\/figure>\n\n\n\n<figure class=\"wp-block-image size-large\"><img loading=\"lazy\" decoding=\"async\" width=\"681\" height=\"1024\" data-id=\"14114\" src=\"https:\/\/bojornal.pt\/wp-content\/uploads\/2024\/09\/1_Rececao-aos-alunos-34-681x1024.jpg\" alt=\"\" class=\"wp-image-14114\" srcset=\"https:\/\/bojornal.pt\/wp-content\/uploads\/2024\/09\/1_Rececao-aos-alunos-34-681x1024.jpg 681w, https:\/\/bojornal.pt\/wp-content\/uploads\/2024\/09\/1_Rececao-aos-alunos-34-199x300.jpg 199w, https:\/\/bojornal.pt\/wp-content\/uploads\/2024\/09\/1_Rececao-aos-alunos-34-100x150.jpg 100w, https:\/\/bojornal.pt\/wp-content\/uploads\/2024\/09\/1_Rececao-aos-alunos-34-768x1155.jpg 768w, https:\/\/bojornal.pt\/wp-content\/uploads\/2024\/09\/1_Rececao-aos-alunos-34-1021x1536.jpg 1021w, https:\/\/bojornal.pt\/wp-content\/uploads\/2024\/09\/1_Rececao-aos-alunos-34-1362x2048.jpg 1362w, https:\/\/bojornal.pt\/wp-content\/uploads\/2024\/09\/1_Rececao-aos-alunos-34-scaled.jpg 1702w\" sizes=\"auto, (max-width: 681px) 100vw, 681px\" \/><\/figure>\n\n\n\n<figure class=\"wp-block-image size-large\"><img loading=\"lazy\" decoding=\"async\" width=\"1024\" height=\"681\" data-id=\"14117\" src=\"https:\/\/bojornal.pt\/wp-content\/uploads\/2024\/09\/1_Rececao-aos-alunos-35-1024x681.jpg\" alt=\"\" class=\"wp-image-14117\" srcset=\"https:\/\/bojornal.pt\/wp-content\/uploads\/2024\/09\/1_Rececao-aos-alunos-35-1024x681.jpg 1024w, https:\/\/bojornal.pt\/wp-content\/uploads\/2024\/09\/1_Rececao-aos-alunos-35-300x199.jpg 300w, https:\/\/bojornal.pt\/wp-content\/uploads\/2024\/09\/1_Rececao-aos-alunos-35-150x100.jpg 150w, https:\/\/bojornal.pt\/wp-content\/uploads\/2024\/09\/1_Rececao-aos-alunos-35-768x511.jpg 768w, https:\/\/bojornal.pt\/wp-content\/uploads\/2024\/09\/1_Rececao-aos-alunos-35-1536x1021.jpg 1536w, https:\/\/bojornal.pt\/wp-content\/uploads\/2024\/09\/1_Rececao-aos-alunos-35-2048x1362.jpg 2048w\" sizes=\"auto, (max-width: 1024px) 100vw, 1024px\" \/><\/figure>\n\n\n\n<figure class=\"wp-block-image size-large\"><img loading=\"lazy\" decoding=\"async\" width=\"1024\" height=\"681\" data-id=\"14112\" src=\"https:\/\/bojornal.pt\/wp-content\/uploads\/2024\/09\/1_Rececao-aos-alunos-40-1024x681.jpg\" alt=\"\" class=\"wp-image-14112\" srcset=\"https:\/\/bojornal.pt\/wp-content\/uploads\/2024\/09\/1_Rececao-aos-alunos-40-1024x681.jpg 1024w, https:\/\/bojornal.pt\/wp-content\/uploads\/2024\/09\/1_Rececao-aos-alunos-40-300x199.jpg 300w, https:\/\/bojornal.pt\/wp-content\/uploads\/2024\/09\/1_Rececao-aos-alunos-40-150x100.jpg 150w, https:\/\/bojornal.pt\/wp-content\/uploads\/2024\/09\/1_Rececao-aos-alunos-40-768x511.jpg 768w, https:\/\/bojornal.pt\/wp-content\/uploads\/2024\/09\/1_Rececao-aos-alunos-40-1536x1021.jpg 1536w, https:\/\/bojornal.pt\/wp-content\/uploads\/2024\/09\/1_Rececao-aos-alunos-40-2048x1362.jpg 2048w\" sizes=\"auto, (max-width: 1024px) 100vw, 1024px\" \/><\/figure>\n\n\n\n<figure class=\"wp-block-image size-large\"><img loading=\"lazy\" decoding=\"async\" width=\"1024\" height=\"681\" data-id=\"14116\" src=\"https:\/\/bojornal.pt\/wp-content\/uploads\/2024\/09\/1_Rececao-aos-alunos-45-1024x681.jpg\" alt=\"\" class=\"wp-image-14116\" srcset=\"https:\/\/bojornal.pt\/wp-content\/uploads\/2024\/09\/1_Rececao-aos-alunos-45-1024x681.jpg 1024w, https:\/\/bojornal.pt\/wp-content\/uploads\/2024\/09\/1_Rececao-aos-alunos-45-300x199.jpg 300w, https:\/\/bojornal.pt\/wp-content\/uploads\/2024\/09\/1_Rececao-aos-alunos-45-150x100.jpg 150w, https:\/\/bojornal.pt\/wp-content\/uploads\/2024\/09\/1_Rececao-aos-alunos-45-768x511.jpg 768w, https:\/\/bojornal.pt\/wp-content\/uploads\/2024\/09\/1_Rececao-aos-alunos-45-1536x1021.jpg 1536w, https:\/\/bojornal.pt\/wp-content\/uploads\/2024\/09\/1_Rececao-aos-alunos-45-2048x1362.jpg 2048w\" sizes=\"auto, (max-width: 1024px) 100vw, 1024px\" \/><\/figure>\n<\/figure>\n\n\n\n<figure class=\"wp-block-gallery has-nested-images columns-default is-cropped wp-block-gallery-4 is-layout-flex wp-block-gallery-is-layout-flex\">\n<figure class=\"wp-block-image size-large\"><img loading=\"lazy\" decoding=\"async\" width=\"1024\" height=\"683\" data-id=\"14119\" src=\"https:\/\/bojornal.pt\/wp-content\/uploads\/2024\/09\/1_Rececao-aos-alunos-28-1-1024x683.jpeg\" alt=\"\" class=\"wp-image-14119\" srcset=\"https:\/\/bojornal.pt\/wp-content\/uploads\/2024\/09\/1_Rececao-aos-alunos-28-1-1024x683.jpeg 1024w, https:\/\/bojornal.pt\/wp-content\/uploads\/2024\/09\/1_Rececao-aos-alunos-28-1-300x200.jpeg 300w, https:\/\/bojornal.pt\/wp-content\/uploads\/2024\/09\/1_Rececao-aos-alunos-28-1-150x100.jpeg 150w, https:\/\/bojornal.pt\/wp-content\/uploads\/2024\/09\/1_Rececao-aos-alunos-28-1-768x512.jpeg 768w, https:\/\/bojornal.pt\/wp-content\/uploads\/2024\/09\/1_Rececao-aos-alunos-28-1-1536x1024.jpeg 1536w, https:\/\/bojornal.pt\/wp-content\/uploads\/2024\/09\/1_Rececao-aos-alunos-28-1-2048x1365.jpeg 2048w\" sizes=\"auto, (max-width: 1024px) 100vw, 1024px\" \/><\/figure>\n\n\n\n<figure class=\"wp-block-image size-large\"><img loading=\"lazy\" decoding=\"async\" width=\"1024\" height=\"681\" data-id=\"14121\" src=\"https:\/\/bojornal.pt\/wp-content\/uploads\/2024\/09\/1_Rececao-aos-alunos-28-1024x681.jpg\" alt=\"\" class=\"wp-image-14121\" srcset=\"https:\/\/bojornal.pt\/wp-content\/uploads\/2024\/09\/1_Rececao-aos-alunos-28-1024x681.jpg 1024w, https:\/\/bojornal.pt\/wp-content\/uploads\/2024\/09\/1_Rececao-aos-alunos-28-300x199.jpg 300w, https:\/\/bojornal.pt\/wp-content\/uploads\/2024\/09\/1_Rececao-aos-alunos-28-150x100.jpg 150w, https:\/\/bojornal.pt\/wp-content\/uploads\/2024\/09\/1_Rececao-aos-alunos-28-768x511.jpg 768w, https:\/\/bojornal.pt\/wp-content\/uploads\/2024\/09\/1_Rececao-aos-alunos-28-1536x1021.jpg 1536w, https:\/\/bojornal.pt\/wp-content\/uploads\/2024\/09\/1_Rececao-aos-alunos-28-2048x1362.jpg 2048w\" sizes=\"auto, (max-width: 1024px) 100vw, 1024px\" \/><\/figure>\n\n\n\n<figure class=\"wp-block-image size-large\"><img loading=\"lazy\" decoding=\"async\" width=\"1024\" height=\"683\" data-id=\"14120\" src=\"https:\/\/bojornal.pt\/wp-content\/uploads\/2024\/09\/1_Rececao-aos-alunos-30-1-1024x683.jpeg\" alt=\"\" class=\"wp-image-14120\" srcset=\"https:\/\/bojornal.pt\/wp-content\/uploads\/2024\/09\/1_Rececao-aos-alunos-30-1-1024x683.jpeg 1024w, https:\/\/bojornal.pt\/wp-content\/uploads\/2024\/09\/1_Rececao-aos-alunos-30-1-300x200.jpeg 300w, https:\/\/bojornal.pt\/wp-content\/uploads\/2024\/09\/1_Rececao-aos-alunos-30-1-150x100.jpeg 150w, https:\/\/bojornal.pt\/wp-content\/uploads\/2024\/09\/1_Rececao-aos-alunos-30-1-768x512.jpeg 768w, https:\/\/bojornal.pt\/wp-content\/uploads\/2024\/09\/1_Rececao-aos-alunos-30-1-1536x1024.jpeg 1536w, https:\/\/bojornal.pt\/wp-content\/uploads\/2024\/09\/1_Rececao-aos-alunos-30-1-2048x1365.jpeg 2048w\" sizes=\"auto, (max-width: 1024px) 100vw, 1024px\" \/><\/figure>\n<\/figure>\n\n\n\n<p>Iniciou mais um ano. Esta \u00e9 mais uma nova etapa na vida de muitos dos nossos alunos e seus familiares. O nervoso miudinho da escola nova \u00e9 inevit\u00e1vel, por isso, o Agrupamento de Escolas Em\u00eddio Garcia, nas suas diversas escolas, preparou a atividade de rece\u00e7\u00e3o aos novos alunos, direcionado para as turmas de in\u00edcio de ciclo. No Liceu, os alunos mais velhos, candidatos \u00e0 Associa\u00e7\u00e3o de Estudantes, pela Lista A, ajudaram \u00e0 integra\u00e7\u00e3o dos novos estudantes.<\/p>\n\n\n\n<p>Desejo de um excelente ano letivo a todos.<\/p>\n\n\n\n<p><\/p>\n\n\n\n<p>Pode ver o v\u00eddeo em: <\/p>\n\n\n\n<figure class=\"wp-block-embed is-type-video is-provider-youtube wp-block-embed-youtube wp-embed-aspect-16-9 wp-has-aspect-ratio\"><div class=\"wp-block-embed__wrapper\">\n<div class=\"video-container\"><iframe loading=\"lazy\" title=\"Rece\u00e7\u00e3o aos novos alunos 24\/25 (Escola Em\u00eddio Garcia)\" width=\"500\" height=\"281\" src=\"https:\/\/www.youtube.com\/embed\/OzvQ-Ff_8yY?feature=oembed&#038;wmode=opaque\" frameborder=\"0\" allow=\"accelerometer; autoplay; clipboard-write; encrypted-media; gyroscope; picture-in-picture; web-share\" referrerpolicy=\"strict-origin-when-cross-origin\" allowfullscreen><\/iframe><\/div>\n<\/div><\/figure>\n","protected":false},"excerpt":{"rendered":"<p>Rece\u00e7\u00e3o aos novos alunos Iniciou mais um ano. Esta \u00e9 mais uma nova etapa na vida de muitos dos nossos alunos e seus familiares. O nervoso miudinho da escola nova \u00e9 inevit\u00e1vel, por isso,&#46;&#46;&#46;<\/p>\n","protected":false},"author":2,"featured_media":14121,"comment_status":"closed","ping_status":"open","sticky":false,"template":"","format":"standard","meta":{"footnotes":""},"categories":[2,9],"tags":[],"class_list":["post-14085","post","type-post","status-publish","format-standard","has-post-thumbnail","hentry","category-atualidade","category-em-foco"],"_links":{"self":[{"href":"https:\/\/bojornal.pt\/index.php?rest_route=\/wp\/v2\/posts\/14085","targetHints":{"allow":["GET"]}}],"collection":[{"href":"https:\/\/bojornal.pt\/index.php?rest_route=\/wp\/v2\/posts"}],"about":[{"href":"https:\/\/bojornal.pt\/index.php?rest_route=\/wp\/v2\/types\/post"}],"author":[{"embeddable":true,"href":"https:\/\/bojornal.pt\/index.php?rest_route=\/wp\/v2\/users\/2"}],"replies":[{"embeddable":true,"href":"https:\/\/bojornal.pt\/index.php?rest_route=%2Fwp%2Fv2%2Fcomments&post=14085"}],"version-history":[{"count":0,"href":"https:\/\/bojornal.pt\/index.php?rest_route=\/wp\/v2\/posts\/14085\/revisions"}],"wp:featuredmedia":[{"embeddable":true,"href":"https:\/\/bojornal.pt\/index.php?rest_route=\/wp\/v2\/media\/14121"}],"wp:attachment":[{"href":"https:\/\/bojornal.pt\/index.php?rest_route=%2Fwp%2Fv2%2Fmedia&parent=14085"}],"wp:term":[{"taxonomy":"category","embeddable":true,"href":"https:\/\/bojornal.pt\/index.php?rest_route=%2Fwp%2Fv2%2Fcategories&post=14085"},{"taxonomy":"post_tag","embeddable":true,"href":"https:\/\/bojornal.pt\/index.php?rest_route=%2Fwp%2Fv2%2Ftags&post=14085"}],"curies":[{"name":"wp","href":"https:\/\/api.w.org\/{rel}","templated":true}]}}