{"id":14079,"date":"2024-09-11T20:15:25","date_gmt":"2024-09-11T19:15:25","guid":{"rendered":"https:\/\/bojornal.pt\/?p=14079"},"modified":"2024-09-11T21:41:44","modified_gmt":"2024-09-11T20:41:44","slug":"inicio-de-mais-um-ano-letivo","status":"publish","type":"post","link":"https:\/\/bojornal.pt\/?p=14079","title":{"rendered":"In\u00edcio de mais um ano letivo"},"content":{"rendered":"\n<figure class=\"wp-block-image size-large\"><img loading=\"lazy\" decoding=\"async\" width=\"1024\" height=\"576\" src=\"https:\/\/bojornal.pt\/wp-content\/uploads\/2024\/09\/Inicio-de-ano-letivo-2425-1024x576.jpg\" alt=\"\" class=\"wp-image-14082\" srcset=\"https:\/\/bojornal.pt\/wp-content\/uploads\/2024\/09\/Inicio-de-ano-letivo-2425-1024x576.jpg 1024w, https:\/\/bojornal.pt\/wp-content\/uploads\/2024\/09\/Inicio-de-ano-letivo-2425-300x169.jpg 300w, https:\/\/bojornal.pt\/wp-content\/uploads\/2024\/09\/Inicio-de-ano-letivo-2425-150x84.jpg 150w, https:\/\/bojornal.pt\/wp-content\/uploads\/2024\/09\/Inicio-de-ano-letivo-2425-768x432.jpg 768w, https:\/\/bojornal.pt\/wp-content\/uploads\/2024\/09\/Inicio-de-ano-letivo-2425-1536x864.jpg 1536w, https:\/\/bojornal.pt\/wp-content\/uploads\/2024\/09\/Inicio-de-ano-letivo-2425.jpg 1920w\" sizes=\"auto, (max-width: 1024px) 100vw, 1024px\" \/><\/figure>\n\n\n\n<p><strong>&#8220;Pontap\u00e9 de sa\u00edda&#8221; no novo ano letivo com rece\u00e7\u00e3o aos novos alunos, dia 12 de setembro de manh\u00e3<\/strong><\/p>\n\n\n\n<p>As escolas do Agrupamento de Escolas Em\u00eddio Garcia abrem portas, a todos os alunos, no pr\u00f3ximo dia 12 de setembro, <\/p>\n\n\n\n<p class=\"has-text-align-left\">No segundo, terceiro ciclo e Ensino Secund\u00e1rio, a manh\u00e3 est\u00e1 reservada para a rece\u00e7\u00e3o aos novos alunos e aos alunos que iniciam um novo ciclo. Assim, na Escola B\u00e1sica Paulo Quintela, os alunos de 5.\u00baano s\u00e3o recebidos em dois turnos: \u00e0s 9h30min., as turmas A, B, C, D e \u00e0s 11h as restantes, ou seja, E, F, G e H. Na Escola Secund\u00e1ria Em\u00eddio Garcia, a rece\u00e7\u00e3o aos alunos de 7.\u00baano ocorre, no Sal\u00e3o Nobre, \u00e0s 9h para as turmas A, B, C e D e \u00e0s 10h para as E, F e G. Os alunos que iniciam o Secund\u00e1rio, s\u00e3o acolhidos pela dire\u00e7\u00e3o, coordena\u00e7\u00e3o de ciclo e respetivos diretores de turma, a partir das 11h30min. <\/p>\n\n\n\n<p>As atividades letivas iniciam, para todas as turmas, no dia 12 de setembro, a partir das 13h50min. <\/p>\n\n\n\n<p>O Bjornal deseja a todos os nossos alunos um excelente ano letivo. <\/p>\n\n\n\n<p><\/p>\n","protected":false},"excerpt":{"rendered":"<p>&#8220;Pontap\u00e9 de sa\u00edda&#8221; no novo ano letivo com rece\u00e7\u00e3o aos novos alunos, dia 12 de setembro de manh\u00e3 As escolas do Agrupamento de Escolas Em\u00eddio Garcia abrem portas, a todos os alunos, no pr\u00f3ximo&#46;&#46;&#46;<\/p>\n","protected":false},"author":2,"featured_media":14080,"comment_status":"closed","ping_status":"open","sticky":false,"template":"","format":"standard","meta":{"footnotes":""},"categories":[27,2,9,13,16],"tags":[],"class_list":["post-14079","post","type-post","status-publish","format-standard","has-post-thumbnail","hentry","category-aeeg","category-atualidade","category-em-foco","category-escola-paulo-quintela","category-escola-secundaria-emidio-garcia"],"_links":{"self":[{"href":"https:\/\/bojornal.pt\/index.php?rest_route=\/wp\/v2\/posts\/14079","targetHints":{"allow":["GET"]}}],"collection":[{"href":"https:\/\/bojornal.pt\/index.php?rest_route=\/wp\/v2\/posts"}],"about":[{"href":"https:\/\/bojornal.pt\/index.php?rest_route=\/wp\/v2\/types\/post"}],"author":[{"embeddable":true,"href":"https:\/\/bojornal.pt\/index.php?rest_route=\/wp\/v2\/users\/2"}],"replies":[{"embeddable":true,"href":"https:\/\/bojornal.pt\/index.php?rest_route=%2Fwp%2Fv2%2Fcomments&post=14079"}],"version-history":[{"count":0,"href":"https:\/\/bojornal.pt\/index.php?rest_route=\/wp\/v2\/posts\/14079\/revisions"}],"wp:featuredmedia":[{"embeddable":true,"href":"https:\/\/bojornal.pt\/index.php?rest_route=\/wp\/v2\/media\/14080"}],"wp:attachment":[{"href":"https:\/\/bojornal.pt\/index.php?rest_route=%2Fwp%2Fv2%2Fmedia&parent=14079"}],"wp:term":[{"taxonomy":"category","embeddable":true,"href":"https:\/\/bojornal.pt\/index.php?rest_route=%2Fwp%2Fv2%2Fcategories&post=14079"},{"taxonomy":"post_tag","embeddable":true,"href":"https:\/\/bojornal.pt\/index.php?rest_route=%2Fwp%2Fv2%2Ftags&post=14079"}],"curies":[{"name":"wp","href":"https:\/\/api.w.org\/{rel}","templated":true}]}}