{"id":14071,"date":"2024-07-02T17:46:00","date_gmt":"2024-07-02T16:46:00","guid":{"rendered":"https:\/\/bojornal.pt\/?p=14071"},"modified":"2024-07-02T18:50:10","modified_gmt":"2024-07-02T17:50:10","slug":"escola-aberta-na-escola-paulo-quintela","status":"publish","type":"post","link":"https:\/\/bojornal.pt\/?p=14071","title":{"rendered":"Escola aberta na Escola Paulo Quintela"},"content":{"rendered":"\n<figure class=\"wp-block-gallery has-nested-images columns-default is-cropped wp-block-gallery-1 is-layout-flex wp-block-gallery-is-layout-flex\">\n<figure class=\"wp-block-image size-large is-style-default\"><img loading=\"lazy\" decoding=\"async\" width=\"1024\" height=\"768\" data-id=\"14072\" src=\"https:\/\/bojornal.pt\/wp-content\/uploads\/2024\/07\/Escola-aberta-PQ-1-1024x768.jpg\" alt=\"\" class=\"wp-image-14072\" srcset=\"https:\/\/bojornal.pt\/wp-content\/uploads\/2024\/07\/Escola-aberta-PQ-1-1024x768.jpg 1024w, https:\/\/bojornal.pt\/wp-content\/uploads\/2024\/07\/Escola-aberta-PQ-1-300x225.jpg 300w, https:\/\/bojornal.pt\/wp-content\/uploads\/2024\/07\/Escola-aberta-PQ-1-150x113.jpg 150w, https:\/\/bojornal.pt\/wp-content\/uploads\/2024\/07\/Escola-aberta-PQ-1-768x576.jpg 768w, https:\/\/bojornal.pt\/wp-content\/uploads\/2024\/07\/Escola-aberta-PQ-1-1536x1152.jpg 1536w, https:\/\/bojornal.pt\/wp-content\/uploads\/2024\/07\/Escola-aberta-PQ-1.jpg 2000w\" sizes=\"auto, (max-width: 1024px) 100vw, 1024px\" \/><\/figure>\n\n\n\n<figure class=\"wp-block-image size-large is-style-default\"><img loading=\"lazy\" decoding=\"async\" width=\"1024\" height=\"768\" data-id=\"14075\" src=\"https:\/\/bojornal.pt\/wp-content\/uploads\/2024\/07\/Escola-aberta-PQ-2-1024x768.jpg\" alt=\"\" class=\"wp-image-14075\" srcset=\"https:\/\/bojornal.pt\/wp-content\/uploads\/2024\/07\/Escola-aberta-PQ-2-1024x768.jpg 1024w, https:\/\/bojornal.pt\/wp-content\/uploads\/2024\/07\/Escola-aberta-PQ-2-300x225.jpg 300w, https:\/\/bojornal.pt\/wp-content\/uploads\/2024\/07\/Escola-aberta-PQ-2-150x113.jpg 150w, https:\/\/bojornal.pt\/wp-content\/uploads\/2024\/07\/Escola-aberta-PQ-2-768x576.jpg 768w, https:\/\/bojornal.pt\/wp-content\/uploads\/2024\/07\/Escola-aberta-PQ-2-1536x1152.jpg 1536w, https:\/\/bojornal.pt\/wp-content\/uploads\/2024\/07\/Escola-aberta-PQ-2.jpg 2000w\" sizes=\"auto, (max-width: 1024px) 100vw, 1024px\" \/><\/figure>\n\n\n\n<figure class=\"wp-block-image size-large is-style-default\"><img loading=\"lazy\" decoding=\"async\" width=\"1024\" height=\"768\" data-id=\"14074\" src=\"https:\/\/bojornal.pt\/wp-content\/uploads\/2024\/07\/Escola-aberta-PQ-3-1024x768.jpg\" alt=\"\" class=\"wp-image-14074\" srcset=\"https:\/\/bojornal.pt\/wp-content\/uploads\/2024\/07\/Escola-aberta-PQ-3-1024x768.jpg 1024w, https:\/\/bojornal.pt\/wp-content\/uploads\/2024\/07\/Escola-aberta-PQ-3-300x225.jpg 300w, https:\/\/bojornal.pt\/wp-content\/uploads\/2024\/07\/Escola-aberta-PQ-3-150x113.jpg 150w, https:\/\/bojornal.pt\/wp-content\/uploads\/2024\/07\/Escola-aberta-PQ-3-768x576.jpg 768w, https:\/\/bojornal.pt\/wp-content\/uploads\/2024\/07\/Escola-aberta-PQ-3-1536x1152.jpg 1536w, https:\/\/bojornal.pt\/wp-content\/uploads\/2024\/07\/Escola-aberta-PQ-3.jpg 2000w\" sizes=\"auto, (max-width: 1024px) 100vw, 1024px\" \/><\/figure>\n\n\n\n<figure class=\"wp-block-image size-large is-style-default\"><img loading=\"lazy\" decoding=\"async\" width=\"1024\" height=\"768\" data-id=\"14076\" src=\"https:\/\/bojornal.pt\/wp-content\/uploads\/2024\/07\/Escola-aberta-PQ-4-1024x768.jpg\" alt=\"\" class=\"wp-image-14076\" srcset=\"https:\/\/bojornal.pt\/wp-content\/uploads\/2024\/07\/Escola-aberta-PQ-4-1024x768.jpg 1024w, https:\/\/bojornal.pt\/wp-content\/uploads\/2024\/07\/Escola-aberta-PQ-4-300x225.jpg 300w, https:\/\/bojornal.pt\/wp-content\/uploads\/2024\/07\/Escola-aberta-PQ-4-150x113.jpg 150w, https:\/\/bojornal.pt\/wp-content\/uploads\/2024\/07\/Escola-aberta-PQ-4-768x576.jpg 768w, https:\/\/bojornal.pt\/wp-content\/uploads\/2024\/07\/Escola-aberta-PQ-4-1536x1152.jpg 1536w, https:\/\/bojornal.pt\/wp-content\/uploads\/2024\/07\/Escola-aberta-PQ-4.jpg 2000w\" sizes=\"auto, (max-width: 1024px) 100vw, 1024px\" \/><\/figure>\n\n\n\n<figure class=\"wp-block-image size-large is-style-default\"><img loading=\"lazy\" decoding=\"async\" width=\"1024\" height=\"768\" data-id=\"14073\" src=\"https:\/\/bojornal.pt\/wp-content\/uploads\/2024\/07\/Escola-aberta-PQ-5-1024x768.jpg\" alt=\"\" class=\"wp-image-14073\" srcset=\"https:\/\/bojornal.pt\/wp-content\/uploads\/2024\/07\/Escola-aberta-PQ-5-1024x768.jpg 1024w, https:\/\/bojornal.pt\/wp-content\/uploads\/2024\/07\/Escola-aberta-PQ-5-300x225.jpg 300w, https:\/\/bojornal.pt\/wp-content\/uploads\/2024\/07\/Escola-aberta-PQ-5-150x113.jpg 150w, https:\/\/bojornal.pt\/wp-content\/uploads\/2024\/07\/Escola-aberta-PQ-5-768x576.jpg 768w, https:\/\/bojornal.pt\/wp-content\/uploads\/2024\/07\/Escola-aberta-PQ-5-1536x1152.jpg 1536w, https:\/\/bojornal.pt\/wp-content\/uploads\/2024\/07\/Escola-aberta-PQ-5.jpg 2000w\" sizes=\"auto, (max-width: 1024px) 100vw, 1024px\" \/><\/figure>\n<\/figure>\n\n\n\n<p>No dia vinte e quatro de junho, pelas catorze horas e trinta minutos, integrado no projeto<\/p>\n\n\n\n<p>\u201cEscola Aberta\u201d, todos os professores do grupo 230 (Matem\u00e1tica e Ci\u00eancias Naturais)<\/p>\n\n\n\n<p>receberam e acompanharam os alunos do quarto ano de escolaridade das escolas do<\/p>\n\n\n\n<p>primeiro ciclo do Agrupamento, do Col\u00e9gio Sagrado Cora\u00e7\u00e3o de Jesus e do Col\u00e9gio de<\/p>\n\n\n\n<p>Santa Clara, numa visita guiada \u00e0s instala\u00e7\u00f5es da Escola B\u00e1sica Paulo Quintela.<\/p>\n\n\n\n<p>Estiveram presentes cerca de cento e trinta alunos, acompanhados pelos respetivos<\/p>\n\n\n\n<p>professores.<\/p>\n\n\n\n<p>Ap\u00f3s a visita, por volta das 15:15 horas, foi proporcionado, no espa\u00e7o de conv\u00edvio, um<\/p>\n\n\n\n<p>espet\u00e1culo de magia com o m\u00e1gico Orimar Serip.<\/p>\n\n\n\n<p>No final do espet\u00e1culo, que ocorreu por volta das dezasseis horas e trinta minutos,<\/p>\n\n\n\n<p>procedeu-se \u00e0 distribui\u00e7\u00e3o de rifas e algumas lembran\u00e7as pelos alunos e pelos<\/p>\n\n\n\n<p>professores.<\/p>\n\n\n\n<p>Ficou registado o entusiasmo dos alunos durante a visita guiada, bem como a sua<\/p>\n\n\n\n<p>participa\u00e7\u00e3o ativa no espet\u00e1culo de magia, demonstrando grande interesse e curiosidade.<\/p>\n\n\n\n<p>Estas experi\u00eancias s\u00e3o fundamentais para o desenvolvimento educativo e pessoal dos<\/p>\n\n\n\n<p>alunos, proporcionando-lhes momentos de aprendizagem l\u00fadica e de conv\u00edvio entre<\/p>\n\n\n\n<p>pares e educadores.<\/p>\n\n\n\n<p>Assim, ficou decidido que novas edi\u00e7\u00f5es deste projeto ser\u00e3o consideradas no futuro,<\/p>\n\n\n\n<p>procurando sempre inovar e adaptar as atividades \u00e0s necessidades e interesses dos<\/p>\n\n\n\n<p>alunos.<\/p>\n\n\n\n<p class=\"has-text-align-right\"><em>Concei\u00e7\u00e3o Castro<\/em><\/p>\n","protected":false},"excerpt":{"rendered":"<p>No dia vinte e quatro de junho, pelas catorze horas e trinta minutos, integrado no projeto \u201cEscola Aberta\u201d, todos os professores do grupo 230 (Matem\u00e1tica e Ci\u00eancias Naturais) receberam e acompanharam os alunos do&#46;&#46;&#46;<\/p>\n","protected":false},"author":2,"featured_media":14075,"comment_status":"closed","ping_status":"open","sticky":false,"template":"","format":"standard","meta":{"footnotes":""},"categories":[13],"tags":[],"class_list":["post-14071","post","type-post","status-publish","format-standard","has-post-thumbnail","hentry","category-escola-paulo-quintela"],"_links":{"self":[{"href":"https:\/\/bojornal.pt\/index.php?rest_route=\/wp\/v2\/posts\/14071","targetHints":{"allow":["GET"]}}],"collection":[{"href":"https:\/\/bojornal.pt\/index.php?rest_route=\/wp\/v2\/posts"}],"about":[{"href":"https:\/\/bojornal.pt\/index.php?rest_route=\/wp\/v2\/types\/post"}],"author":[{"embeddable":true,"href":"https:\/\/bojornal.pt\/index.php?rest_route=\/wp\/v2\/users\/2"}],"replies":[{"embeddable":true,"href":"https:\/\/bojornal.pt\/index.php?rest_route=%2Fwp%2Fv2%2Fcomments&post=14071"}],"version-history":[{"count":0,"href":"https:\/\/bojornal.pt\/index.php?rest_route=\/wp\/v2\/posts\/14071\/revisions"}],"wp:featuredmedia":[{"embeddable":true,"href":"https:\/\/bojornal.pt\/index.php?rest_route=\/wp\/v2\/media\/14075"}],"wp:attachment":[{"href":"https:\/\/bojornal.pt\/index.php?rest_route=%2Fwp%2Fv2%2Fmedia&parent=14071"}],"wp:term":[{"taxonomy":"category","embeddable":true,"href":"https:\/\/bojornal.pt\/index.php?rest_route=%2Fwp%2Fv2%2Fcategories&post=14071"},{"taxonomy":"post_tag","embeddable":true,"href":"https:\/\/bojornal.pt\/index.php?rest_route=%2Fwp%2Fv2%2Ftags&post=14071"}],"curies":[{"name":"wp","href":"https:\/\/api.w.org\/{rel}","templated":true}]}}