{"id":14042,"date":"2024-06-24T10:34:33","date_gmt":"2024-06-24T09:34:33","guid":{"rendered":"https:\/\/bojornal.pt\/?p=14042"},"modified":"2024-06-24T10:34:35","modified_gmt":"2024-06-24T09:34:35","slug":"assim-terminou-mais-um-ano-letivo","status":"publish","type":"post","link":"https:\/\/bojornal.pt\/?p=14042","title":{"rendered":"Assim terminou mais um ano letivo"},"content":{"rendered":"\n<p><strong><em>Escola B\u00e1sica Paulo Quintela repleta de atividades, na \u00faltima semana de aulas<\/em><\/strong><\/p>\n\n\n\n<figure class=\"wp-block-gallery has-nested-images columns-default is-cropped wp-block-gallery-1 is-layout-flex wp-block-gallery-is-layout-flex\">\n<figure class=\"wp-block-image size-large is-style-default\"><img loading=\"lazy\" decoding=\"async\" width=\"1024\" height=\"543\" data-id=\"14057\" src=\"https:\/\/bojornal.pt\/wp-content\/uploads\/2024\/06\/Final-de-ano-letivo-na-PQ-1-1024x543.jpeg\" alt=\"\" class=\"wp-image-14057\" srcset=\"https:\/\/bojornal.pt\/wp-content\/uploads\/2024\/06\/Final-de-ano-letivo-na-PQ-1-1024x543.jpeg 1024w, https:\/\/bojornal.pt\/wp-content\/uploads\/2024\/06\/Final-de-ano-letivo-na-PQ-1-300x159.jpeg 300w, https:\/\/bojornal.pt\/wp-content\/uploads\/2024\/06\/Final-de-ano-letivo-na-PQ-1-150x80.jpeg 150w, https:\/\/bojornal.pt\/wp-content\/uploads\/2024\/06\/Final-de-ano-letivo-na-PQ-1-768x408.jpeg 768w, https:\/\/bojornal.pt\/wp-content\/uploads\/2024\/06\/Final-de-ano-letivo-na-PQ-1-1536x815.jpeg 1536w, https:\/\/bojornal.pt\/wp-content\/uploads\/2024\/06\/Final-de-ano-letivo-na-PQ-1.jpeg 1600w\" sizes=\"auto, (max-width: 1024px) 100vw, 1024px\" \/><\/figure>\n\n\n\n<figure class=\"wp-block-image size-large is-style-default\"><img loading=\"lazy\" decoding=\"async\" width=\"1024\" height=\"768\" data-id=\"14049\" src=\"https:\/\/bojornal.pt\/wp-content\/uploads\/2024\/06\/Final-de-ano-letivo-na-PQ-2-1024x768.jpeg\" alt=\"\" class=\"wp-image-14049\" srcset=\"https:\/\/bojornal.pt\/wp-content\/uploads\/2024\/06\/Final-de-ano-letivo-na-PQ-2-1024x768.jpeg 1024w, https:\/\/bojornal.pt\/wp-content\/uploads\/2024\/06\/Final-de-ano-letivo-na-PQ-2-300x225.jpeg 300w, https:\/\/bojornal.pt\/wp-content\/uploads\/2024\/06\/Final-de-ano-letivo-na-PQ-2-150x113.jpeg 150w, https:\/\/bojornal.pt\/wp-content\/uploads\/2024\/06\/Final-de-ano-letivo-na-PQ-2-768x576.jpeg 768w, https:\/\/bojornal.pt\/wp-content\/uploads\/2024\/06\/Final-de-ano-letivo-na-PQ-2-1536x1153.jpeg 1536w, https:\/\/bojornal.pt\/wp-content\/uploads\/2024\/06\/Final-de-ano-letivo-na-PQ-2.jpeg 1599w\" sizes=\"auto, (max-width: 1024px) 100vw, 1024px\" \/><\/figure>\n\n\n\n<figure class=\"wp-block-image size-large is-style-default\"><img loading=\"lazy\" decoding=\"async\" width=\"1024\" height=\"768\" data-id=\"14052\" src=\"https:\/\/bojornal.pt\/wp-content\/uploads\/2024\/06\/Final-de-ano-letivo-na-PQ-3-1024x768.jpeg\" alt=\"\" class=\"wp-image-14052\" srcset=\"https:\/\/bojornal.pt\/wp-content\/uploads\/2024\/06\/Final-de-ano-letivo-na-PQ-3-1024x768.jpeg 1024w, https:\/\/bojornal.pt\/wp-content\/uploads\/2024\/06\/Final-de-ano-letivo-na-PQ-3-300x225.jpeg 300w, https:\/\/bojornal.pt\/wp-content\/uploads\/2024\/06\/Final-de-ano-letivo-na-PQ-3-150x113.jpeg 150w, https:\/\/bojornal.pt\/wp-content\/uploads\/2024\/06\/Final-de-ano-letivo-na-PQ-3-768x576.jpeg 768w, https:\/\/bojornal.pt\/wp-content\/uploads\/2024\/06\/Final-de-ano-letivo-na-PQ-3-1536x1153.jpeg 1536w, https:\/\/bojornal.pt\/wp-content\/uploads\/2024\/06\/Final-de-ano-letivo-na-PQ-3.jpeg 1599w\" sizes=\"auto, (max-width: 1024px) 100vw, 1024px\" \/><\/figure>\n\n\n\n<figure class=\"wp-block-image size-large is-style-default\"><img loading=\"lazy\" decoding=\"async\" width=\"1024\" height=\"768\" data-id=\"14044\" src=\"https:\/\/bojornal.pt\/wp-content\/uploads\/2024\/06\/Final-de-ano-letivo-na-PQ-4-1024x768.jpeg\" alt=\"\" class=\"wp-image-14044\" srcset=\"https:\/\/bojornal.pt\/wp-content\/uploads\/2024\/06\/Final-de-ano-letivo-na-PQ-4-1024x768.jpeg 1024w, https:\/\/bojornal.pt\/wp-content\/uploads\/2024\/06\/Final-de-ano-letivo-na-PQ-4-300x225.jpeg 300w, https:\/\/bojornal.pt\/wp-content\/uploads\/2024\/06\/Final-de-ano-letivo-na-PQ-4-150x113.jpeg 150w, https:\/\/bojornal.pt\/wp-content\/uploads\/2024\/06\/Final-de-ano-letivo-na-PQ-4-768x576.jpeg 768w, https:\/\/bojornal.pt\/wp-content\/uploads\/2024\/06\/Final-de-ano-letivo-na-PQ-4-1536x1153.jpeg 1536w, https:\/\/bojornal.pt\/wp-content\/uploads\/2024\/06\/Final-de-ano-letivo-na-PQ-4.jpeg 1599w\" sizes=\"auto, (max-width: 1024px) 100vw, 1024px\" \/><\/figure>\n\n\n\n<figure class=\"wp-block-image size-large is-style-default\"><img loading=\"lazy\" decoding=\"async\" width=\"1024\" height=\"768\" data-id=\"14047\" src=\"https:\/\/bojornal.pt\/wp-content\/uploads\/2024\/06\/Final-de-ano-letivo-na-PQ-5-1024x768.jpeg\" alt=\"\" class=\"wp-image-14047\" srcset=\"https:\/\/bojornal.pt\/wp-content\/uploads\/2024\/06\/Final-de-ano-letivo-na-PQ-5-1024x768.jpeg 1024w, https:\/\/bojornal.pt\/wp-content\/uploads\/2024\/06\/Final-de-ano-letivo-na-PQ-5-300x225.jpeg 300w, https:\/\/bojornal.pt\/wp-content\/uploads\/2024\/06\/Final-de-ano-letivo-na-PQ-5-150x113.jpeg 150w, https:\/\/bojornal.pt\/wp-content\/uploads\/2024\/06\/Final-de-ano-letivo-na-PQ-5-768x576.jpeg 768w, https:\/\/bojornal.pt\/wp-content\/uploads\/2024\/06\/Final-de-ano-letivo-na-PQ-5-1536x1153.jpeg 1536w, https:\/\/bojornal.pt\/wp-content\/uploads\/2024\/06\/Final-de-ano-letivo-na-PQ-5.jpeg 1599w\" sizes=\"auto, (max-width: 1024px) 100vw, 1024px\" \/><\/figure>\n\n\n\n<figure class=\"wp-block-image size-large is-style-default\"><img loading=\"lazy\" decoding=\"async\" width=\"1024\" height=\"768\" data-id=\"14050\" src=\"https:\/\/bojornal.pt\/wp-content\/uploads\/2024\/06\/Final-de-ano-letivo-na-PQ-6-1024x768.jpeg\" alt=\"\" class=\"wp-image-14050\" srcset=\"https:\/\/bojornal.pt\/wp-content\/uploads\/2024\/06\/Final-de-ano-letivo-na-PQ-6-1024x768.jpeg 1024w, https:\/\/bojornal.pt\/wp-content\/uploads\/2024\/06\/Final-de-ano-letivo-na-PQ-6-300x225.jpeg 300w, https:\/\/bojornal.pt\/wp-content\/uploads\/2024\/06\/Final-de-ano-letivo-na-PQ-6-150x113.jpeg 150w, https:\/\/bojornal.pt\/wp-content\/uploads\/2024\/06\/Final-de-ano-letivo-na-PQ-6-768x576.jpeg 768w, https:\/\/bojornal.pt\/wp-content\/uploads\/2024\/06\/Final-de-ano-letivo-na-PQ-6-1536x1152.jpeg 1536w, https:\/\/bojornal.pt\/wp-content\/uploads\/2024\/06\/Final-de-ano-letivo-na-PQ-6.jpeg 1600w\" sizes=\"auto, (max-width: 1024px) 100vw, 1024px\" \/><\/figure>\n\n\n\n<figure class=\"wp-block-image size-large is-style-default\"><img loading=\"lazy\" decoding=\"async\" width=\"768\" height=\"1024\" data-id=\"14043\" src=\"https:\/\/bojornal.pt\/wp-content\/uploads\/2024\/06\/Final-de-ano-letivo-na-PQ-7-768x1024.jpeg\" alt=\"\" class=\"wp-image-14043\" srcset=\"https:\/\/bojornal.pt\/wp-content\/uploads\/2024\/06\/Final-de-ano-letivo-na-PQ-7-768x1024.jpeg 768w, https:\/\/bojornal.pt\/wp-content\/uploads\/2024\/06\/Final-de-ano-letivo-na-PQ-7-225x300.jpeg 225w, https:\/\/bojornal.pt\/wp-content\/uploads\/2024\/06\/Final-de-ano-letivo-na-PQ-7-113x150.jpeg 113w, https:\/\/bojornal.pt\/wp-content\/uploads\/2024\/06\/Final-de-ano-letivo-na-PQ-7-1152x1536.jpeg 1152w, https:\/\/bojornal.pt\/wp-content\/uploads\/2024\/06\/Final-de-ano-letivo-na-PQ-7.jpeg 1200w\" sizes=\"auto, (max-width: 768px) 100vw, 768px\" \/><\/figure>\n\n\n\n<figure class=\"wp-block-image size-large is-style-default\"><img loading=\"lazy\" decoding=\"async\" width=\"768\" height=\"1024\" data-id=\"14048\" src=\"https:\/\/bojornal.pt\/wp-content\/uploads\/2024\/06\/Final-de-ano-letivo-na-PQ-8-768x1024.jpeg\" alt=\"\" class=\"wp-image-14048\" srcset=\"https:\/\/bojornal.pt\/wp-content\/uploads\/2024\/06\/Final-de-ano-letivo-na-PQ-8-768x1024.jpeg 768w, https:\/\/bojornal.pt\/wp-content\/uploads\/2024\/06\/Final-de-ano-letivo-na-PQ-8-225x300.jpeg 225w, https:\/\/bojornal.pt\/wp-content\/uploads\/2024\/06\/Final-de-ano-letivo-na-PQ-8-113x150.jpeg 113w, https:\/\/bojornal.pt\/wp-content\/uploads\/2024\/06\/Final-de-ano-letivo-na-PQ-8-1152x1536.jpeg 1152w, https:\/\/bojornal.pt\/wp-content\/uploads\/2024\/06\/Final-de-ano-letivo-na-PQ-8.jpeg 1200w\" sizes=\"auto, (max-width: 768px) 100vw, 768px\" \/><\/figure>\n\n\n\n<figure class=\"wp-block-image size-large is-style-default\"><img loading=\"lazy\" decoding=\"async\" width=\"1024\" height=\"642\" data-id=\"14046\" src=\"https:\/\/bojornal.pt\/wp-content\/uploads\/2024\/06\/Final-de-ano-letivo-na-PQ-9-1024x642.jpeg\" alt=\"\" class=\"wp-image-14046\" srcset=\"https:\/\/bojornal.pt\/wp-content\/uploads\/2024\/06\/Final-de-ano-letivo-na-PQ-9-1024x642.jpeg 1024w, https:\/\/bojornal.pt\/wp-content\/uploads\/2024\/06\/Final-de-ano-letivo-na-PQ-9-300x188.jpeg 300w, https:\/\/bojornal.pt\/wp-content\/uploads\/2024\/06\/Final-de-ano-letivo-na-PQ-9-150x94.jpeg 150w, https:\/\/bojornal.pt\/wp-content\/uploads\/2024\/06\/Final-de-ano-letivo-na-PQ-9-768x482.jpeg 768w, https:\/\/bojornal.pt\/wp-content\/uploads\/2024\/06\/Final-de-ano-letivo-na-PQ-9-1536x963.jpeg 1536w, https:\/\/bojornal.pt\/wp-content\/uploads\/2024\/06\/Final-de-ano-letivo-na-PQ-9.jpeg 1599w\" sizes=\"auto, (max-width: 1024px) 100vw, 1024px\" \/><\/figure>\n\n\n\n<figure class=\"wp-block-image size-large is-style-default\"><img loading=\"lazy\" decoding=\"async\" width=\"1024\" height=\"576\" data-id=\"14051\" src=\"https:\/\/bojornal.pt\/wp-content\/uploads\/2024\/06\/Final-de-ano-letivo-na-PQ-11-1024x576.jpeg\" alt=\"\" class=\"wp-image-14051\" srcset=\"https:\/\/bojornal.pt\/wp-content\/uploads\/2024\/06\/Final-de-ano-letivo-na-PQ-11-1024x576.jpeg 1024w, https:\/\/bojornal.pt\/wp-content\/uploads\/2024\/06\/Final-de-ano-letivo-na-PQ-11-300x169.jpeg 300w, https:\/\/bojornal.pt\/wp-content\/uploads\/2024\/06\/Final-de-ano-letivo-na-PQ-11-150x84.jpeg 150w, https:\/\/bojornal.pt\/wp-content\/uploads\/2024\/06\/Final-de-ano-letivo-na-PQ-11-768x432.jpeg 768w, https:\/\/bojornal.pt\/wp-content\/uploads\/2024\/06\/Final-de-ano-letivo-na-PQ-11-1536x864.jpeg 1536w, https:\/\/bojornal.pt\/wp-content\/uploads\/2024\/06\/Final-de-ano-letivo-na-PQ-11.jpeg 2040w\" sizes=\"auto, (max-width: 1024px) 100vw, 1024px\" \/><\/figure>\n\n\n\n<figure class=\"wp-block-image size-large is-style-default\"><img loading=\"lazy\" decoding=\"async\" width=\"576\" height=\"1024\" data-id=\"14056\" src=\"https:\/\/bojornal.pt\/wp-content\/uploads\/2024\/06\/Final-de-ano-letivo-na-PQ-13-576x1024.jpeg\" alt=\"\" class=\"wp-image-14056\" srcset=\"https:\/\/bojornal.pt\/wp-content\/uploads\/2024\/06\/Final-de-ano-letivo-na-PQ-13-576x1024.jpeg 576w, https:\/\/bojornal.pt\/wp-content\/uploads\/2024\/06\/Final-de-ano-letivo-na-PQ-13-169x300.jpeg 169w, https:\/\/bojornal.pt\/wp-content\/uploads\/2024\/06\/Final-de-ano-letivo-na-PQ-13-84x150.jpeg 84w, https:\/\/bojornal.pt\/wp-content\/uploads\/2024\/06\/Final-de-ano-letivo-na-PQ-13-768x1365.jpeg 768w, https:\/\/bojornal.pt\/wp-content\/uploads\/2024\/06\/Final-de-ano-letivo-na-PQ-13-864x1536.jpeg 864w, https:\/\/bojornal.pt\/wp-content\/uploads\/2024\/06\/Final-de-ano-letivo-na-PQ-13.jpeg 900w\" sizes=\"auto, (max-width: 576px) 100vw, 576px\" \/><\/figure>\n\n\n\n<figure class=\"wp-block-image size-large is-style-default\"><img loading=\"lazy\" decoding=\"async\" width=\"768\" height=\"1024\" data-id=\"14059\" src=\"https:\/\/bojornal.pt\/wp-content\/uploads\/2024\/06\/Final-de-ano-letivo-na-PQ-14-768x1024.jpeg\" alt=\"\" class=\"wp-image-14059\" srcset=\"https:\/\/bojornal.pt\/wp-content\/uploads\/2024\/06\/Final-de-ano-letivo-na-PQ-14-768x1024.jpeg 768w, https:\/\/bojornal.pt\/wp-content\/uploads\/2024\/06\/Final-de-ano-letivo-na-PQ-14-225x300.jpeg 225w, https:\/\/bojornal.pt\/wp-content\/uploads\/2024\/06\/Final-de-ano-letivo-na-PQ-14-113x150.jpeg 113w, https:\/\/bojornal.pt\/wp-content\/uploads\/2024\/06\/Final-de-ano-letivo-na-PQ-14-1152x1536.jpeg 1152w, https:\/\/bojornal.pt\/wp-content\/uploads\/2024\/06\/Final-de-ano-letivo-na-PQ-14.jpeg 1200w\" sizes=\"auto, (max-width: 768px) 100vw, 768px\" \/><\/figure>\n\n\n\n<figure class=\"wp-block-image size-large is-style-default\"><img loading=\"lazy\" decoding=\"async\" width=\"1024\" height=\"576\" data-id=\"14045\" src=\"https:\/\/bojornal.pt\/wp-content\/uploads\/2024\/06\/Final-de-ano-letivo-na-PQ-15-1024x576.jpeg\" alt=\"\" class=\"wp-image-14045\" srcset=\"https:\/\/bojornal.pt\/wp-content\/uploads\/2024\/06\/Final-de-ano-letivo-na-PQ-15-1024x576.jpeg 1024w, https:\/\/bojornal.pt\/wp-content\/uploads\/2024\/06\/Final-de-ano-letivo-na-PQ-15-300x169.jpeg 300w, https:\/\/bojornal.pt\/wp-content\/uploads\/2024\/06\/Final-de-ano-letivo-na-PQ-15-150x84.jpeg 150w, https:\/\/bojornal.pt\/wp-content\/uploads\/2024\/06\/Final-de-ano-letivo-na-PQ-15-768x432.jpeg 768w, https:\/\/bojornal.pt\/wp-content\/uploads\/2024\/06\/Final-de-ano-letivo-na-PQ-15-1536x864.jpeg 1536w, https:\/\/bojornal.pt\/wp-content\/uploads\/2024\/06\/Final-de-ano-letivo-na-PQ-15.jpeg 1600w\" sizes=\"auto, (max-width: 1024px) 100vw, 1024px\" \/><\/figure>\n\n\n\n<figure class=\"wp-block-image size-large is-style-default\"><img loading=\"lazy\" decoding=\"async\" width=\"1024\" height=\"576\" data-id=\"14053\" src=\"https:\/\/bojornal.pt\/wp-content\/uploads\/2024\/06\/Final-de-ano-letivo-na-PQ-16-1024x576.jpeg\" alt=\"\" class=\"wp-image-14053\" srcset=\"https:\/\/bojornal.pt\/wp-content\/uploads\/2024\/06\/Final-de-ano-letivo-na-PQ-16-1024x576.jpeg 1024w, https:\/\/bojornal.pt\/wp-content\/uploads\/2024\/06\/Final-de-ano-letivo-na-PQ-16-300x169.jpeg 300w, https:\/\/bojornal.pt\/wp-content\/uploads\/2024\/06\/Final-de-ano-letivo-na-PQ-16-150x84.jpeg 150w, https:\/\/bojornal.pt\/wp-content\/uploads\/2024\/06\/Final-de-ano-letivo-na-PQ-16-768x432.jpeg 768w, https:\/\/bojornal.pt\/wp-content\/uploads\/2024\/06\/Final-de-ano-letivo-na-PQ-16-1536x864.jpeg 1536w, https:\/\/bojornal.pt\/wp-content\/uploads\/2024\/06\/Final-de-ano-letivo-na-PQ-16.jpeg 1600w\" sizes=\"auto, (max-width: 1024px) 100vw, 1024px\" \/><\/figure>\n\n\n\n<figure class=\"wp-block-image size-large is-style-default\"><img loading=\"lazy\" decoding=\"async\" width=\"1024\" height=\"768\" data-id=\"14058\" src=\"https:\/\/bojornal.pt\/wp-content\/uploads\/2024\/06\/Final-de-ano-letivo-na-PQ-17-1024x768.jpeg\" alt=\"\" class=\"wp-image-14058\" srcset=\"https:\/\/bojornal.pt\/wp-content\/uploads\/2024\/06\/Final-de-ano-letivo-na-PQ-17-1024x768.jpeg 1024w, https:\/\/bojornal.pt\/wp-content\/uploads\/2024\/06\/Final-de-ano-letivo-na-PQ-17-300x225.jpeg 300w, https:\/\/bojornal.pt\/wp-content\/uploads\/2024\/06\/Final-de-ano-letivo-na-PQ-17-150x113.jpeg 150w, https:\/\/bojornal.pt\/wp-content\/uploads\/2024\/06\/Final-de-ano-letivo-na-PQ-17-768x576.jpeg 768w, https:\/\/bojornal.pt\/wp-content\/uploads\/2024\/06\/Final-de-ano-letivo-na-PQ-17-1536x1153.jpeg 1536w, https:\/\/bojornal.pt\/wp-content\/uploads\/2024\/06\/Final-de-ano-letivo-na-PQ-17.jpeg 1599w\" sizes=\"auto, (max-width: 1024px) 100vw, 1024px\" \/><\/figure>\n<\/figure>\n\n\n\n<p>Ao longo da \u00faltima semana de aulas, foram realizadas diversas atividades na Escola B\u00e1sica Paulo Quintela, que assinalaram o t\u00e9rmino de mais um ano letivo.<\/p>\n\n\n\n<p>A realiza\u00e7\u00e3o de um torneio interturmas de futebol criou uma din\u00e2mica de competi\u00e7\u00e3o saud\u00e1vel entre todas as turmas do 2\u00ba ciclo. No intervalo entre competi\u00e7\u00f5es, houve uma demonstra\u00e7\u00e3o de gin\u00e1stica acrob\u00e1tica que muito animou o momento!<\/p>\n\n\n\n<p>A apresenta\u00e7\u00e3o de momentos musicais da responsabilidade dos professores de Educa\u00e7\u00e3o Musical e do Ensino Articulado e com o envolvimento das turmas dos 5\u00ba e 6\u00ba anos, deliciaram os ouvidos de quem esteve presente. Estes momentos musicais foram intercalados com a entrega de pr\u00e9mios aos vencedores de concursos promovidos pela biblioteca escolar BAG.<\/p>\n\n\n\n<p>BOAS F\u00c9RIAS!<\/p>\n","protected":false},"excerpt":{"rendered":"<p>Escola B\u00e1sica Paulo Quintela repleta de atividades, na \u00faltima semana de aulas Ao longo da \u00faltima semana de aulas, foram realizadas diversas atividades na Escola B\u00e1sica Paulo Quintela, que assinalaram o t\u00e9rmino de mais&#46;&#46;&#46;<\/p>\n","protected":false},"author":2,"featured_media":14053,"comment_status":"closed","ping_status":"open","sticky":false,"template":"","format":"standard","meta":{"footnotes":""},"categories":[13],"tags":[],"class_list":["post-14042","post","type-post","status-publish","format-standard","has-post-thumbnail","hentry","category-escola-paulo-quintela"],"_links":{"self":[{"href":"https:\/\/bojornal.pt\/index.php?rest_route=\/wp\/v2\/posts\/14042","targetHints":{"allow":["GET"]}}],"collection":[{"href":"https:\/\/bojornal.pt\/index.php?rest_route=\/wp\/v2\/posts"}],"about":[{"href":"https:\/\/bojornal.pt\/index.php?rest_route=\/wp\/v2\/types\/post"}],"author":[{"embeddable":true,"href":"https:\/\/bojornal.pt\/index.php?rest_route=\/wp\/v2\/users\/2"}],"replies":[{"embeddable":true,"href":"https:\/\/bojornal.pt\/index.php?rest_route=%2Fwp%2Fv2%2Fcomments&post=14042"}],"version-history":[{"count":0,"href":"https:\/\/bojornal.pt\/index.php?rest_route=\/wp\/v2\/posts\/14042\/revisions"}],"wp:featuredmedia":[{"embeddable":true,"href":"https:\/\/bojornal.pt\/index.php?rest_route=\/wp\/v2\/media\/14053"}],"wp:attachment":[{"href":"https:\/\/bojornal.pt\/index.php?rest_route=%2Fwp%2Fv2%2Fmedia&parent=14042"}],"wp:term":[{"taxonomy":"category","embeddable":true,"href":"https:\/\/bojornal.pt\/index.php?rest_route=%2Fwp%2Fv2%2Fcategories&post=14042"},{"taxonomy":"post_tag","embeddable":true,"href":"https:\/\/bojornal.pt\/index.php?rest_route=%2Fwp%2Fv2%2Ftags&post=14042"}],"curies":[{"name":"wp","href":"https:\/\/api.w.org\/{rel}","templated":true}]}}