{"id":14036,"date":"2024-06-05T10:16:00","date_gmt":"2024-06-05T09:16:00","guid":{"rendered":"https:\/\/bojornal.pt\/?p=14036"},"modified":"2024-06-24T10:21:20","modified_gmt":"2024-06-24T09:21:20","slug":"a-incubar-a-brincadeira","status":"publish","type":"post","link":"https:\/\/bojornal.pt\/?p=14036","title":{"rendered":"A incubar a brincadeira!"},"content":{"rendered":"\n<p><strong>8\u00aa edi\u00e7\u00e3o do Dia Nacional da Seguran\u00e7a Infantil<\/strong><\/p>\n\n\n\n<figure class=\"wp-block-gallery has-nested-images columns-default is-cropped wp-block-gallery-1 is-layout-flex wp-block-gallery-is-layout-flex\">\n<figure class=\"wp-block-image size-large is-style-default\"><img loading=\"lazy\" decoding=\"async\" width=\"768\" height=\"1024\" data-id=\"14040\" src=\"https:\/\/bojornal.pt\/wp-content\/uploads\/2024\/06\/Dia-Nacional-De-Seguranca-Infantil-1-768x1024.jpg\" alt=\"\" class=\"wp-image-14040\" srcset=\"https:\/\/bojornal.pt\/wp-content\/uploads\/2024\/06\/Dia-Nacional-De-Seguranca-Infantil-1-768x1024.jpg 768w, https:\/\/bojornal.pt\/wp-content\/uploads\/2024\/06\/Dia-Nacional-De-Seguranca-Infantil-1-225x300.jpg 225w, https:\/\/bojornal.pt\/wp-content\/uploads\/2024\/06\/Dia-Nacional-De-Seguranca-Infantil-1-113x150.jpg 113w, https:\/\/bojornal.pt\/wp-content\/uploads\/2024\/06\/Dia-Nacional-De-Seguranca-Infantil-1-1152x1536.jpg 1152w, https:\/\/bojornal.pt\/wp-content\/uploads\/2024\/06\/Dia-Nacional-De-Seguranca-Infantil-1-1536x2048.jpg 1536w, https:\/\/bojornal.pt\/wp-content\/uploads\/2024\/06\/Dia-Nacional-De-Seguranca-Infantil-1-scaled.jpg 1920w\" sizes=\"auto, (max-width: 768px) 100vw, 768px\" \/><\/figure>\n\n\n\n<figure class=\"wp-block-image size-large is-style-default\"><img loading=\"lazy\" decoding=\"async\" width=\"1024\" height=\"768\" data-id=\"14039\" src=\"https:\/\/bojornal.pt\/wp-content\/uploads\/2024\/06\/Dia-Nacional-De-Seguranca-Infantil-2-1024x768.jpg\" alt=\"\" class=\"wp-image-14039\" srcset=\"https:\/\/bojornal.pt\/wp-content\/uploads\/2024\/06\/Dia-Nacional-De-Seguranca-Infantil-2-1024x768.jpg 1024w, https:\/\/bojornal.pt\/wp-content\/uploads\/2024\/06\/Dia-Nacional-De-Seguranca-Infantil-2-300x225.jpg 300w, https:\/\/bojornal.pt\/wp-content\/uploads\/2024\/06\/Dia-Nacional-De-Seguranca-Infantil-2-150x113.jpg 150w, https:\/\/bojornal.pt\/wp-content\/uploads\/2024\/06\/Dia-Nacional-De-Seguranca-Infantil-2-768x576.jpg 768w, https:\/\/bojornal.pt\/wp-content\/uploads\/2024\/06\/Dia-Nacional-De-Seguranca-Infantil-2-1536x1152.jpg 1536w, https:\/\/bojornal.pt\/wp-content\/uploads\/2024\/06\/Dia-Nacional-De-Seguranca-Infantil-2-2048x1536.jpg 2048w\" sizes=\"auto, (max-width: 1024px) 100vw, 1024px\" \/><\/figure>\n\n\n\n<figure class=\"wp-block-image size-large is-style-default\"><img loading=\"lazy\" decoding=\"async\" width=\"875\" height=\"1024\" data-id=\"14038\" src=\"https:\/\/bojornal.pt\/wp-content\/uploads\/2024\/06\/Dia-Nacional-De-Seguranca-Infantil-3-875x1024.jpg\" alt=\"\" class=\"wp-image-14038\" srcset=\"https:\/\/bojornal.pt\/wp-content\/uploads\/2024\/06\/Dia-Nacional-De-Seguranca-Infantil-3-875x1024.jpg 875w, https:\/\/bojornal.pt\/wp-content\/uploads\/2024\/06\/Dia-Nacional-De-Seguranca-Infantil-3-256x300.jpg 256w, https:\/\/bojornal.pt\/wp-content\/uploads\/2024\/06\/Dia-Nacional-De-Seguranca-Infantil-3-128x150.jpg 128w, https:\/\/bojornal.pt\/wp-content\/uploads\/2024\/06\/Dia-Nacional-De-Seguranca-Infantil-3-768x899.jpg 768w, https:\/\/bojornal.pt\/wp-content\/uploads\/2024\/06\/Dia-Nacional-De-Seguranca-Infantil-3-1312x1536.jpg 1312w, https:\/\/bojornal.pt\/wp-content\/uploads\/2024\/06\/Dia-Nacional-De-Seguranca-Infantil-3-1749x2048.jpg 1749w\" sizes=\"auto, (max-width: 875px) 100vw, 875px\" \/><figcaption class=\"wp-element-caption\">sdr<\/figcaption><\/figure>\n\n\n\n<figure class=\"wp-block-image size-large is-style-default\"><img loading=\"lazy\" decoding=\"async\" width=\"942\" height=\"1024\" data-id=\"14037\" src=\"https:\/\/bojornal.pt\/wp-content\/uploads\/2024\/06\/Dia-Nacional-De-Seguranca-Infantil-4-942x1024.jpg\" alt=\"\" class=\"wp-image-14037\" srcset=\"https:\/\/bojornal.pt\/wp-content\/uploads\/2024\/06\/Dia-Nacional-De-Seguranca-Infantil-4-942x1024.jpg 942w, https:\/\/bojornal.pt\/wp-content\/uploads\/2024\/06\/Dia-Nacional-De-Seguranca-Infantil-4-276x300.jpg 276w, https:\/\/bojornal.pt\/wp-content\/uploads\/2024\/06\/Dia-Nacional-De-Seguranca-Infantil-4-138x150.jpg 138w, https:\/\/bojornal.pt\/wp-content\/uploads\/2024\/06\/Dia-Nacional-De-Seguranca-Infantil-4-768x835.jpg 768w, https:\/\/bojornal.pt\/wp-content\/uploads\/2024\/06\/Dia-Nacional-De-Seguranca-Infantil-4-1413x1536.jpg 1413w, https:\/\/bojornal.pt\/wp-content\/uploads\/2024\/06\/Dia-Nacional-De-Seguranca-Infantil-4-1884x2048.jpg 1884w\" sizes=\"auto, (max-width: 942px) 100vw, 942px\" \/><\/figure>\n<\/figure>\n\n\n\n<p>O Dia Nacional da Seguran\u00e7a Infantil (DNSI), celebra-se a 23 de maio, e \u00e9 um evento organizado pela Associa\u00e7\u00e3o para a Promo\u00e7\u00e3o da Seguran\u00e7a Infantil (APSI), desde 2017, com o intuito de sensibilizar e promover pr\u00e1ticas que contribuem para o crescimento saud\u00e1vel das crian\u00e7as.<\/p>\n\n\n\n<p>O objetivo do DNSI e mais especificamente da Incubadora de Brincar \u00e9 criar mais e novas oportunidades para as crian\u00e7as brincarem livremente no espa\u00e7o p\u00fablico, com recurso a materiais soltos e de baixo custo, que permitem diferentes usos.<\/p>\n\n\n\n<p>Paralelamente, atrav\u00e9s da promo\u00e7\u00e3o do espa\u00e7o p\u00fablico como um espa\u00e7o promotor de sa\u00fade e bem-estar, pretende-se incentivar modos mais saud\u00e1veis e sustent\u00e1veis de desloca\u00e7\u00e3o.<\/p>\n\n\n\n<p>Este ano a turma JISe2 e S\u00e91 juntaram-se \u00e0 atividade escolhendo um espa\u00e7o p\u00fablico, (espa\u00e7o verde adjacente ao recinto onde habitualmente se realiza a feira semanal \u2013 em frente Centro de Mem\u00f3ria do Forte S. Jo\u00e3o de Deus) para brincarem, sem nenhum intuito educativo definido (brincar por brincar).<\/p>\n\n\n\n<p>A recolha dos materiais a utilizar na brincadeira (Caixas de cart\u00e3o; Malas, tampas, cordas, Tecidos (panos, toalhas, len\u00e7\u00f3is), roupa; sapatos; mantas; Sacos de tecido\/serapilheira\/etc.; Baldes; cestas; Restos de madeira; pneus; pneus bicicleta\u2026). contou com a colabora\u00e7\u00e3o das fam\u00edlias.<\/p>\n\n\n\n<p>Foi um dia memor\u00e1vel para as crian\u00e7as.<\/p>\n\n\n\n<p>Pode assistir ao v\u00eddeo das atividades atrav\u00e9s deste link:<\/p>\n\n\n\n<p><a href=\"https:\/\/drive.google.com\/file\/d\/13jK44t8NXQ5BQVNKUN9EOCYZ_FN3CL5l\/view?usp=drive_link\">https:\/\/drive.google.com\/file\/d\/13jK44t8NXQ5BQVNKUN9EOCYZ_FN3CL5l\/view?usp=drive_link<\/a><\/p>\n","protected":false},"excerpt":{"rendered":"<p>8\u00aa edi\u00e7\u00e3o do Dia Nacional da Seguran\u00e7a Infantil O Dia Nacional da Seguran\u00e7a Infantil (DNSI), celebra-se a 23 de maio, e \u00e9 um evento organizado pela Associa\u00e7\u00e3o para a Promo\u00e7\u00e3o da Seguran\u00e7a Infantil (APSI),&#46;&#46;&#46;<\/p>\n","protected":false},"author":2,"featured_media":14039,"comment_status":"closed","ping_status":"open","sticky":false,"template":"","format":"standard","meta":{"footnotes":""},"categories":[14,9,15],"tags":[],"class_list":["post-14036","post","type-post","status-publish","format-standard","has-post-thumbnail","hentry","category-1o-ciclo","category-em-foco","category-pre-escolar"],"_links":{"self":[{"href":"https:\/\/bojornal.pt\/index.php?rest_route=\/wp\/v2\/posts\/14036","targetHints":{"allow":["GET"]}}],"collection":[{"href":"https:\/\/bojornal.pt\/index.php?rest_route=\/wp\/v2\/posts"}],"about":[{"href":"https:\/\/bojornal.pt\/index.php?rest_route=\/wp\/v2\/types\/post"}],"author":[{"embeddable":true,"href":"https:\/\/bojornal.pt\/index.php?rest_route=\/wp\/v2\/users\/2"}],"replies":[{"embeddable":true,"href":"https:\/\/bojornal.pt\/index.php?rest_route=%2Fwp%2Fv2%2Fcomments&post=14036"}],"version-history":[{"count":0,"href":"https:\/\/bojornal.pt\/index.php?rest_route=\/wp\/v2\/posts\/14036\/revisions"}],"wp:featuredmedia":[{"embeddable":true,"href":"https:\/\/bojornal.pt\/index.php?rest_route=\/wp\/v2\/media\/14039"}],"wp:attachment":[{"href":"https:\/\/bojornal.pt\/index.php?rest_route=%2Fwp%2Fv2%2Fmedia&parent=14036"}],"wp:term":[{"taxonomy":"category","embeddable":true,"href":"https:\/\/bojornal.pt\/index.php?rest_route=%2Fwp%2Fv2%2Fcategories&post=14036"},{"taxonomy":"post_tag","embeddable":true,"href":"https:\/\/bojornal.pt\/index.php?rest_route=%2Fwp%2Fv2%2Ftags&post=14036"}],"curies":[{"name":"wp","href":"https:\/\/api.w.org\/{rel}","templated":true}]}}