{"id":14025,"date":"2024-06-24T10:09:16","date_gmt":"2024-06-24T09:09:16","guid":{"rendered":"https:\/\/bojornal.pt\/?p=14025"},"modified":"2024-06-24T10:10:43","modified_gmt":"2024-06-24T09:10:43","slug":"concurso-artistas-digitais-cerimonia-de-entrega-de-premios","status":"publish","type":"post","link":"https:\/\/bojornal.pt\/?p=14025","title":{"rendered":"Concurso &#8220;Artistas Digitais&#8221;: Cerim\u00f3nia de entrega de pr\u00e9mios"},"content":{"rendered":"\n<figure class=\"wp-block-gallery has-nested-images columns-default is-cropped wp-block-gallery-1 is-layout-flex wp-block-gallery-is-layout-flex\">\n<figure class=\"wp-block-image size-large is-style-default\"><img loading=\"lazy\" decoding=\"async\" width=\"1024\" height=\"588\" data-id=\"14027\" src=\"https:\/\/bojornal.pt\/wp-content\/uploads\/2024\/06\/IMG_20240619_132957_edit_675872241841657-1024x588.jpg\" alt=\"\" class=\"wp-image-14027\" srcset=\"https:\/\/bojornal.pt\/wp-content\/uploads\/2024\/06\/IMG_20240619_132957_edit_675872241841657-1024x588.jpg 1024w, https:\/\/bojornal.pt\/wp-content\/uploads\/2024\/06\/IMG_20240619_132957_edit_675872241841657-300x172.jpg 300w, https:\/\/bojornal.pt\/wp-content\/uploads\/2024\/06\/IMG_20240619_132957_edit_675872241841657-150x86.jpg 150w, https:\/\/bojornal.pt\/wp-content\/uploads\/2024\/06\/IMG_20240619_132957_edit_675872241841657-768x441.jpg 768w, https:\/\/bojornal.pt\/wp-content\/uploads\/2024\/06\/IMG_20240619_132957_edit_675872241841657-1536x883.jpg 1536w, https:\/\/bojornal.pt\/wp-content\/uploads\/2024\/06\/IMG_20240619_132957_edit_675872241841657.jpg 1728w\" sizes=\"auto, (max-width: 1024px) 100vw, 1024px\" \/><\/figure>\n\n\n\n<figure class=\"wp-block-image size-large is-style-default\"><img loading=\"lazy\" decoding=\"async\" width=\"1024\" height=\"462\" data-id=\"14029\" src=\"https:\/\/bojornal.pt\/wp-content\/uploads\/2024\/06\/IMG-20240619-WA0008-1024x462.jpg\" alt=\"\" class=\"wp-image-14029\" srcset=\"https:\/\/bojornal.pt\/wp-content\/uploads\/2024\/06\/IMG-20240619-WA0008-1024x462.jpg 1024w, https:\/\/bojornal.pt\/wp-content\/uploads\/2024\/06\/IMG-20240619-WA0008-300x135.jpg 300w, https:\/\/bojornal.pt\/wp-content\/uploads\/2024\/06\/IMG-20240619-WA0008-150x68.jpg 150w, https:\/\/bojornal.pt\/wp-content\/uploads\/2024\/06\/IMG-20240619-WA0008-768x346.jpg 768w, https:\/\/bojornal.pt\/wp-content\/uploads\/2024\/06\/IMG-20240619-WA0008-1536x693.jpg 1536w, https:\/\/bojornal.pt\/wp-content\/uploads\/2024\/06\/IMG-20240619-WA0008.jpg 2040w\" sizes=\"auto, (max-width: 1024px) 100vw, 1024px\" \/><\/figure>\n\n\n\n<figure class=\"wp-block-image size-large is-style-default\"><img loading=\"lazy\" decoding=\"async\" width=\"1024\" height=\"462\" data-id=\"14026\" src=\"https:\/\/bojornal.pt\/wp-content\/uploads\/2024\/06\/IMG-20240619-WA0010-1024x462.jpg\" alt=\"\" class=\"wp-image-14026\" srcset=\"https:\/\/bojornal.pt\/wp-content\/uploads\/2024\/06\/IMG-20240619-WA0010-1024x462.jpg 1024w, https:\/\/bojornal.pt\/wp-content\/uploads\/2024\/06\/IMG-20240619-WA0010-300x135.jpg 300w, https:\/\/bojornal.pt\/wp-content\/uploads\/2024\/06\/IMG-20240619-WA0010-150x68.jpg 150w, https:\/\/bojornal.pt\/wp-content\/uploads\/2024\/06\/IMG-20240619-WA0010-768x346.jpg 768w, https:\/\/bojornal.pt\/wp-content\/uploads\/2024\/06\/IMG-20240619-WA0010-1536x693.jpg 1536w, https:\/\/bojornal.pt\/wp-content\/uploads\/2024\/06\/IMG-20240619-WA0010.jpg 2040w\" sizes=\"auto, (max-width: 1024px) 100vw, 1024px\" \/><\/figure>\n\n\n\n<figure class=\"wp-block-image size-large is-style-default\"><img loading=\"lazy\" decoding=\"async\" width=\"1024\" height=\"462\" data-id=\"14031\" src=\"https:\/\/bojornal.pt\/wp-content\/uploads\/2024\/06\/IMG-20240619-WA0011-1024x462.jpg\" alt=\"\" class=\"wp-image-14031\" srcset=\"https:\/\/bojornal.pt\/wp-content\/uploads\/2024\/06\/IMG-20240619-WA0011-1024x462.jpg 1024w, https:\/\/bojornal.pt\/wp-content\/uploads\/2024\/06\/IMG-20240619-WA0011-300x135.jpg 300w, https:\/\/bojornal.pt\/wp-content\/uploads\/2024\/06\/IMG-20240619-WA0011-150x68.jpg 150w, https:\/\/bojornal.pt\/wp-content\/uploads\/2024\/06\/IMG-20240619-WA0011-768x346.jpg 768w, https:\/\/bojornal.pt\/wp-content\/uploads\/2024\/06\/IMG-20240619-WA0011-1536x693.jpg 1536w, https:\/\/bojornal.pt\/wp-content\/uploads\/2024\/06\/IMG-20240619-WA0011.jpg 2040w\" sizes=\"auto, (max-width: 1024px) 100vw, 1024px\" \/><\/figure>\n\n\n\n<figure class=\"wp-block-image size-large is-style-default\"><img loading=\"lazy\" decoding=\"async\" width=\"1024\" height=\"462\" data-id=\"14030\" src=\"https:\/\/bojornal.pt\/wp-content\/uploads\/2024\/06\/IMG-20240619-WA00121-1024x462.jpg\" alt=\"\" class=\"wp-image-14030\" srcset=\"https:\/\/bojornal.pt\/wp-content\/uploads\/2024\/06\/IMG-20240619-WA00121-1024x462.jpg 1024w, https:\/\/bojornal.pt\/wp-content\/uploads\/2024\/06\/IMG-20240619-WA00121-300x135.jpg 300w, https:\/\/bojornal.pt\/wp-content\/uploads\/2024\/06\/IMG-20240619-WA00121-150x68.jpg 150w, https:\/\/bojornal.pt\/wp-content\/uploads\/2024\/06\/IMG-20240619-WA00121-768x346.jpg 768w, https:\/\/bojornal.pt\/wp-content\/uploads\/2024\/06\/IMG-20240619-WA00121-1536x693.jpg 1536w, https:\/\/bojornal.pt\/wp-content\/uploads\/2024\/06\/IMG-20240619-WA00121.jpg 2040w\" sizes=\"auto, (max-width: 1024px) 100vw, 1024px\" \/><\/figure>\n\n\n\n<figure class=\"wp-block-image size-large is-style-default\"><img loading=\"lazy\" decoding=\"async\" width=\"1024\" height=\"609\" data-id=\"14028\" src=\"https:\/\/bojornal.pt\/wp-content\/uploads\/2024\/06\/IMG-20240619-WA0013_edit_681394394807481-1024x609.jpg\" alt=\"\" class=\"wp-image-14028\" srcset=\"https:\/\/bojornal.pt\/wp-content\/uploads\/2024\/06\/IMG-20240619-WA0013_edit_681394394807481-1024x609.jpg 1024w, https:\/\/bojornal.pt\/wp-content\/uploads\/2024\/06\/IMG-20240619-WA0013_edit_681394394807481-300x178.jpg 300w, https:\/\/bojornal.pt\/wp-content\/uploads\/2024\/06\/IMG-20240619-WA0013_edit_681394394807481-150x89.jpg 150w, https:\/\/bojornal.pt\/wp-content\/uploads\/2024\/06\/IMG-20240619-WA0013_edit_681394394807481-768x457.jpg 768w, https:\/\/bojornal.pt\/wp-content\/uploads\/2024\/06\/IMG-20240619-WA0013_edit_681394394807481.jpg 1409w\" sizes=\"auto, (max-width: 1024px) 100vw, 1024px\" \/><\/figure>\n\n\n\n<figure class=\"wp-block-image size-large is-style-default\"><img loading=\"lazy\" decoding=\"async\" width=\"1024\" height=\"621\" data-id=\"14032\" src=\"https:\/\/bojornal.pt\/wp-content\/uploads\/2024\/06\/IMG-20240619-WA0014_edit_681407199023625-1024x621.jpg\" alt=\"\" class=\"wp-image-14032\" srcset=\"https:\/\/bojornal.pt\/wp-content\/uploads\/2024\/06\/IMG-20240619-WA0014_edit_681407199023625-1024x621.jpg 1024w, https:\/\/bojornal.pt\/wp-content\/uploads\/2024\/06\/IMG-20240619-WA0014_edit_681407199023625-300x182.jpg 300w, https:\/\/bojornal.pt\/wp-content\/uploads\/2024\/06\/IMG-20240619-WA0014_edit_681407199023625-150x91.jpg 150w, https:\/\/bojornal.pt\/wp-content\/uploads\/2024\/06\/IMG-20240619-WA0014_edit_681407199023625-768x466.jpg 768w, https:\/\/bojornal.pt\/wp-content\/uploads\/2024\/06\/IMG-20240619-WA0014_edit_681407199023625.jpg 1516w\" sizes=\"auto, (max-width: 1024px) 100vw, 1024px\" \/><\/figure>\n<\/figure>\n\n\n\n<p>No \u00e2mbito da XXII edi\u00e7\u00e3o do Concurso Artistas Digitais, no ano letivo 2022\/2023, sob o tema \u201c\u00c9tica e Cidadania\u201d, o j\u00fari entendeu premiar os trabalhos de Armando Susano com o 3.\u00ba Lugar, e de Mateus Quit\u00e9rio, com uma Men\u00e7\u00e3o Honrosa na categoria \u201cPr\u00e9-Escolar\u201d, tendo os desenhos sido submetidos pela educadora de Inf\u00e2ncia Isabel Maria Lopes Martins, em exerc\u00edcio no Centro Escolar da S\u00e9.<\/p>\n\n\n\n<p>Por motivos de dist\u00e2ncia e de log\u00edstica, a cerim\u00f3nia de entrega de pr\u00e9mios que decorreu no dia 19 de junho, realizou-se no formato \u00e0 dist\u00e2ncia, atrav\u00e9s da plataforma Zoom, sendo orientada pelo Doutor Pedro Pina, representando o Centro de Compet\u00eancias entre Mar e Serra (CCEMS), promotor da atividade, e pela Doutora Teresa Andr\u00e9 da DGE, parceira no projeto.<\/p>\n\n\n\n<p>Estiveram ainda presentes os alunos e respetivos encarregados de educa\u00e7\u00e3o, a Educadora de Inf\u00e2ncia, Isabel Martins, a Professora Alice Lopes, em representa\u00e7\u00e3o do Diretor do Agrupamento, e a Coordenadora de Estabelecimento, Florinda Reis.<\/p>\n\n\n\n<p>Ap\u00f3s uma breve apresenta\u00e7\u00e3o de todos os participantes, fizeram uso da palavra a doutora Teresa Andr\u00e9 e o Doutor Pedro Pina, onde ap\u00f3s uma breve introdu\u00e7\u00e3o\/apresenta\u00e7\u00e3o ao concurso, passaram a felicitar os alunos pelos seus \u201cmagn\u00edficos trabalhos\u201d.<\/p>\n\n\n\n<p>A cerim\u00f3nia encerrou com a entrega dos pr\u00e9mios e certificados \u00e0 escola, \u00e0 educadora e aos alunos).<\/p>\n\n\n\n<p>Parab\u00e9ns a todos os intervenientes.<\/p>\n","protected":false},"excerpt":{"rendered":"<p>No \u00e2mbito da XXII edi\u00e7\u00e3o do Concurso Artistas Digitais, no ano letivo 2022\/2023, sob o tema \u201c\u00c9tica e Cidadania\u201d, o j\u00fari entendeu premiar os trabalhos de Armando Susano com o 3.\u00ba Lugar, e de&#46;&#46;&#46;<\/p>\n","protected":false},"author":2,"featured_media":14029,"comment_status":"closed","ping_status":"open","sticky":false,"template":"","format":"standard","meta":{"footnotes":""},"categories":[14,2,15],"tags":[],"class_list":["post-14025","post","type-post","status-publish","format-standard","has-post-thumbnail","hentry","category-1o-ciclo","category-atualidade","category-pre-escolar"],"_links":{"self":[{"href":"https:\/\/bojornal.pt\/index.php?rest_route=\/wp\/v2\/posts\/14025","targetHints":{"allow":["GET"]}}],"collection":[{"href":"https:\/\/bojornal.pt\/index.php?rest_route=\/wp\/v2\/posts"}],"about":[{"href":"https:\/\/bojornal.pt\/index.php?rest_route=\/wp\/v2\/types\/post"}],"author":[{"embeddable":true,"href":"https:\/\/bojornal.pt\/index.php?rest_route=\/wp\/v2\/users\/2"}],"replies":[{"embeddable":true,"href":"https:\/\/bojornal.pt\/index.php?rest_route=%2Fwp%2Fv2%2Fcomments&post=14025"}],"version-history":[{"count":0,"href":"https:\/\/bojornal.pt\/index.php?rest_route=\/wp\/v2\/posts\/14025\/revisions"}],"wp:featuredmedia":[{"embeddable":true,"href":"https:\/\/bojornal.pt\/index.php?rest_route=\/wp\/v2\/media\/14029"}],"wp:attachment":[{"href":"https:\/\/bojornal.pt\/index.php?rest_route=%2Fwp%2Fv2%2Fmedia&parent=14025"}],"wp:term":[{"taxonomy":"category","embeddable":true,"href":"https:\/\/bojornal.pt\/index.php?rest_route=%2Fwp%2Fv2%2Fcategories&post=14025"},{"taxonomy":"post_tag","embeddable":true,"href":"https:\/\/bojornal.pt\/index.php?rest_route=%2Fwp%2Fv2%2Ftags&post=14025"}],"curies":[{"name":"wp","href":"https:\/\/api.w.org\/{rel}","templated":true}]}}