{"id":14020,"date":"2024-06-24T09:51:36","date_gmt":"2024-06-24T08:51:36","guid":{"rendered":"https:\/\/bojornal.pt\/?p=14020"},"modified":"2024-06-24T09:51:38","modified_gmt":"2024-06-24T08:51:38","slug":"quiz-matematica-%e2%88%92-xiv-edicao-internacional-2024","status":"publish","type":"post","link":"https:\/\/bojornal.pt\/?p=14020","title":{"rendered":"Quiz Matem\u00e1tica \u2212 XIV Edi\u00e7\u00e3o Internacional 2024"},"content":{"rendered":"\n<figure class=\"wp-block-gallery has-nested-images columns-default is-cropped wp-block-gallery-1 is-layout-flex wp-block-gallery-is-layout-flex\">\n<figure class=\"wp-block-image size-large is-style-default\"><img loading=\"lazy\" decoding=\"async\" width=\"480\" height=\"640\" data-id=\"14021\" src=\"https:\/\/bojornal.pt\/wp-content\/uploads\/2024\/06\/IMG_1426.jpg\" alt=\"\" class=\"wp-image-14021\" srcset=\"https:\/\/bojornal.pt\/wp-content\/uploads\/2024\/06\/IMG_1426.jpg 480w, https:\/\/bojornal.pt\/wp-content\/uploads\/2024\/06\/IMG_1426-225x300.jpg 225w, https:\/\/bojornal.pt\/wp-content\/uploads\/2024\/06\/IMG_1426-113x150.jpg 113w\" sizes=\"auto, (max-width: 480px) 100vw, 480px\" \/><\/figure>\n\n\n\n<figure class=\"wp-block-image size-large is-style-default\"><img loading=\"lazy\" decoding=\"async\" width=\"480\" height=\"640\" data-id=\"14023\" src=\"https:\/\/bojornal.pt\/wp-content\/uploads\/2024\/06\/IMG_1443-rotated.jpg\" alt=\"\" class=\"wp-image-14023\" srcset=\"https:\/\/bojornal.pt\/wp-content\/uploads\/2024\/06\/IMG_1443-rotated.jpg 480w, https:\/\/bojornal.pt\/wp-content\/uploads\/2024\/06\/IMG_1443-225x300.jpg 225w, https:\/\/bojornal.pt\/wp-content\/uploads\/2024\/06\/IMG_1443-113x150.jpg 113w\" sizes=\"auto, (max-width: 480px) 100vw, 480px\" \/><\/figure>\n\n\n\n<figure class=\"wp-block-image size-large is-style-default\"><img loading=\"lazy\" decoding=\"async\" width=\"480\" height=\"640\" data-id=\"14022\" src=\"https:\/\/bojornal.pt\/wp-content\/uploads\/2024\/06\/IMG_1424.jpg\" alt=\"\" class=\"wp-image-14022\" srcset=\"https:\/\/bojornal.pt\/wp-content\/uploads\/2024\/06\/IMG_1424.jpg 480w, https:\/\/bojornal.pt\/wp-content\/uploads\/2024\/06\/IMG_1424-225x300.jpg 225w, https:\/\/bojornal.pt\/wp-content\/uploads\/2024\/06\/IMG_1424-113x150.jpg 113w\" sizes=\"auto, (max-width: 480px) 100vw, 480px\" \/><\/figure>\n<\/figure>\n\n\n\n<p>Os alunos do 2.\u00ba ciclo da Escola B\u00e1sica Paulo Quintela, participaram mais uma vez no XIV Campeonato SuperTmatiK &#8211; Quiz Matem\u00e1tica. Esta competi\u00e7\u00e3o \u00e9 realizada em duas fases: a fase escolar para sele\u00e7\u00e3o dos campe\u00f5es e vice-campe\u00f5es representantes das turmas participantes (fase intra turmas &#8211; at\u00e9 22 demar\u00e7o de 2024) e a fase inter turmas para escolha dos representantes do 5.\u00ba e 6.\u00ba anos de escolaridade na Grande Final ONLINE. Esta fase decorreu entre os dias<br \/>6 e 29 de maio de 2024.<br \/>Nas eliminat\u00f3rias e at\u00e9 \u00e0 sele\u00e7\u00e3o dos alunos finalistas, a competi\u00e7\u00e3o testa o c\u00e1lculo mental e \u00e9 jogada em pares, usando-se um baralho de cartas que cont\u00e9m diversas opera\u00e7\u00f5es\/express\u00f5es num\u00e9ricas. A complexidade das express\u00f5es depende do n\u00edvel em que se desenvolve o jogo e est\u00e1 relacionada com o ano de escolaridade dos alunos participantes. Completar a palavra SuperT \u00e9 o objetivo do jogo.<br \/>Na grande Final Online a prova \u00e9 realizada no computador individualmente, e testa conhecimentos matem\u00e1ticos diversificados de acordo com o ano de escolaridade respetivo. Os seis alunos selecionados (3 de 5.\u00ba ano e 3 de 6.\u00ba ano), sob a supervis\u00e3o da professora respons\u00e1vel Concei\u00e7\u00e3o Castro, efetuaram na Biblioteca \u00c1lvaro Gomes da EB Paulo Quintela, entre os dias 13 e 21 de maio a referida prova, conseguindo excelentes resultados: Gustavo Pereira \u2013 5.\u00baA (17.\u00ba<br \/>lugar); Ruben \u2013 5.\u00baF (33.\u00ba lugar) e Beatriz Santos \u2013 5.\u00ba A (50.\u00ba lugar); num total de 3450 participantes. David Rodrigues \u2013 6.\u00baA (32.\u00ba lugar); Gabriel Rodrigues \u2013 6.\u00baD (60.\u00ba lugar) e Ant\u00f3nio Vaz \u2013 6.\u00ba C, num total de 4400 intervenientes. A<br \/>participa\u00e7\u00e3o nestas iniciativas s\u00f3 traz vantagens pois \u00e9 geradora de motiva\u00e7\u00e3o extra para as aprendizagens, ativando a aquisi\u00e7\u00e3o, a amplia\u00e7\u00e3o e a consolida\u00e7\u00e3o de um vasto conjunto de conhecimentos matem\u00e1ticos.<\/p>\n\n\n\n<p class=\"has-text-align-right\"><em>Maria da Concei\u00e7\u00e3o de Castro<\/em><\/p>\n","protected":false},"excerpt":{"rendered":"<p>Os alunos do 2.\u00ba ciclo da Escola B\u00e1sica Paulo Quintela, participaram mais uma vez no XIV Campeonato SuperTmatiK &#8211; Quiz Matem\u00e1tica. Esta competi\u00e7\u00e3o \u00e9 realizada em duas fases: a fase escolar para sele\u00e7\u00e3o dos&#46;&#46;&#46;<\/p>\n","protected":false},"author":2,"featured_media":14023,"comment_status":"closed","ping_status":"open","sticky":false,"template":"","format":"standard","meta":{"footnotes":""},"categories":[2,13],"tags":[],"class_list":["post-14020","post","type-post","status-publish","format-standard","has-post-thumbnail","hentry","category-atualidade","category-escola-paulo-quintela"],"_links":{"self":[{"href":"https:\/\/bojornal.pt\/index.php?rest_route=\/wp\/v2\/posts\/14020","targetHints":{"allow":["GET"]}}],"collection":[{"href":"https:\/\/bojornal.pt\/index.php?rest_route=\/wp\/v2\/posts"}],"about":[{"href":"https:\/\/bojornal.pt\/index.php?rest_route=\/wp\/v2\/types\/post"}],"author":[{"embeddable":true,"href":"https:\/\/bojornal.pt\/index.php?rest_route=\/wp\/v2\/users\/2"}],"replies":[{"embeddable":true,"href":"https:\/\/bojornal.pt\/index.php?rest_route=%2Fwp%2Fv2%2Fcomments&post=14020"}],"version-history":[{"count":0,"href":"https:\/\/bojornal.pt\/index.php?rest_route=\/wp\/v2\/posts\/14020\/revisions"}],"wp:featuredmedia":[{"embeddable":true,"href":"https:\/\/bojornal.pt\/index.php?rest_route=\/wp\/v2\/media\/14023"}],"wp:attachment":[{"href":"https:\/\/bojornal.pt\/index.php?rest_route=%2Fwp%2Fv2%2Fmedia&parent=14020"}],"wp:term":[{"taxonomy":"category","embeddable":true,"href":"https:\/\/bojornal.pt\/index.php?rest_route=%2Fwp%2Fv2%2Fcategories&post=14020"},{"taxonomy":"post_tag","embeddable":true,"href":"https:\/\/bojornal.pt\/index.php?rest_route=%2Fwp%2Fv2%2Ftags&post=14020"}],"curies":[{"name":"wp","href":"https:\/\/api.w.org\/{rel}","templated":true}]}}