{"id":14004,"date":"2024-06-20T14:47:45","date_gmt":"2024-06-20T13:47:45","guid":{"rendered":"https:\/\/bojornal.pt\/?p=14004"},"modified":"2024-06-20T14:47:47","modified_gmt":"2024-06-20T13:47:47","slug":"residencia-artistica-na-escola-basica-paulo-quintela","status":"publish","type":"post","link":"https:\/\/bojornal.pt\/?p=14004","title":{"rendered":"Resid\u00eancia Art\u00edstica na Escola B\u00e1sica Paulo Quintela"},"content":{"rendered":"\n<p><strong><em>Alunos pintam mural alusivo ao 25 de abril<\/em><\/strong><\/p>\n\n\n\n<figure class=\"wp-block-gallery has-nested-images columns-default is-cropped wp-block-gallery-1 is-layout-flex wp-block-gallery-is-layout-flex\">\n<figure class=\"wp-block-image size-large is-style-default\"><img loading=\"lazy\" decoding=\"async\" width=\"1024\" height=\"461\" data-id=\"14005\" src=\"https:\/\/bojornal.pt\/wp-content\/uploads\/2024\/06\/residencia-artistica_Paulo-quintela-9-1024x461.jpeg\" alt=\"\" class=\"wp-image-14005\" srcset=\"https:\/\/bojornal.pt\/wp-content\/uploads\/2024\/06\/residencia-artistica_Paulo-quintela-9-1024x461.jpeg 1024w, https:\/\/bojornal.pt\/wp-content\/uploads\/2024\/06\/residencia-artistica_Paulo-quintela-9-300x135.jpeg 300w, https:\/\/bojornal.pt\/wp-content\/uploads\/2024\/06\/residencia-artistica_Paulo-quintela-9-150x68.jpeg 150w, https:\/\/bojornal.pt\/wp-content\/uploads\/2024\/06\/residencia-artistica_Paulo-quintela-9-768x346.jpeg 768w, https:\/\/bojornal.pt\/wp-content\/uploads\/2024\/06\/residencia-artistica_Paulo-quintela-9-1536x691.jpeg 1536w, https:\/\/bojornal.pt\/wp-content\/uploads\/2024\/06\/residencia-artistica_Paulo-quintela-9.jpeg 2040w\" sizes=\"auto, (max-width: 1024px) 100vw, 1024px\" \/><\/figure>\n\n\n\n<figure class=\"wp-block-image size-large is-style-default\"><img loading=\"lazy\" decoding=\"async\" width=\"1024\" height=\"461\" data-id=\"14016\" src=\"https:\/\/bojornal.pt\/wp-content\/uploads\/2024\/06\/residencia-artistica_Paulo-quintela-7-1024x461.jpeg\" alt=\"\" class=\"wp-image-14016\" srcset=\"https:\/\/bojornal.pt\/wp-content\/uploads\/2024\/06\/residencia-artistica_Paulo-quintela-7-1024x461.jpeg 1024w, https:\/\/bojornal.pt\/wp-content\/uploads\/2024\/06\/residencia-artistica_Paulo-quintela-7-300x135.jpeg 300w, https:\/\/bojornal.pt\/wp-content\/uploads\/2024\/06\/residencia-artistica_Paulo-quintela-7-150x68.jpeg 150w, https:\/\/bojornal.pt\/wp-content\/uploads\/2024\/06\/residencia-artistica_Paulo-quintela-7-768x346.jpeg 768w, https:\/\/bojornal.pt\/wp-content\/uploads\/2024\/06\/residencia-artistica_Paulo-quintela-7-1536x691.jpeg 1536w, https:\/\/bojornal.pt\/wp-content\/uploads\/2024\/06\/residencia-artistica_Paulo-quintela-7.jpeg 2040w\" sizes=\"auto, (max-width: 1024px) 100vw, 1024px\" \/><\/figure>\n\n\n\n<figure class=\"wp-block-image size-large is-style-default\"><img loading=\"lazy\" decoding=\"async\" width=\"1024\" height=\"1024\" data-id=\"14013\" src=\"https:\/\/bojornal.pt\/wp-content\/uploads\/2024\/06\/residencia-artistica_Paulo-quintela-6-1024x1024.jpeg\" alt=\"\" class=\"wp-image-14013\" srcset=\"https:\/\/bojornal.pt\/wp-content\/uploads\/2024\/06\/residencia-artistica_Paulo-quintela-6-1024x1024.jpeg 1024w, https:\/\/bojornal.pt\/wp-content\/uploads\/2024\/06\/residencia-artistica_Paulo-quintela-6-300x300.jpeg 300w, https:\/\/bojornal.pt\/wp-content\/uploads\/2024\/06\/residencia-artistica_Paulo-quintela-6-150x150.jpeg 150w, https:\/\/bojornal.pt\/wp-content\/uploads\/2024\/06\/residencia-artistica_Paulo-quintela-6-768x768.jpeg 768w, https:\/\/bojornal.pt\/wp-content\/uploads\/2024\/06\/residencia-artistica_Paulo-quintela-6-1536x1536.jpeg 1536w, https:\/\/bojornal.pt\/wp-content\/uploads\/2024\/06\/residencia-artistica_Paulo-quintela-6-80x80.jpeg 80w, https:\/\/bojornal.pt\/wp-content\/uploads\/2024\/06\/residencia-artistica_Paulo-quintela-6-320x320.jpeg 320w, https:\/\/bojornal.pt\/wp-content\/uploads\/2024\/06\/residencia-artistica_Paulo-quintela-6.jpeg 2048w\" sizes=\"auto, (max-width: 1024px) 100vw, 1024px\" \/><\/figure>\n\n\n\n<figure class=\"wp-block-image size-large is-style-default\"><img loading=\"lazy\" decoding=\"async\" width=\"1024\" height=\"461\" data-id=\"14012\" src=\"https:\/\/bojornal.pt\/wp-content\/uploads\/2024\/06\/residencia-artistica_Paulo-quintela-8-1024x461.jpeg\" alt=\"\" class=\"wp-image-14012\" srcset=\"https:\/\/bojornal.pt\/wp-content\/uploads\/2024\/06\/residencia-artistica_Paulo-quintela-8-1024x461.jpeg 1024w, https:\/\/bojornal.pt\/wp-content\/uploads\/2024\/06\/residencia-artistica_Paulo-quintela-8-300x135.jpeg 300w, https:\/\/bojornal.pt\/wp-content\/uploads\/2024\/06\/residencia-artistica_Paulo-quintela-8-150x68.jpeg 150w, https:\/\/bojornal.pt\/wp-content\/uploads\/2024\/06\/residencia-artistica_Paulo-quintela-8-768x346.jpeg 768w, https:\/\/bojornal.pt\/wp-content\/uploads\/2024\/06\/residencia-artistica_Paulo-quintela-8-1536x691.jpeg 1536w, https:\/\/bojornal.pt\/wp-content\/uploads\/2024\/06\/residencia-artistica_Paulo-quintela-8.jpeg 2040w\" sizes=\"auto, (max-width: 1024px) 100vw, 1024px\" \/><\/figure>\n\n\n\n<figure class=\"wp-block-image size-large is-style-default\"><img loading=\"lazy\" decoding=\"async\" width=\"1024\" height=\"461\" data-id=\"14010\" src=\"https:\/\/bojornal.pt\/wp-content\/uploads\/2024\/06\/residencia-artistica_Paulo-quintela-4-1024x461.jpeg\" alt=\"\" class=\"wp-image-14010\" srcset=\"https:\/\/bojornal.pt\/wp-content\/uploads\/2024\/06\/residencia-artistica_Paulo-quintela-4-1024x461.jpeg 1024w, https:\/\/bojornal.pt\/wp-content\/uploads\/2024\/06\/residencia-artistica_Paulo-quintela-4-300x135.jpeg 300w, https:\/\/bojornal.pt\/wp-content\/uploads\/2024\/06\/residencia-artistica_Paulo-quintela-4-150x68.jpeg 150w, https:\/\/bojornal.pt\/wp-content\/uploads\/2024\/06\/residencia-artistica_Paulo-quintela-4-768x346.jpeg 768w, https:\/\/bojornal.pt\/wp-content\/uploads\/2024\/06\/residencia-artistica_Paulo-quintela-4-1536x691.jpeg 1536w, https:\/\/bojornal.pt\/wp-content\/uploads\/2024\/06\/residencia-artistica_Paulo-quintela-4.jpeg 2040w\" sizes=\"auto, (max-width: 1024px) 100vw, 1024px\" \/><\/figure>\n\n\n\n<figure class=\"wp-block-image size-large is-style-default\"><img loading=\"lazy\" decoding=\"async\" width=\"1024\" height=\"461\" data-id=\"14009\" src=\"https:\/\/bojornal.pt\/wp-content\/uploads\/2024\/06\/residencia-artistica_Paulo-quintela-3-1024x461.jpeg\" alt=\"\" class=\"wp-image-14009\" srcset=\"https:\/\/bojornal.pt\/wp-content\/uploads\/2024\/06\/residencia-artistica_Paulo-quintela-3-1024x461.jpeg 1024w, https:\/\/bojornal.pt\/wp-content\/uploads\/2024\/06\/residencia-artistica_Paulo-quintela-3-300x135.jpeg 300w, https:\/\/bojornal.pt\/wp-content\/uploads\/2024\/06\/residencia-artistica_Paulo-quintela-3-150x68.jpeg 150w, https:\/\/bojornal.pt\/wp-content\/uploads\/2024\/06\/residencia-artistica_Paulo-quintela-3-768x346.jpeg 768w, https:\/\/bojornal.pt\/wp-content\/uploads\/2024\/06\/residencia-artistica_Paulo-quintela-3-1536x691.jpeg 1536w, https:\/\/bojornal.pt\/wp-content\/uploads\/2024\/06\/residencia-artistica_Paulo-quintela-3.jpeg 2040w\" sizes=\"auto, (max-width: 1024px) 100vw, 1024px\" \/><\/figure>\n\n\n\n<figure class=\"wp-block-image size-large is-style-default\"><img loading=\"lazy\" decoding=\"async\" width=\"1024\" height=\"461\" data-id=\"14008\" src=\"https:\/\/bojornal.pt\/wp-content\/uploads\/2024\/06\/residencia-artistica_Paulo-quintela-5-1024x461.jpeg\" alt=\"\" class=\"wp-image-14008\" srcset=\"https:\/\/bojornal.pt\/wp-content\/uploads\/2024\/06\/residencia-artistica_Paulo-quintela-5-1024x461.jpeg 1024w, https:\/\/bojornal.pt\/wp-content\/uploads\/2024\/06\/residencia-artistica_Paulo-quintela-5-300x135.jpeg 300w, https:\/\/bojornal.pt\/wp-content\/uploads\/2024\/06\/residencia-artistica_Paulo-quintela-5-150x68.jpeg 150w, https:\/\/bojornal.pt\/wp-content\/uploads\/2024\/06\/residencia-artistica_Paulo-quintela-5-768x346.jpeg 768w, https:\/\/bojornal.pt\/wp-content\/uploads\/2024\/06\/residencia-artistica_Paulo-quintela-5-1536x691.jpeg 1536w, https:\/\/bojornal.pt\/wp-content\/uploads\/2024\/06\/residencia-artistica_Paulo-quintela-5.jpeg 2040w\" sizes=\"auto, (max-width: 1024px) 100vw, 1024px\" \/><\/figure>\n\n\n\n<figure class=\"wp-block-image size-large is-style-default\"><img loading=\"lazy\" decoding=\"async\" width=\"1024\" height=\"461\" data-id=\"14015\" src=\"https:\/\/bojornal.pt\/wp-content\/uploads\/2024\/06\/residencia-artistica_Paulo-quintela-1-1024x461.jpeg\" alt=\"\" class=\"wp-image-14015\" srcset=\"https:\/\/bojornal.pt\/wp-content\/uploads\/2024\/06\/residencia-artistica_Paulo-quintela-1-1024x461.jpeg 1024w, https:\/\/bojornal.pt\/wp-content\/uploads\/2024\/06\/residencia-artistica_Paulo-quintela-1-300x135.jpeg 300w, https:\/\/bojornal.pt\/wp-content\/uploads\/2024\/06\/residencia-artistica_Paulo-quintela-1-150x68.jpeg 150w, https:\/\/bojornal.pt\/wp-content\/uploads\/2024\/06\/residencia-artistica_Paulo-quintela-1-768x346.jpeg 768w, https:\/\/bojornal.pt\/wp-content\/uploads\/2024\/06\/residencia-artistica_Paulo-quintela-1-1536x691.jpeg 1536w, https:\/\/bojornal.pt\/wp-content\/uploads\/2024\/06\/residencia-artistica_Paulo-quintela-1.jpeg 2040w\" sizes=\"auto, (max-width: 1024px) 100vw, 1024px\" \/><\/figure>\n\n\n\n<figure class=\"wp-block-image size-large is-style-default\"><img loading=\"lazy\" decoding=\"async\" width=\"1024\" height=\"461\" data-id=\"14006\" src=\"https:\/\/bojornal.pt\/wp-content\/uploads\/2024\/06\/residencia-artistica_Paulo-quintela-12-1024x461.jpeg\" alt=\"\" class=\"wp-image-14006\" srcset=\"https:\/\/bojornal.pt\/wp-content\/uploads\/2024\/06\/residencia-artistica_Paulo-quintela-12-1024x461.jpeg 1024w, https:\/\/bojornal.pt\/wp-content\/uploads\/2024\/06\/residencia-artistica_Paulo-quintela-12-300x135.jpeg 300w, https:\/\/bojornal.pt\/wp-content\/uploads\/2024\/06\/residencia-artistica_Paulo-quintela-12-150x68.jpeg 150w, https:\/\/bojornal.pt\/wp-content\/uploads\/2024\/06\/residencia-artistica_Paulo-quintela-12-768x346.jpeg 768w, https:\/\/bojornal.pt\/wp-content\/uploads\/2024\/06\/residencia-artistica_Paulo-quintela-12-1536x691.jpeg 1536w, https:\/\/bojornal.pt\/wp-content\/uploads\/2024\/06\/residencia-artistica_Paulo-quintela-12.jpeg 2040w\" sizes=\"auto, (max-width: 1024px) 100vw, 1024px\" \/><\/figure>\n\n\n\n<figure class=\"wp-block-image size-large is-style-default\"><img loading=\"lazy\" decoding=\"async\" width=\"1024\" height=\"461\" data-id=\"14014\" src=\"https:\/\/bojornal.pt\/wp-content\/uploads\/2024\/06\/residencia-artistica_Paulo-quintela-10-1024x461.jpeg\" alt=\"\" class=\"wp-image-14014\" srcset=\"https:\/\/bojornal.pt\/wp-content\/uploads\/2024\/06\/residencia-artistica_Paulo-quintela-10-1024x461.jpeg 1024w, https:\/\/bojornal.pt\/wp-content\/uploads\/2024\/06\/residencia-artistica_Paulo-quintela-10-300x135.jpeg 300w, https:\/\/bojornal.pt\/wp-content\/uploads\/2024\/06\/residencia-artistica_Paulo-quintela-10-150x68.jpeg 150w, https:\/\/bojornal.pt\/wp-content\/uploads\/2024\/06\/residencia-artistica_Paulo-quintela-10-768x346.jpeg 768w, https:\/\/bojornal.pt\/wp-content\/uploads\/2024\/06\/residencia-artistica_Paulo-quintela-10-1536x691.jpeg 1536w, https:\/\/bojornal.pt\/wp-content\/uploads\/2024\/06\/residencia-artistica_Paulo-quintela-10.jpeg 2040w\" sizes=\"auto, (max-width: 1024px) 100vw, 1024px\" \/><\/figure>\n\n\n\n<figure class=\"wp-block-image size-large is-style-default\"><img loading=\"lazy\" decoding=\"async\" width=\"1024\" height=\"461\" data-id=\"14007\" src=\"https:\/\/bojornal.pt\/wp-content\/uploads\/2024\/06\/residencia-artistica_Paulo-quintela-11-1024x461.jpeg\" alt=\"\" class=\"wp-image-14007\" srcset=\"https:\/\/bojornal.pt\/wp-content\/uploads\/2024\/06\/residencia-artistica_Paulo-quintela-11-1024x461.jpeg 1024w, https:\/\/bojornal.pt\/wp-content\/uploads\/2024\/06\/residencia-artistica_Paulo-quintela-11-300x135.jpeg 300w, https:\/\/bojornal.pt\/wp-content\/uploads\/2024\/06\/residencia-artistica_Paulo-quintela-11-150x68.jpeg 150w, https:\/\/bojornal.pt\/wp-content\/uploads\/2024\/06\/residencia-artistica_Paulo-quintela-11-768x346.jpeg 768w, https:\/\/bojornal.pt\/wp-content\/uploads\/2024\/06\/residencia-artistica_Paulo-quintela-11-1536x691.jpeg 1536w, https:\/\/bojornal.pt\/wp-content\/uploads\/2024\/06\/residencia-artistica_Paulo-quintela-11.jpeg 2040w\" sizes=\"auto, (max-width: 1024px) 100vw, 1024px\" \/><\/figure>\n<\/figure>\n\n\n\n<p>Foi lan\u00e7ado pelo Munic\u00edpio de Bragan\u00e7a o desafio de cria\u00e7\u00e3o de uma Resid\u00eancia<br \/>Art\u00edstica na Escola B\u00e1sica Paulo Quintela, organizada pelo Artista Miguel Silva, sobre o<br \/>tema \u201cValores de Abril\u201d, no \u00e2mbito das comemora\u00e7\u00f5es dos 50 anos do 25 de abril de<br \/>1974.<br \/>Este desafio tamb\u00e9m foi abra\u00e7ado pela escola, com o envolvimento dos alunos na sua<br \/>concretiza\u00e7\u00e3o. Foram ouvidos em sess\u00f5es sobre os \u201cValores de ABRIL\u201d e deram a sua<br \/>colabora\u00e7\u00e3o com ideias para a conce\u00e7\u00e3o do projeto.<br \/>Daqui, resultou um mural alusivo ao tema que contou com a colabora\u00e7\u00e3o dos alunos<br \/>do 2\u00baciclo na sua execu\u00e7\u00e3o, sempre orientados pelo autor da cria\u00e7\u00e3o art\u00edstica.<\/p>\n","protected":false},"excerpt":{"rendered":"<p>Alunos pintam mural alusivo ao 25 de abril Foi lan\u00e7ado pelo Munic\u00edpio de Bragan\u00e7a o desafio de cria\u00e7\u00e3o de uma Resid\u00eanciaArt\u00edstica na Escola B\u00e1sica Paulo Quintela, organizada pelo Artista Miguel Silva, sobre otema \u201cValores&#46;&#46;&#46;<\/p>\n","protected":false},"author":2,"featured_media":14012,"comment_status":"closed","ping_status":"open","sticky":false,"template":"","format":"standard","meta":{"footnotes":""},"categories":[2,9,13],"tags":[],"class_list":["post-14004","post","type-post","status-publish","format-standard","has-post-thumbnail","hentry","category-atualidade","category-em-foco","category-escola-paulo-quintela"],"_links":{"self":[{"href":"https:\/\/bojornal.pt\/index.php?rest_route=\/wp\/v2\/posts\/14004","targetHints":{"allow":["GET"]}}],"collection":[{"href":"https:\/\/bojornal.pt\/index.php?rest_route=\/wp\/v2\/posts"}],"about":[{"href":"https:\/\/bojornal.pt\/index.php?rest_route=\/wp\/v2\/types\/post"}],"author":[{"embeddable":true,"href":"https:\/\/bojornal.pt\/index.php?rest_route=\/wp\/v2\/users\/2"}],"replies":[{"embeddable":true,"href":"https:\/\/bojornal.pt\/index.php?rest_route=%2Fwp%2Fv2%2Fcomments&post=14004"}],"version-history":[{"count":0,"href":"https:\/\/bojornal.pt\/index.php?rest_route=\/wp\/v2\/posts\/14004\/revisions"}],"wp:featuredmedia":[{"embeddable":true,"href":"https:\/\/bojornal.pt\/index.php?rest_route=\/wp\/v2\/media\/14012"}],"wp:attachment":[{"href":"https:\/\/bojornal.pt\/index.php?rest_route=%2Fwp%2Fv2%2Fmedia&parent=14004"}],"wp:term":[{"taxonomy":"category","embeddable":true,"href":"https:\/\/bojornal.pt\/index.php?rest_route=%2Fwp%2Fv2%2Fcategories&post=14004"},{"taxonomy":"post_tag","embeddable":true,"href":"https:\/\/bojornal.pt\/index.php?rest_route=%2Fwp%2Fv2%2Ftags&post=14004"}],"curies":[{"name":"wp","href":"https:\/\/api.w.org\/{rel}","templated":true}]}}