{"id":13990,"date":"2024-06-13T08:43:28","date_gmt":"2024-06-13T07:43:28","guid":{"rendered":"https:\/\/bojornal.pt\/?p=13990"},"modified":"2024-06-13T08:43:28","modified_gmt":"2024-06-13T07:43:28","slug":"maio-mes-do-coracao","status":"publish","type":"post","link":"https:\/\/bojornal.pt\/?p=13990","title":{"rendered":"\u201cMaio m\u00eas do Cora\u00e7\u00e3o\u201d"},"content":{"rendered":"\n<p><strong><em>Programa Nacional de Sa\u00fade Escolar levou v\u00e1rias atividades \u00e0s diversas escolas do Agrupamento<\/em><\/strong><\/p>\n\n\n\n<figure class=\"wp-block-gallery has-nested-images columns-default is-cropped wp-block-gallery-1 is-layout-flex wp-block-gallery-is-layout-flex\">\n<figure class=\"wp-block-image size-large is-style-default\"><img loading=\"lazy\" decoding=\"async\" width=\"768\" height=\"1024\" data-id=\"13992\" src=\"https:\/\/bojornal.pt\/wp-content\/uploads\/2024\/06\/MES-DO-CORACAO-PQ-768x1024.jpg\" alt=\"\" class=\"wp-image-13992\" srcset=\"https:\/\/bojornal.pt\/wp-content\/uploads\/2024\/06\/MES-DO-CORACAO-PQ-768x1024.jpg 768w, https:\/\/bojornal.pt\/wp-content\/uploads\/2024\/06\/MES-DO-CORACAO-PQ-225x300.jpg 225w, https:\/\/bojornal.pt\/wp-content\/uploads\/2024\/06\/MES-DO-CORACAO-PQ-113x150.jpg 113w, https:\/\/bojornal.pt\/wp-content\/uploads\/2024\/06\/MES-DO-CORACAO-PQ-1152x1536.jpg 1152w, https:\/\/bojornal.pt\/wp-content\/uploads\/2024\/06\/MES-DO-CORACAO-PQ-1536x2048.jpg 1536w, https:\/\/bojornal.pt\/wp-content\/uploads\/2024\/06\/MES-DO-CORACAO-PQ-scaled.jpg 1920w\" sizes=\"auto, (max-width: 768px) 100vw, 768px\" \/><\/figure>\n\n\n\n<figure class=\"wp-block-image size-large is-style-default\"><img loading=\"lazy\" decoding=\"async\" width=\"768\" height=\"1024\" data-id=\"13995\" src=\"https:\/\/bojornal.pt\/wp-content\/uploads\/2024\/06\/MES-DO-CORACAO-PQ1-768x1024.jpg\" alt=\"\" class=\"wp-image-13995\" srcset=\"https:\/\/bojornal.pt\/wp-content\/uploads\/2024\/06\/MES-DO-CORACAO-PQ1-768x1024.jpg 768w, https:\/\/bojornal.pt\/wp-content\/uploads\/2024\/06\/MES-DO-CORACAO-PQ1-225x300.jpg 225w, https:\/\/bojornal.pt\/wp-content\/uploads\/2024\/06\/MES-DO-CORACAO-PQ1-113x150.jpg 113w, https:\/\/bojornal.pt\/wp-content\/uploads\/2024\/06\/MES-DO-CORACAO-PQ1-1152x1536.jpg 1152w, https:\/\/bojornal.pt\/wp-content\/uploads\/2024\/06\/MES-DO-CORACAO-PQ1-1536x2048.jpg 1536w, https:\/\/bojornal.pt\/wp-content\/uploads\/2024\/06\/MES-DO-CORACAO-PQ1-scaled.jpg 1920w\" sizes=\"auto, (max-width: 768px) 100vw, 768px\" \/><\/figure>\n\n\n\n<figure class=\"wp-block-image size-large is-style-default\"><img loading=\"lazy\" decoding=\"async\" width=\"1024\" height=\"461\" data-id=\"13999\" src=\"https:\/\/bojornal.pt\/wp-content\/uploads\/2024\/06\/MES-DO-CORACAO-PQ2-1024x461.jpg\" alt=\"\" class=\"wp-image-13999\" srcset=\"https:\/\/bojornal.pt\/wp-content\/uploads\/2024\/06\/MES-DO-CORACAO-PQ2-1024x461.jpg 1024w, https:\/\/bojornal.pt\/wp-content\/uploads\/2024\/06\/MES-DO-CORACAO-PQ2-300x135.jpg 300w, https:\/\/bojornal.pt\/wp-content\/uploads\/2024\/06\/MES-DO-CORACAO-PQ2-150x68.jpg 150w, https:\/\/bojornal.pt\/wp-content\/uploads\/2024\/06\/MES-DO-CORACAO-PQ2-768x346.jpg 768w, https:\/\/bojornal.pt\/wp-content\/uploads\/2024\/06\/MES-DO-CORACAO-PQ2-1536x691.jpg 1536w, https:\/\/bojornal.pt\/wp-content\/uploads\/2024\/06\/MES-DO-CORACAO-PQ2.jpg 1600w\" sizes=\"auto, (max-width: 1024px) 100vw, 1024px\" \/><\/figure>\n\n\n\n<figure class=\"wp-block-image size-large is-style-default\"><img loading=\"lazy\" decoding=\"async\" width=\"1024\" height=\"461\" data-id=\"13991\" src=\"https:\/\/bojornal.pt\/wp-content\/uploads\/2024\/06\/MES-DO-CORACAO-PQ3-1024x461.jpg\" alt=\"\" class=\"wp-image-13991\" srcset=\"https:\/\/bojornal.pt\/wp-content\/uploads\/2024\/06\/MES-DO-CORACAO-PQ3-1024x461.jpg 1024w, https:\/\/bojornal.pt\/wp-content\/uploads\/2024\/06\/MES-DO-CORACAO-PQ3-300x135.jpg 300w, https:\/\/bojornal.pt\/wp-content\/uploads\/2024\/06\/MES-DO-CORACAO-PQ3-150x68.jpg 150w, https:\/\/bojornal.pt\/wp-content\/uploads\/2024\/06\/MES-DO-CORACAO-PQ3-768x346.jpg 768w, https:\/\/bojornal.pt\/wp-content\/uploads\/2024\/06\/MES-DO-CORACAO-PQ3-1536x691.jpg 1536w, https:\/\/bojornal.pt\/wp-content\/uploads\/2024\/06\/MES-DO-CORACAO-PQ3.jpg 1600w\" sizes=\"auto, (max-width: 1024px) 100vw, 1024px\" \/><\/figure>\n\n\n\n<figure class=\"wp-block-image size-large is-style-default\"><img loading=\"lazy\" decoding=\"async\" width=\"1024\" height=\"461\" data-id=\"13993\" src=\"https:\/\/bojornal.pt\/wp-content\/uploads\/2024\/06\/MES-DO-CORACAO-PQ4-1024x461.jpg\" alt=\"\" class=\"wp-image-13993\" srcset=\"https:\/\/bojornal.pt\/wp-content\/uploads\/2024\/06\/MES-DO-CORACAO-PQ4-1024x461.jpg 1024w, https:\/\/bojornal.pt\/wp-content\/uploads\/2024\/06\/MES-DO-CORACAO-PQ4-300x135.jpg 300w, https:\/\/bojornal.pt\/wp-content\/uploads\/2024\/06\/MES-DO-CORACAO-PQ4-150x68.jpg 150w, https:\/\/bojornal.pt\/wp-content\/uploads\/2024\/06\/MES-DO-CORACAO-PQ4-768x346.jpg 768w, https:\/\/bojornal.pt\/wp-content\/uploads\/2024\/06\/MES-DO-CORACAO-PQ4-1536x691.jpg 1536w, https:\/\/bojornal.pt\/wp-content\/uploads\/2024\/06\/MES-DO-CORACAO-PQ4.jpg 1600w\" sizes=\"auto, (max-width: 1024px) 100vw, 1024px\" \/><\/figure>\n\n\n\n<figure class=\"wp-block-image size-large is-style-default\"><img loading=\"lazy\" decoding=\"async\" width=\"1024\" height=\"461\" data-id=\"14000\" src=\"https:\/\/bojornal.pt\/wp-content\/uploads\/2024\/06\/MES-DO-CORACAO-PQ5-1024x461.jpg\" alt=\"\" class=\"wp-image-14000\" srcset=\"https:\/\/bojornal.pt\/wp-content\/uploads\/2024\/06\/MES-DO-CORACAO-PQ5-1024x461.jpg 1024w, https:\/\/bojornal.pt\/wp-content\/uploads\/2024\/06\/MES-DO-CORACAO-PQ5-300x135.jpg 300w, https:\/\/bojornal.pt\/wp-content\/uploads\/2024\/06\/MES-DO-CORACAO-PQ5-150x68.jpg 150w, https:\/\/bojornal.pt\/wp-content\/uploads\/2024\/06\/MES-DO-CORACAO-PQ5-768x346.jpg 768w, https:\/\/bojornal.pt\/wp-content\/uploads\/2024\/06\/MES-DO-CORACAO-PQ5-1536x691.jpg 1536w, https:\/\/bojornal.pt\/wp-content\/uploads\/2024\/06\/MES-DO-CORACAO-PQ5.jpg 1600w\" sizes=\"auto, (max-width: 1024px) 100vw, 1024px\" \/><\/figure>\n\n\n\n<figure class=\"wp-block-image size-large is-style-default\"><img loading=\"lazy\" decoding=\"async\" width=\"1024\" height=\"461\" data-id=\"13997\" src=\"https:\/\/bojornal.pt\/wp-content\/uploads\/2024\/06\/MES-DO-CORACAO-PQ6-1024x461.jpg\" alt=\"\" class=\"wp-image-13997\" srcset=\"https:\/\/bojornal.pt\/wp-content\/uploads\/2024\/06\/MES-DO-CORACAO-PQ6-1024x461.jpg 1024w, https:\/\/bojornal.pt\/wp-content\/uploads\/2024\/06\/MES-DO-CORACAO-PQ6-300x135.jpg 300w, https:\/\/bojornal.pt\/wp-content\/uploads\/2024\/06\/MES-DO-CORACAO-PQ6-150x68.jpg 150w, https:\/\/bojornal.pt\/wp-content\/uploads\/2024\/06\/MES-DO-CORACAO-PQ6-768x346.jpg 768w, https:\/\/bojornal.pt\/wp-content\/uploads\/2024\/06\/MES-DO-CORACAO-PQ6-1536x691.jpg 1536w, https:\/\/bojornal.pt\/wp-content\/uploads\/2024\/06\/MES-DO-CORACAO-PQ6.jpg 1600w\" sizes=\"auto, (max-width: 1024px) 100vw, 1024px\" \/><\/figure>\n\n\n\n<figure class=\"wp-block-image size-large is-style-default\"><img loading=\"lazy\" decoding=\"async\" width=\"1024\" height=\"461\" data-id=\"13998\" src=\"https:\/\/bojornal.pt\/wp-content\/uploads\/2024\/06\/MES-DO-CORACAO-PQ7-1024x461.jpg\" alt=\"\" class=\"wp-image-13998\" srcset=\"https:\/\/bojornal.pt\/wp-content\/uploads\/2024\/06\/MES-DO-CORACAO-PQ7-1024x461.jpg 1024w, https:\/\/bojornal.pt\/wp-content\/uploads\/2024\/06\/MES-DO-CORACAO-PQ7-300x135.jpg 300w, https:\/\/bojornal.pt\/wp-content\/uploads\/2024\/06\/MES-DO-CORACAO-PQ7-150x68.jpg 150w, https:\/\/bojornal.pt\/wp-content\/uploads\/2024\/06\/MES-DO-CORACAO-PQ7-768x346.jpg 768w, https:\/\/bojornal.pt\/wp-content\/uploads\/2024\/06\/MES-DO-CORACAO-PQ7-1536x691.jpg 1536w, https:\/\/bojornal.pt\/wp-content\/uploads\/2024\/06\/MES-DO-CORACAO-PQ7.jpg 1600w\" sizes=\"auto, (max-width: 1024px) 100vw, 1024px\" \/><\/figure>\n\n\n\n<figure class=\"wp-block-image size-large is-style-default\"><img loading=\"lazy\" decoding=\"async\" width=\"1024\" height=\"461\" data-id=\"13996\" src=\"https:\/\/bojornal.pt\/wp-content\/uploads\/2024\/06\/MES-DO-CORACAO-PQ8-1024x461.jpg\" alt=\"\" class=\"wp-image-13996\" srcset=\"https:\/\/bojornal.pt\/wp-content\/uploads\/2024\/06\/MES-DO-CORACAO-PQ8-1024x461.jpg 1024w, https:\/\/bojornal.pt\/wp-content\/uploads\/2024\/06\/MES-DO-CORACAO-PQ8-300x135.jpg 300w, https:\/\/bojornal.pt\/wp-content\/uploads\/2024\/06\/MES-DO-CORACAO-PQ8-150x68.jpg 150w, https:\/\/bojornal.pt\/wp-content\/uploads\/2024\/06\/MES-DO-CORACAO-PQ8-768x346.jpg 768w, https:\/\/bojornal.pt\/wp-content\/uploads\/2024\/06\/MES-DO-CORACAO-PQ8-1536x691.jpg 1536w, https:\/\/bojornal.pt\/wp-content\/uploads\/2024\/06\/MES-DO-CORACAO-PQ8.jpg 1600w\" sizes=\"auto, (max-width: 1024px) 100vw, 1024px\" \/><\/figure>\n\n\n\n<figure class=\"wp-block-image size-large is-style-default\"><img loading=\"lazy\" decoding=\"async\" width=\"1024\" height=\"461\" data-id=\"14001\" src=\"https:\/\/bojornal.pt\/wp-content\/uploads\/2024\/06\/MES-DO-CORACAO-PQ9-1024x461.jpg\" alt=\"\" class=\"wp-image-14001\" srcset=\"https:\/\/bojornal.pt\/wp-content\/uploads\/2024\/06\/MES-DO-CORACAO-PQ9-1024x461.jpg 1024w, https:\/\/bojornal.pt\/wp-content\/uploads\/2024\/06\/MES-DO-CORACAO-PQ9-300x135.jpg 300w, https:\/\/bojornal.pt\/wp-content\/uploads\/2024\/06\/MES-DO-CORACAO-PQ9-150x68.jpg 150w, https:\/\/bojornal.pt\/wp-content\/uploads\/2024\/06\/MES-DO-CORACAO-PQ9-768x346.jpg 768w, https:\/\/bojornal.pt\/wp-content\/uploads\/2024\/06\/MES-DO-CORACAO-PQ9-1536x691.jpg 1536w, https:\/\/bojornal.pt\/wp-content\/uploads\/2024\/06\/MES-DO-CORACAO-PQ9.jpg 1600w\" sizes=\"auto, (max-width: 1024px) 100vw, 1024px\" \/><\/figure>\n\n\n\n<figure class=\"wp-block-image size-large is-style-default\"><img loading=\"lazy\" decoding=\"async\" width=\"461\" height=\"1024\" data-id=\"13994\" src=\"https:\/\/bojornal.pt\/wp-content\/uploads\/2024\/06\/MES-DO-CORACAO-PQ10-461x1024.jpg\" alt=\"\" class=\"wp-image-13994\" srcset=\"https:\/\/bojornal.pt\/wp-content\/uploads\/2024\/06\/MES-DO-CORACAO-PQ10-461x1024.jpg 461w, https:\/\/bojornal.pt\/wp-content\/uploads\/2024\/06\/MES-DO-CORACAO-PQ10-135x300.jpg 135w, https:\/\/bojornal.pt\/wp-content\/uploads\/2024\/06\/MES-DO-CORACAO-PQ10-68x150.jpg 68w, https:\/\/bojornal.pt\/wp-content\/uploads\/2024\/06\/MES-DO-CORACAO-PQ10-691x1536.jpg 691w, https:\/\/bojornal.pt\/wp-content\/uploads\/2024\/06\/MES-DO-CORACAO-PQ10.jpg 720w\" sizes=\"auto, (max-width: 461px) 100vw, 461px\" \/><\/figure>\n<\/figure>\n\n\n\n<p>Realizou-se durante o m\u00eas de maio no Agrupamento de Escolas Em\u00eddio Garcia, na<br \/>continuidade de interven\u00e7\u00f5es realizadas em anos anteriores, v\u00e1rias atividades no<br \/>\u00e2mbito do cumprimento do Programa Nacional de Sa\u00fade Escolar com o tema \u201cMaio<br \/>M\u00eas do cora\u00e7\u00e3o\u201d.<br \/>Na EB1 das Beatas para as turmas de 1\u00ba ciclo e na EB2 Paulo Quintela para as turmas<br \/>de 6\u00ba ano de escolaridade foi realizada com a presen\u00e7a da Enf.\u00aa Ol\u00edvia Maria e a<br \/>colabora\u00e7\u00e3o da corpora\u00e7\u00e3o\u00a0dos bombeiros\u00a0volunt\u00e1rios de Bragan\u00e7a uma<br \/>sess\u00e3o\u00a0de\u00a0educa\u00e7\u00e3o sobre Suporte\u00a0B\u00e1sico\u00a0de\u00a0Vida (SBV).<br \/>A evid\u00eancia cient\u00edfica aponta para a paragem cardiorrespirat\u00f3ria como um grave<br \/>problema de sa\u00fade p\u00fablica pela sua elevada incid\u00eancia e mortalidade. Tendo em conta<br \/>que este fen\u00f3meno na maioria das vezes ocorre fora dos hospitais e longe de<br \/>profissionais de sa\u00fade, \u00e9 de mais evidente e fundamental que a comunidade fique<br \/>habilitada, o mais precocemente poss\u00edvel, para agir de acordo e percebendo a<br \/>import\u00e2ncia do SBV tamb\u00e9m como uma quest\u00e3o de cidadania.<br \/>Assim, com conte\u00fados e abordagens pedag\u00f3gicas adaptadas \u00e0 faixa et\u00e1ria de modo<br \/>l\u00fadico pedag\u00f3gico atrav\u00e9s da visualiza\u00e7\u00e3o de v\u00eddeos, da dinamiza\u00e7\u00e3o interativa de<br \/>Powerpoint e da exemplifica\u00e7\u00e3o e treino em manequins, com as crian\u00e7as foram<br \/>abordadas as t\u00e9cnicas de socorro a uma v\u00edtima em Paragem cardiorrespirat\u00f3ria a que<br \/>denominamos Suporte B\u00e1sico de Vida e que consistem num conjunto de atitudes e<br \/>procedimentos padronizados que tem como objetivo ganhar tempo, atrav\u00e9s do<br \/>fornecimento de ventila\u00e7\u00e3o (se formos portadores de uma \u201cpoket mask\u201d) e circula\u00e7\u00e3o<br \/>suficientes at\u00e9 \u00e0 chegada de ajuda espec\u00edfica, aumentando as probabilidades de<br \/>sobrevida.<br \/>Destaca-se ainda, al\u00e9m do aumento dos n\u00edveis de literacia, a capacita\u00e7\u00e3o dos alunos<br \/>para o agilizar r\u00e1pido do pedido de ajuda diferenciado atrav\u00e9s do 112. No ano em que<br \/>o tema do Dia Mundial da Sa\u00fade, que se comemorou no dia 7 de abril foi\u2013 \u201cA minha<br \/>sa\u00fade, o meu direito\u201d \u2013, destacando a necessidade urgente de garantir acesso<br \/>universal a servi\u00e7os de sa\u00fade de qualidade e a um ambiente saud\u00e1vel de onde se<br \/>refor\u00e7a que a sa\u00fade \u00e9 um direito humano fundamental e deve ser protegida e<\/p>\n\n\n\n<p>promovida por todos, sem exce\u00e7\u00e3o. No dia 16 de maio, para a comunidade educativa<br \/>de docentes e n\u00e3o docentes destas duas escolas foi realizado um Rastreio de vigil\u00e2ncia<br \/>de sa\u00fade, visando o refor\u00e7o da import\u00e2ncia da ado\u00e7\u00e3o consistente de estilos de vida<br \/>saud\u00e1veis e da vigil\u00e2ncia de sa\u00fade\/dete\u00e7\u00e3o precoce como medidas de promo\u00e7\u00e3o de<br \/>sa\u00fade e preven\u00e7\u00e3o de doen\u00e7a.<\/p>\n","protected":false},"excerpt":{"rendered":"<p>Programa Nacional de Sa\u00fade Escolar levou v\u00e1rias atividades \u00e0s diversas escolas do Agrupamento Realizou-se durante o m\u00eas de maio no Agrupamento de Escolas Em\u00eddio Garcia, nacontinuidade de interven\u00e7\u00f5es realizadas em anos anteriores, v\u00e1rias atividades&#46;&#46;&#46;<\/p>\n","protected":false},"author":2,"featured_media":13996,"comment_status":"closed","ping_status":"open","sticky":false,"template":"","format":"standard","meta":{"footnotes":""},"categories":[14,2,13],"tags":[],"class_list":["post-13990","post","type-post","status-publish","format-standard","has-post-thumbnail","hentry","category-1o-ciclo","category-atualidade","category-escola-paulo-quintela"],"_links":{"self":[{"href":"https:\/\/bojornal.pt\/index.php?rest_route=\/wp\/v2\/posts\/13990","targetHints":{"allow":["GET"]}}],"collection":[{"href":"https:\/\/bojornal.pt\/index.php?rest_route=\/wp\/v2\/posts"}],"about":[{"href":"https:\/\/bojornal.pt\/index.php?rest_route=\/wp\/v2\/types\/post"}],"author":[{"embeddable":true,"href":"https:\/\/bojornal.pt\/index.php?rest_route=\/wp\/v2\/users\/2"}],"replies":[{"embeddable":true,"href":"https:\/\/bojornal.pt\/index.php?rest_route=%2Fwp%2Fv2%2Fcomments&post=13990"}],"version-history":[{"count":0,"href":"https:\/\/bojornal.pt\/index.php?rest_route=\/wp\/v2\/posts\/13990\/revisions"}],"wp:featuredmedia":[{"embeddable":true,"href":"https:\/\/bojornal.pt\/index.php?rest_route=\/wp\/v2\/media\/13996"}],"wp:attachment":[{"href":"https:\/\/bojornal.pt\/index.php?rest_route=%2Fwp%2Fv2%2Fmedia&parent=13990"}],"wp:term":[{"taxonomy":"category","embeddable":true,"href":"https:\/\/bojornal.pt\/index.php?rest_route=%2Fwp%2Fv2%2Fcategories&post=13990"},{"taxonomy":"post_tag","embeddable":true,"href":"https:\/\/bojornal.pt\/index.php?rest_route=%2Fwp%2Fv2%2Ftags&post=13990"}],"curies":[{"name":"wp","href":"https:\/\/api.w.org\/{rel}","templated":true}]}}