{"id":13980,"date":"2024-06-03T18:09:35","date_gmt":"2024-06-03T17:09:35","guid":{"rendered":"https:\/\/bojornal.pt\/?p=13980"},"modified":"2024-06-03T18:47:02","modified_gmt":"2024-06-03T17:47:02","slug":"saida-de-campo-ao-granulitos-do-tojal-dos-pereiro","status":"publish","type":"post","link":"https:\/\/bojornal.pt\/?p=13980","title":{"rendered":"Sa\u00edda de campo aos granulitos do Tojal dos Pereiros"},"content":{"rendered":"\n<figure class=\"wp-block-image size-large is-style-default\"><img loading=\"lazy\" decoding=\"async\" width=\"1024\" height=\"768\" src=\"https:\/\/bojornal.pt\/wp-content\/uploads\/2024\/06\/MicrosoftTeams-image-1-1024x768.jpg\" alt=\"\" class=\"wp-image-13981\" srcset=\"https:\/\/bojornal.pt\/wp-content\/uploads\/2024\/06\/MicrosoftTeams-image-1-1024x768.jpg 1024w, https:\/\/bojornal.pt\/wp-content\/uploads\/2024\/06\/MicrosoftTeams-image-1-300x225.jpg 300w, https:\/\/bojornal.pt\/wp-content\/uploads\/2024\/06\/MicrosoftTeams-image-1-150x113.jpg 150w, https:\/\/bojornal.pt\/wp-content\/uploads\/2024\/06\/MicrosoftTeams-image-1-768x576.jpg 768w, https:\/\/bojornal.pt\/wp-content\/uploads\/2024\/06\/MicrosoftTeams-image-1-1536x1152.jpg 1536w, https:\/\/bojornal.pt\/wp-content\/uploads\/2024\/06\/MicrosoftTeams-image-1.jpg 1600w\" sizes=\"auto, (max-width: 1024px) 100vw, 1024px\" \/><\/figure>\n\n\n\n<p>No passado dia 29 de maio, a turma E do 11\u00baano, no \u00e2mbito da disciplina de Biologia e Geologia, realizou uma sa\u00edda de campo aos granulitos do Tojal dos Pereiros, um geoss\u00edtio localizado na zona industrial de Bragan\u00e7a. Estes granulitos s\u00e3o as rochas mais antigas do pa\u00eds e foram datadas com 1079 M.a., representam processos geol\u00f3gicos antigos incluindo a colis\u00e3o de continentes e o desaparecimento de um oceano h\u00e1 aproximadamente 400-380 M.a., sendo a sua ocorr\u00eancia \u00e0 superf\u00edcie rara.&nbsp;<\/p>\n\n\n\n<p>A atividade teve como principais objetivos, a an\u00e1lise da hist\u00f3ria geol\u00f3gica da regi\u00e3o, estabelecer a rela\u00e7\u00e3o entre a geologia e a distribui\u00e7\u00e3o da flora, sensibilizar para a import\u00e2ncia da preserva\u00e7\u00e3o dos geoss\u00edtios e da biodiversidade local e proporcionar uma experi\u00eancia de aprendizagem fora da sala de aula.&nbsp;<\/p>\n","protected":false},"excerpt":{"rendered":"<p>No passado dia 29 de maio, a turma E do 11\u00baano, no \u00e2mbito da disciplina de Biologia e Geologia, realizou uma sa\u00edda de campo aos granulitos do Tojal dos Pereiros, um geoss\u00edtio localizado na&#46;&#46;&#46;<\/p>\n","protected":false},"author":2,"featured_media":13981,"comment_status":"closed","ping_status":"open","sticky":false,"template":"","format":"standard","meta":{"footnotes":""},"categories":[2,16],"tags":[],"class_list":["post-13980","post","type-post","status-publish","format-standard","has-post-thumbnail","hentry","category-atualidade","category-escola-secundaria-emidio-garcia"],"_links":{"self":[{"href":"https:\/\/bojornal.pt\/index.php?rest_route=\/wp\/v2\/posts\/13980","targetHints":{"allow":["GET"]}}],"collection":[{"href":"https:\/\/bojornal.pt\/index.php?rest_route=\/wp\/v2\/posts"}],"about":[{"href":"https:\/\/bojornal.pt\/index.php?rest_route=\/wp\/v2\/types\/post"}],"author":[{"embeddable":true,"href":"https:\/\/bojornal.pt\/index.php?rest_route=\/wp\/v2\/users\/2"}],"replies":[{"embeddable":true,"href":"https:\/\/bojornal.pt\/index.php?rest_route=%2Fwp%2Fv2%2Fcomments&post=13980"}],"version-history":[{"count":0,"href":"https:\/\/bojornal.pt\/index.php?rest_route=\/wp\/v2\/posts\/13980\/revisions"}],"wp:featuredmedia":[{"embeddable":true,"href":"https:\/\/bojornal.pt\/index.php?rest_route=\/wp\/v2\/media\/13981"}],"wp:attachment":[{"href":"https:\/\/bojornal.pt\/index.php?rest_route=%2Fwp%2Fv2%2Fmedia&parent=13980"}],"wp:term":[{"taxonomy":"category","embeddable":true,"href":"https:\/\/bojornal.pt\/index.php?rest_route=%2Fwp%2Fv2%2Fcategories&post=13980"},{"taxonomy":"post_tag","embeddable":true,"href":"https:\/\/bojornal.pt\/index.php?rest_route=%2Fwp%2Fv2%2Ftags&post=13980"}],"curies":[{"name":"wp","href":"https:\/\/api.w.org\/{rel}","templated":true}]}}