{"id":13968,"date":"2024-06-03T01:27:44","date_gmt":"2024-06-03T00:27:44","guid":{"rendered":"https:\/\/bojornal.pt\/?p=13968"},"modified":"2024-06-03T01:35:03","modified_gmt":"2024-06-03T00:35:03","slug":"dar-voz-a-tolerancia","status":"publish","type":"post","link":"https:\/\/bojornal.pt\/?p=13968","title":{"rendered":"&#8220;Dar voz \u00e0 Toler\u00e2ncia&#8221;"},"content":{"rendered":"\n<p><strong><em>Videoclip original apresentado por Mariana Br\u00e1s e Rodrigo S\u00e1 garante 6.\u00balugar no Concurso Euroscola<\/em><\/strong><\/p>\n\n\n\n<figure class=\"wp-block-gallery has-nested-images columns-default is-cropped wp-block-gallery-1 is-layout-flex wp-block-gallery-is-layout-flex\">\n<figure class=\"wp-block-image size-large is-style-default\"><img loading=\"lazy\" decoding=\"async\" width=\"960\" height=\"640\" data-id=\"13969\" src=\"https:\/\/bojornal.pt\/wp-content\/uploads\/2024\/06\/EUROSCOLA_FINAL.jpg\" alt=\"\" class=\"wp-image-13969\" srcset=\"https:\/\/bojornal.pt\/wp-content\/uploads\/2024\/06\/EUROSCOLA_FINAL.jpg 960w, https:\/\/bojornal.pt\/wp-content\/uploads\/2024\/06\/EUROSCOLA_FINAL-300x200.jpg 300w, https:\/\/bojornal.pt\/wp-content\/uploads\/2024\/06\/EUROSCOLA_FINAL-150x100.jpg 150w, https:\/\/bojornal.pt\/wp-content\/uploads\/2024\/06\/EUROSCOLA_FINAL-768x512.jpg 768w\" sizes=\"auto, (max-width: 960px) 100vw, 960px\" \/><\/figure>\n\n\n\n<figure class=\"wp-block-image size-large is-style-default\"><img loading=\"lazy\" decoding=\"async\" width=\"1024\" height=\"694\" data-id=\"13970\" src=\"https:\/\/bojornal.pt\/wp-content\/uploads\/2024\/06\/WhatsApp-Image-2024-06-02-at-16.59.06-1024x694.jpeg\" alt=\"\" class=\"wp-image-13970\" srcset=\"https:\/\/bojornal.pt\/wp-content\/uploads\/2024\/06\/WhatsApp-Image-2024-06-02-at-16.59.06-1024x694.jpeg 1024w, https:\/\/bojornal.pt\/wp-content\/uploads\/2024\/06\/WhatsApp-Image-2024-06-02-at-16.59.06-300x203.jpeg 300w, https:\/\/bojornal.pt\/wp-content\/uploads\/2024\/06\/WhatsApp-Image-2024-06-02-at-16.59.06-150x102.jpeg 150w, https:\/\/bojornal.pt\/wp-content\/uploads\/2024\/06\/WhatsApp-Image-2024-06-02-at-16.59.06-768x520.jpeg 768w, https:\/\/bojornal.pt\/wp-content\/uploads\/2024\/06\/WhatsApp-Image-2024-06-02-at-16.59.06-1536x1041.jpeg 1536w, https:\/\/bojornal.pt\/wp-content\/uploads\/2024\/06\/WhatsApp-Image-2024-06-02-at-16.59.06.jpeg 1600w\" sizes=\"auto, (max-width: 1024px) 100vw, 1024px\" \/><\/figure>\n<\/figure>\n\n\n\n<p>Os alunos Rodrigo S\u00e1 e Mariana Br\u00e1s participaram na fase final do Concurso Euroscola, realizada na Assembleia da Rep\u00fablica, nos passados dias 27 e 28 de maio. Em mais de uma centena de escolas participantes, o Agrupamento de Escolas Em\u00eddio Garcia garantiu o precioso 6.\u00ba lugar, num projeto com a participa\u00e7\u00e3o dos alunos Mariana Br\u00e1s e Rodrigo S\u00e1, coordenados pelo professor Alberto Pais.<\/p>\n\n\n\n<p>O trabalho dos alunos do Liceu baseou-se na apresenta\u00e7\u00e3o de uma m\u00fasica original, intitulada &#8220;Dar voz \u00e0 Toler\u00e2ncia&#8221;, escrita por Rodrigo S\u00e1 e editada pela Mariana Br\u00e1s, com a colabora\u00e7\u00e3o de alguns alunos do 11.\u00baE e 9.A.<\/p>\n\n\n\n<p>O tema central foi \u00abPromover a paz, os seus valores e o bem-estar dos povos\u00bb, levando as 19 escolas finalistas \u00e0 sess\u00e3o nacional ao Audit\u00f3rio \u00abAnt\u00f3nio de Almeida Santos\u00bb na Assembleia da Rep\u00fablica.<\/p>\n\n\n\n<p>A cerim\u00f3nia final contou com as interven\u00e7\u00f5es dos elementos do j\u00fari nacional, Katalin Gonczy, representante do Gabinete do Parlamento Europeu em Portugal; Catarina Rom\u00e3o Gon\u00e7alves, chefe da Divis\u00e3o de Museologia e Cidadania da Assembleia da Rep\u00fablica; e Cec\u00edlia Fonseca, representante do Centro de Interven\u00e7\u00e3o para o Desenvolvimento Am\u00edlcar Cabral (CIDAC). A encerrar a sess\u00e3o, S\u00edlvia Vermelho, vogal do Conselho Diretivo do IPDJ, salientou a import\u00e2ncia do tema, a originalidade das v\u00e1rias abordagens e o papel essencial da cidadania ativa dos e das jovens e do seu lugar como intervenientes centrais na Europa.<\/p>\n\n\n\n<figure class=\"wp-block-gallery has-nested-images columns-default is-cropped wp-block-gallery-2 is-layout-flex wp-block-gallery-is-layout-flex\">\n<figure class=\"wp-block-image size-large is-style-default\"><img loading=\"lazy\" decoding=\"async\" width=\"1024\" height=\"623\" data-id=\"13976\" src=\"https:\/\/bojornal.pt\/wp-content\/uploads\/2024\/06\/EUROSCOLA_Mariana-Bras-e-Rodrigo-Sa-2-1-1024x623.jpg\" alt=\"\" class=\"wp-image-13976\" srcset=\"https:\/\/bojornal.pt\/wp-content\/uploads\/2024\/06\/EUROSCOLA_Mariana-Bras-e-Rodrigo-Sa-2-1-1024x623.jpg 1024w, https:\/\/bojornal.pt\/wp-content\/uploads\/2024\/06\/EUROSCOLA_Mariana-Bras-e-Rodrigo-Sa-2-1-300x182.jpg 300w, https:\/\/bojornal.pt\/wp-content\/uploads\/2024\/06\/EUROSCOLA_Mariana-Bras-e-Rodrigo-Sa-2-1-150x91.jpg 150w, https:\/\/bojornal.pt\/wp-content\/uploads\/2024\/06\/EUROSCOLA_Mariana-Bras-e-Rodrigo-Sa-2-1-768x467.jpg 768w, https:\/\/bojornal.pt\/wp-content\/uploads\/2024\/06\/EUROSCOLA_Mariana-Bras-e-Rodrigo-Sa-2-1-1536x934.jpg 1536w, https:\/\/bojornal.pt\/wp-content\/uploads\/2024\/06\/EUROSCOLA_Mariana-Bras-e-Rodrigo-Sa-2-1-2048x1245.jpg 2048w\" sizes=\"auto, (max-width: 1024px) 100vw, 1024px\" \/><\/figure>\n\n\n\n<figure class=\"wp-block-image size-large is-style-default\"><img loading=\"lazy\" decoding=\"async\" width=\"1024\" height=\"768\" data-id=\"13975\" src=\"https:\/\/bojornal.pt\/wp-content\/uploads\/2024\/06\/WhatsApp-Image-2024-06-02-at-16.59.02-1-1024x768.jpeg\" alt=\"\" class=\"wp-image-13975\" srcset=\"https:\/\/bojornal.pt\/wp-content\/uploads\/2024\/06\/WhatsApp-Image-2024-06-02-at-16.59.02-1-1024x768.jpeg 1024w, https:\/\/bojornal.pt\/wp-content\/uploads\/2024\/06\/WhatsApp-Image-2024-06-02-at-16.59.02-1-300x225.jpeg 300w, https:\/\/bojornal.pt\/wp-content\/uploads\/2024\/06\/WhatsApp-Image-2024-06-02-at-16.59.02-1-150x113.jpeg 150w, https:\/\/bojornal.pt\/wp-content\/uploads\/2024\/06\/WhatsApp-Image-2024-06-02-at-16.59.02-1-768x576.jpeg 768w, https:\/\/bojornal.pt\/wp-content\/uploads\/2024\/06\/WhatsApp-Image-2024-06-02-at-16.59.02-1-1536x1152.jpeg 1536w, https:\/\/bojornal.pt\/wp-content\/uploads\/2024\/06\/WhatsApp-Image-2024-06-02-at-16.59.02-1.jpeg 2048w\" sizes=\"auto, (max-width: 1024px) 100vw, 1024px\" \/><\/figure>\n<\/figure>\n\n\n\n<figure class=\"wp-block-embed is-type-video is-provider-youtube wp-block-embed-youtube wp-embed-aspect-16-9 wp-has-aspect-ratio\"><div class=\"wp-block-embed__wrapper\">\n<div class=\"video-container\"><iframe loading=\"lazy\" title=\"Dar voz \u00e0 Toler\u00e2ncia\" width=\"500\" height=\"281\" src=\"https:\/\/www.youtube.com\/embed\/IJZioiGcwt4?feature=oembed&#038;wmode=opaque\" frameborder=\"0\" allow=\"accelerometer; autoplay; clipboard-write; encrypted-media; gyroscope; picture-in-picture; web-share\" referrerpolicy=\"strict-origin-when-cross-origin\" allowfullscreen><\/iframe><\/div>\n<\/div><figcaption class=\"wp-element-caption\">Assista ao v\u00eddeo, aqui<\/figcaption><\/figure>\n","protected":false},"excerpt":{"rendered":"<p>Videoclip original apresentado por Mariana Br\u00e1s e Rodrigo S\u00e1 garante 6.\u00balugar no Concurso Euroscola Os alunos Rodrigo S\u00e1 e Mariana Br\u00e1s participaram na fase final do Concurso Euroscola, realizada na Assembleia da Rep\u00fablica, nos&#46;&#46;&#46;<\/p>\n","protected":false},"author":2,"featured_media":13970,"comment_status":"closed","ping_status":"open","sticky":false,"template":"","format":"standard","meta":{"footnotes":""},"categories":[9,16],"tags":[],"class_list":["post-13968","post","type-post","status-publish","format-standard","has-post-thumbnail","hentry","category-em-foco","category-escola-secundaria-emidio-garcia"],"_links":{"self":[{"href":"https:\/\/bojornal.pt\/index.php?rest_route=\/wp\/v2\/posts\/13968","targetHints":{"allow":["GET"]}}],"collection":[{"href":"https:\/\/bojornal.pt\/index.php?rest_route=\/wp\/v2\/posts"}],"about":[{"href":"https:\/\/bojornal.pt\/index.php?rest_route=\/wp\/v2\/types\/post"}],"author":[{"embeddable":true,"href":"https:\/\/bojornal.pt\/index.php?rest_route=\/wp\/v2\/users\/2"}],"replies":[{"embeddable":true,"href":"https:\/\/bojornal.pt\/index.php?rest_route=%2Fwp%2Fv2%2Fcomments&post=13968"}],"version-history":[{"count":0,"href":"https:\/\/bojornal.pt\/index.php?rest_route=\/wp\/v2\/posts\/13968\/revisions"}],"wp:featuredmedia":[{"embeddable":true,"href":"https:\/\/bojornal.pt\/index.php?rest_route=\/wp\/v2\/media\/13970"}],"wp:attachment":[{"href":"https:\/\/bojornal.pt\/index.php?rest_route=%2Fwp%2Fv2%2Fmedia&parent=13968"}],"wp:term":[{"taxonomy":"category","embeddable":true,"href":"https:\/\/bojornal.pt\/index.php?rest_route=%2Fwp%2Fv2%2Fcategories&post=13968"},{"taxonomy":"post_tag","embeddable":true,"href":"https:\/\/bojornal.pt\/index.php?rest_route=%2Fwp%2Fv2%2Ftags&post=13968"}],"curies":[{"name":"wp","href":"https:\/\/api.w.org\/{rel}","templated":true}]}}