{"id":13941,"date":"2024-05-30T00:39:00","date_gmt":"2024-05-29T23:39:00","guid":{"rendered":"https:\/\/bojornal.pt\/?p=13941"},"modified":"2024-06-03T00:51:08","modified_gmt":"2024-06-02T23:51:08","slug":"assembleia-de-alunos","status":"publish","type":"post","link":"https:\/\/bojornal.pt\/?p=13941","title":{"rendered":"Assembleia de alunos"},"content":{"rendered":"\n<figure class=\"wp-block-gallery has-nested-images columns-default is-cropped wp-block-gallery-1 is-layout-flex wp-block-gallery-is-layout-flex\">\n<figure class=\"wp-block-image size-large is-style-default\"><img loading=\"lazy\" decoding=\"async\" width=\"461\" height=\"1024\" data-id=\"13947\" src=\"https:\/\/bojornal.pt\/wp-content\/uploads\/2024\/06\/assembleia-de-delegados-de-turma-1-461x1024.jpeg\" alt=\"\" class=\"wp-image-13947\" srcset=\"https:\/\/bojornal.pt\/wp-content\/uploads\/2024\/06\/assembleia-de-delegados-de-turma-1-461x1024.jpeg 461w, https:\/\/bojornal.pt\/wp-content\/uploads\/2024\/06\/assembleia-de-delegados-de-turma-1-135x300.jpeg 135w, https:\/\/bojornal.pt\/wp-content\/uploads\/2024\/06\/assembleia-de-delegados-de-turma-1-68x150.jpeg 68w, https:\/\/bojornal.pt\/wp-content\/uploads\/2024\/06\/assembleia-de-delegados-de-turma-1-691x1536.jpeg 691w, https:\/\/bojornal.pt\/wp-content\/uploads\/2024\/06\/assembleia-de-delegados-de-turma-1.jpeg 720w\" sizes=\"auto, (max-width: 461px) 100vw, 461px\" \/><\/figure>\n\n\n\n<figure class=\"wp-block-image size-large is-style-default\"><img loading=\"lazy\" decoding=\"async\" width=\"1024\" height=\"461\" data-id=\"13944\" src=\"https:\/\/bojornal.pt\/wp-content\/uploads\/2024\/06\/assembleia-de-delegados-de-turma-4-1024x461.jpeg\" alt=\"\" class=\"wp-image-13944\" srcset=\"https:\/\/bojornal.pt\/wp-content\/uploads\/2024\/06\/assembleia-de-delegados-de-turma-4-1024x461.jpeg 1024w, https:\/\/bojornal.pt\/wp-content\/uploads\/2024\/06\/assembleia-de-delegados-de-turma-4-300x135.jpeg 300w, https:\/\/bojornal.pt\/wp-content\/uploads\/2024\/06\/assembleia-de-delegados-de-turma-4-150x68.jpeg 150w, https:\/\/bojornal.pt\/wp-content\/uploads\/2024\/06\/assembleia-de-delegados-de-turma-4-768x346.jpeg 768w, https:\/\/bojornal.pt\/wp-content\/uploads\/2024\/06\/assembleia-de-delegados-de-turma-4-1536x691.jpeg 1536w, https:\/\/bojornal.pt\/wp-content\/uploads\/2024\/06\/assembleia-de-delegados-de-turma-4.jpeg 1600w\" sizes=\"auto, (max-width: 1024px) 100vw, 1024px\" \/><\/figure>\n\n\n\n<figure class=\"wp-block-image size-large is-style-default\"><img loading=\"lazy\" decoding=\"async\" width=\"1024\" height=\"461\" data-id=\"13945\" src=\"https:\/\/bojornal.pt\/wp-content\/uploads\/2024\/06\/assembleia-de-delegados-de-turma-5-1024x461.jpeg\" alt=\"\" class=\"wp-image-13945\" srcset=\"https:\/\/bojornal.pt\/wp-content\/uploads\/2024\/06\/assembleia-de-delegados-de-turma-5-1024x461.jpeg 1024w, https:\/\/bojornal.pt\/wp-content\/uploads\/2024\/06\/assembleia-de-delegados-de-turma-5-300x135.jpeg 300w, https:\/\/bojornal.pt\/wp-content\/uploads\/2024\/06\/assembleia-de-delegados-de-turma-5-150x68.jpeg 150w, https:\/\/bojornal.pt\/wp-content\/uploads\/2024\/06\/assembleia-de-delegados-de-turma-5-768x346.jpeg 768w, https:\/\/bojornal.pt\/wp-content\/uploads\/2024\/06\/assembleia-de-delegados-de-turma-5-1536x691.jpeg 1536w, https:\/\/bojornal.pt\/wp-content\/uploads\/2024\/06\/assembleia-de-delegados-de-turma-5.jpeg 1600w\" sizes=\"auto, (max-width: 1024px) 100vw, 1024px\" \/><\/figure>\n\n\n\n<figure class=\"wp-block-image size-large is-style-default\"><img loading=\"lazy\" decoding=\"async\" width=\"1024\" height=\"461\" data-id=\"13943\" src=\"https:\/\/bojornal.pt\/wp-content\/uploads\/2024\/06\/assembleia-de-delegados-de-turma-6-1024x461.jpeg\" alt=\"\" class=\"wp-image-13943\" srcset=\"https:\/\/bojornal.pt\/wp-content\/uploads\/2024\/06\/assembleia-de-delegados-de-turma-6-1024x461.jpeg 1024w, https:\/\/bojornal.pt\/wp-content\/uploads\/2024\/06\/assembleia-de-delegados-de-turma-6-300x135.jpeg 300w, https:\/\/bojornal.pt\/wp-content\/uploads\/2024\/06\/assembleia-de-delegados-de-turma-6-150x68.jpeg 150w, https:\/\/bojornal.pt\/wp-content\/uploads\/2024\/06\/assembleia-de-delegados-de-turma-6-768x346.jpeg 768w, https:\/\/bojornal.pt\/wp-content\/uploads\/2024\/06\/assembleia-de-delegados-de-turma-6-1536x691.jpeg 1536w, https:\/\/bojornal.pt\/wp-content\/uploads\/2024\/06\/assembleia-de-delegados-de-turma-6.jpeg 1600w\" sizes=\"auto, (max-width: 1024px) 100vw, 1024px\" \/><\/figure>\n<\/figure>\n\n\n\n<figure class=\"wp-block-gallery has-nested-images columns-default is-cropped wp-block-gallery-2 is-layout-flex wp-block-gallery-is-layout-flex\">\n<figure class=\"wp-block-image size-large is-style-default\"><img loading=\"lazy\" decoding=\"async\" width=\"1024\" height=\"768\" data-id=\"13949\" src=\"https:\/\/bojornal.pt\/wp-content\/uploads\/2024\/06\/assembleia-de-delegados-de-turma-3-1-1024x768.jpeg\" alt=\"\" class=\"wp-image-13949\" srcset=\"https:\/\/bojornal.pt\/wp-content\/uploads\/2024\/06\/assembleia-de-delegados-de-turma-3-1-1024x768.jpeg 1024w, https:\/\/bojornal.pt\/wp-content\/uploads\/2024\/06\/assembleia-de-delegados-de-turma-3-1-300x225.jpeg 300w, https:\/\/bojornal.pt\/wp-content\/uploads\/2024\/06\/assembleia-de-delegados-de-turma-3-1-150x113.jpeg 150w, https:\/\/bojornal.pt\/wp-content\/uploads\/2024\/06\/assembleia-de-delegados-de-turma-3-1-768x576.jpeg 768w, https:\/\/bojornal.pt\/wp-content\/uploads\/2024\/06\/assembleia-de-delegados-de-turma-3-1-1536x1152.jpeg 1536w, https:\/\/bojornal.pt\/wp-content\/uploads\/2024\/06\/assembleia-de-delegados-de-turma-3-1.jpeg 2040w\" sizes=\"auto, (max-width: 1024px) 100vw, 1024px\" \/><\/figure>\n\n\n\n<figure class=\"wp-block-image size-large is-style-default\"><img loading=\"lazy\" decoding=\"async\" width=\"1024\" height=\"461\" data-id=\"13950\" src=\"https:\/\/bojornal.pt\/wp-content\/uploads\/2024\/06\/assembleia-de-delegados-de-turma-4-1-1024x461.jpeg\" alt=\"\" class=\"wp-image-13950\" srcset=\"https:\/\/bojornal.pt\/wp-content\/uploads\/2024\/06\/assembleia-de-delegados-de-turma-4-1-1024x461.jpeg 1024w, https:\/\/bojornal.pt\/wp-content\/uploads\/2024\/06\/assembleia-de-delegados-de-turma-4-1-300x135.jpeg 300w, https:\/\/bojornal.pt\/wp-content\/uploads\/2024\/06\/assembleia-de-delegados-de-turma-4-1-150x68.jpeg 150w, https:\/\/bojornal.pt\/wp-content\/uploads\/2024\/06\/assembleia-de-delegados-de-turma-4-1-768x346.jpeg 768w, https:\/\/bojornal.pt\/wp-content\/uploads\/2024\/06\/assembleia-de-delegados-de-turma-4-1-1536x691.jpeg 1536w, https:\/\/bojornal.pt\/wp-content\/uploads\/2024\/06\/assembleia-de-delegados-de-turma-4-1.jpeg 1600w\" sizes=\"auto, (max-width: 1024px) 100vw, 1024px\" \/><\/figure>\n<\/figure>\n\n\n\n<p><strong><em>Delegados de turma tiveram a oportunidade de manifestar a sua opini\u00e3o e analisar o Projeto Educativo do Agrupamento<\/em><\/strong><\/p>\n\n\n\n<p>Desenvolver o pensamento cr\u00edtico, a opini\u00e3o dos alunos e promover o esp\u00edrito de perten\u00e7a \u00e0 escola s\u00e3o alguns dos objetivos da Assembleia de Delegados de Turma do 3.\u00ba ciclo do ensino b\u00e1sico e do ensino secund\u00e1rio do Agrupamento de Escola Em\u00eddio Garcia. Esta reuni\u00e3o, realizada no dia 29 de maio, contou com os representantes das turmas, numa sess\u00e3o presidida pelo diretor do Agrupamento, o professor Carlos Fernandes. Esta iniciativa teve o intuito de promover a rela\u00e7\u00e3o escola\/aluno; dar voz a todos; contribuir para a sua forma\u00e7\u00e3o, no \u00e2mbito da Cidadania e promover a coopera\u00e7\u00e3o dos alunos na escola. Assim, foram abordados alguns aspetos constantes no projeto educativo do agrupamento e procedeu-se \u00e0 recolha de sugest\u00f5es dos alunos a integrar o Regulamento Interno. Os presentes tiveram ainda a oportunidade de apresentarem algumas sugest\u00f5es com vista \u00e0 melhoria do funcionamento do Agrupamento. A participa\u00e7\u00e3o ativa dos alunos, manifestando as suas preocupa\u00e7\u00f5es e ideias permite a promo\u00e7\u00e3o de um sentido de comunidade e responsabilidade coletiva, contribuindo para a constru\u00e7\u00e3o de uma cultura escolar mais democr\u00e1tica, transparente e inclusiva.<\/p>\n\n\n\n<p>Parab\u00e9ns a todos os envolvidos!<\/p>\n","protected":false},"excerpt":{"rendered":"<p>Delegados de turma tiveram a oportunidade de manifestar a sua opini\u00e3o e analisar o Projeto Educativo do Agrupamento Desenvolver o pensamento cr\u00edtico, a opini\u00e3o dos alunos e promover o esp\u00edrito de perten\u00e7a \u00e0 escola&#46;&#46;&#46;<\/p>\n","protected":false},"author":2,"featured_media":13944,"comment_status":"closed","ping_status":"open","sticky":false,"template":"","format":"standard","meta":{"footnotes":""},"categories":[9,16],"tags":[],"class_list":["post-13941","post","type-post","status-publish","format-standard","has-post-thumbnail","hentry","category-em-foco","category-escola-secundaria-emidio-garcia"],"_links":{"self":[{"href":"https:\/\/bojornal.pt\/index.php?rest_route=\/wp\/v2\/posts\/13941","targetHints":{"allow":["GET"]}}],"collection":[{"href":"https:\/\/bojornal.pt\/index.php?rest_route=\/wp\/v2\/posts"}],"about":[{"href":"https:\/\/bojornal.pt\/index.php?rest_route=\/wp\/v2\/types\/post"}],"author":[{"embeddable":true,"href":"https:\/\/bojornal.pt\/index.php?rest_route=\/wp\/v2\/users\/2"}],"replies":[{"embeddable":true,"href":"https:\/\/bojornal.pt\/index.php?rest_route=%2Fwp%2Fv2%2Fcomments&post=13941"}],"version-history":[{"count":0,"href":"https:\/\/bojornal.pt\/index.php?rest_route=\/wp\/v2\/posts\/13941\/revisions"}],"wp:featuredmedia":[{"embeddable":true,"href":"https:\/\/bojornal.pt\/index.php?rest_route=\/wp\/v2\/media\/13944"}],"wp:attachment":[{"href":"https:\/\/bojornal.pt\/index.php?rest_route=%2Fwp%2Fv2%2Fmedia&parent=13941"}],"wp:term":[{"taxonomy":"category","embeddable":true,"href":"https:\/\/bojornal.pt\/index.php?rest_route=%2Fwp%2Fv2%2Fcategories&post=13941"},{"taxonomy":"post_tag","embeddable":true,"href":"https:\/\/bojornal.pt\/index.php?rest_route=%2Fwp%2Fv2%2Ftags&post=13941"}],"curies":[{"name":"wp","href":"https:\/\/api.w.org\/{rel}","templated":true}]}}