{"id":13936,"date":"2024-05-29T00:27:00","date_gmt":"2024-05-28T23:27:00","guid":{"rendered":"https:\/\/bojornal.pt\/?p=13936"},"modified":"2024-06-03T00:35:19","modified_gmt":"2024-06-02T23:35:19","slug":"campanha-nacional-democracy-4-youth","status":"publish","type":"post","link":"https:\/\/bojornal.pt\/?p=13936","title":{"rendered":"Campanha Nacional \u201cDemocracy 4 Youth\u201d"},"content":{"rendered":"\n<figure class=\"wp-block-gallery has-nested-images columns-default is-cropped wp-block-gallery-1 is-layout-flex wp-block-gallery-is-layout-flex\">\n<figure class=\"wp-block-image size-large is-style-default\"><img loading=\"lazy\" decoding=\"async\" width=\"769\" height=\"1024\" data-id=\"13937\" src=\"https:\/\/bojornal.pt\/wp-content\/uploads\/2024\/06\/Campanha-Nacional-Democracy-4-Youth-1-769x1024.jpg\" alt=\"\" class=\"wp-image-13937\" srcset=\"https:\/\/bojornal.pt\/wp-content\/uploads\/2024\/06\/Campanha-Nacional-Democracy-4-Youth-1-769x1024.jpg 769w, https:\/\/bojornal.pt\/wp-content\/uploads\/2024\/06\/Campanha-Nacional-Democracy-4-Youth-1-225x300.jpg 225w, https:\/\/bojornal.pt\/wp-content\/uploads\/2024\/06\/Campanha-Nacional-Democracy-4-Youth-1-113x150.jpg 113w, https:\/\/bojornal.pt\/wp-content\/uploads\/2024\/06\/Campanha-Nacional-Democracy-4-Youth-1-768x1023.jpg 768w, https:\/\/bojornal.pt\/wp-content\/uploads\/2024\/06\/Campanha-Nacional-Democracy-4-Youth-1-1154x1536.jpg 1154w, https:\/\/bojornal.pt\/wp-content\/uploads\/2024\/06\/Campanha-Nacional-Democracy-4-Youth-1.jpg 1538w\" sizes=\"auto, (max-width: 769px) 100vw, 769px\" \/><\/figure>\n\n\n\n<figure class=\"wp-block-image size-large is-style-default\"><img loading=\"lazy\" decoding=\"async\" width=\"1024\" height=\"769\" data-id=\"13938\" src=\"https:\/\/bojornal.pt\/wp-content\/uploads\/2024\/06\/Campanha-Nacional-Democracy-4-Youth-2-1024x769.jpg\" alt=\"\" class=\"wp-image-13938\" srcset=\"https:\/\/bojornal.pt\/wp-content\/uploads\/2024\/06\/Campanha-Nacional-Democracy-4-Youth-2-1024x769.jpg 1024w, https:\/\/bojornal.pt\/wp-content\/uploads\/2024\/06\/Campanha-Nacional-Democracy-4-Youth-2-300x225.jpg 300w, https:\/\/bojornal.pt\/wp-content\/uploads\/2024\/06\/Campanha-Nacional-Democracy-4-Youth-2-150x113.jpg 150w, https:\/\/bojornal.pt\/wp-content\/uploads\/2024\/06\/Campanha-Nacional-Democracy-4-Youth-2-768x576.jpg 768w, https:\/\/bojornal.pt\/wp-content\/uploads\/2024\/06\/Campanha-Nacional-Democracy-4-Youth-2-1536x1153.jpg 1536w, https:\/\/bojornal.pt\/wp-content\/uploads\/2024\/06\/Campanha-Nacional-Democracy-4-Youth-2.jpg 2048w\" sizes=\"auto, (max-width: 1024px) 100vw, 1024px\" \/><\/figure>\n\n\n\n<figure class=\"wp-block-image size-large is-style-default\"><img loading=\"lazy\" decoding=\"async\" width=\"769\" height=\"1024\" data-id=\"13939\" src=\"https:\/\/bojornal.pt\/wp-content\/uploads\/2024\/06\/Campanha-Nacional-Democracy-4-Youth-769x1024.jpg\" alt=\"\" class=\"wp-image-13939\" srcset=\"https:\/\/bojornal.pt\/wp-content\/uploads\/2024\/06\/Campanha-Nacional-Democracy-4-Youth-769x1024.jpg 769w, https:\/\/bojornal.pt\/wp-content\/uploads\/2024\/06\/Campanha-Nacional-Democracy-4-Youth-225x300.jpg 225w, https:\/\/bojornal.pt\/wp-content\/uploads\/2024\/06\/Campanha-Nacional-Democracy-4-Youth-113x150.jpg 113w, https:\/\/bojornal.pt\/wp-content\/uploads\/2024\/06\/Campanha-Nacional-Democracy-4-Youth-768x1023.jpg 768w, https:\/\/bojornal.pt\/wp-content\/uploads\/2024\/06\/Campanha-Nacional-Democracy-4-Youth-1154x1536.jpg 1154w, https:\/\/bojornal.pt\/wp-content\/uploads\/2024\/06\/Campanha-Nacional-Democracy-4-Youth.jpg 1538w\" sizes=\"auto, (max-width: 769px) 100vw, 769px\" \/><\/figure>\n<\/figure>\n\n\n\n<p>No dia 27 de maio, a FNAJ \u2013 Federa\u00e7\u00e3o Nacional das Associa\u00e7\u00f5es Juvenis, que representa mais de mil associa\u00e7\u00f5es juvenis de \u00e2mbito local e regional, marcou presen\u00e7a na Escola Secund\u00e1ria Em\u00eddio Garcia com o objetivo de desenvolver a Campanha Nacional \u201cDemocracy 4 Youth\u201d. Assim, atrav\u00e9s de metodologias de Educa\u00e7\u00e3o n\u00e3o Formal, promoveram-se sess\u00f5es de sensibiliza\u00e7\u00e3o com alunos\/as de (7) sete turmas do Ensino Secund\u00e1rio. A atividade consistiu na presen\u00e7a do Infobus da Cidadania da FNAJ na escola, com sess\u00f5es dinamizadas por facilitadores\/as especializados\/as, promovendo o debate e a realiza\u00e7\u00e3o de din\u00e2micas de grupo.<\/p>\n\n\n\n<p>Um dos objetivos desta Campanha \u00e9 sensibilizar os\/as jovens para a participa\u00e7\u00e3o ativa e para o exerc\u00edcio pleno da sua cidadania, promovendo processos de empoderamento e de interven\u00e7\u00e3o social atrav\u00e9s da literacia pol\u00edtica. No ano em que Portugal celebra os 50 anos do 25 de abril, uma refer\u00eancia de liberdade para a popula\u00e7\u00e3o portuguesa e um marco na sua hist\u00f3ria da democracia, este projeto procura desenvolver nos jovens o conhecimento de valores inerentes a um sistema que se pretende democr\u00e1tico. Estima-se que esta atividade se refletiu de forma muito positiva e com forte impacto na comunidade escolar.<\/p>\n","protected":false},"excerpt":{"rendered":"<p>No dia 27 de maio, a FNAJ \u2013 Federa\u00e7\u00e3o Nacional das Associa\u00e7\u00f5es Juvenis, que representa mais de mil associa\u00e7\u00f5es juvenis de \u00e2mbito local e regional, marcou presen\u00e7a na Escola Secund\u00e1ria Em\u00eddio Garcia com o&#46;&#46;&#46;<\/p>\n","protected":false},"author":2,"featured_media":13938,"comment_status":"closed","ping_status":"open","sticky":false,"template":"","format":"standard","meta":{"footnotes":""},"categories":[16],"tags":[],"class_list":["post-13936","post","type-post","status-publish","format-standard","has-post-thumbnail","hentry","category-escola-secundaria-emidio-garcia"],"_links":{"self":[{"href":"https:\/\/bojornal.pt\/index.php?rest_route=\/wp\/v2\/posts\/13936","targetHints":{"allow":["GET"]}}],"collection":[{"href":"https:\/\/bojornal.pt\/index.php?rest_route=\/wp\/v2\/posts"}],"about":[{"href":"https:\/\/bojornal.pt\/index.php?rest_route=\/wp\/v2\/types\/post"}],"author":[{"embeddable":true,"href":"https:\/\/bojornal.pt\/index.php?rest_route=\/wp\/v2\/users\/2"}],"replies":[{"embeddable":true,"href":"https:\/\/bojornal.pt\/index.php?rest_route=%2Fwp%2Fv2%2Fcomments&post=13936"}],"version-history":[{"count":0,"href":"https:\/\/bojornal.pt\/index.php?rest_route=\/wp\/v2\/posts\/13936\/revisions"}],"wp:featuredmedia":[{"embeddable":true,"href":"https:\/\/bojornal.pt\/index.php?rest_route=\/wp\/v2\/media\/13938"}],"wp:attachment":[{"href":"https:\/\/bojornal.pt\/index.php?rest_route=%2Fwp%2Fv2%2Fmedia&parent=13936"}],"wp:term":[{"taxonomy":"category","embeddable":true,"href":"https:\/\/bojornal.pt\/index.php?rest_route=%2Fwp%2Fv2%2Fcategories&post=13936"},{"taxonomy":"post_tag","embeddable":true,"href":"https:\/\/bojornal.pt\/index.php?rest_route=%2Fwp%2Fv2%2Ftags&post=13936"}],"curies":[{"name":"wp","href":"https:\/\/api.w.org\/{rel}","templated":true}]}}