{"id":13920,"date":"2024-06-02T00:09:00","date_gmt":"2024-06-01T23:09:00","guid":{"rendered":"https:\/\/bojornal.pt\/?p=13920"},"modified":"2024-06-03T00:19:17","modified_gmt":"2024-06-02T23:19:17","slug":"miss-mister-liceu","status":"publish","type":"post","link":"https:\/\/bojornal.pt\/?p=13920","title":{"rendered":"Miss &amp; Mister Liceu"},"content":{"rendered":"\n<p><strong>Associa\u00e7\u00e3o de Estudantes dinamizou concurso de beleza e estilo<\/strong><\/p>\n\n\n\n<figure class=\"wp-block-gallery has-nested-images columns-default is-cropped wp-block-gallery-1 is-layout-flex wp-block-gallery-is-layout-flex\">\n<figure class=\"wp-block-image size-large is-style-default\"><img decoding=\"async\" data-id=\"13930\" src=\"https:\/\/bojornal.pt\/wp-content\/uploads\/2024\/06\/DSC4057-1024x681.jpg\" alt=\"\" class=\"wp-image-13930\"\/><\/figure>\n\n\n\n<figure class=\"wp-block-image size-large is-style-default\"><img decoding=\"async\" data-id=\"13927\" src=\"https:\/\/bojornal.pt\/wp-content\/uploads\/2024\/06\/DSC4135-1024x681.jpg\" alt=\"\" class=\"wp-image-13927\"\/><\/figure>\n\n\n\n<figure class=\"wp-block-image size-large is-style-default\"><img decoding=\"async\" data-id=\"13928\" src=\"https:\/\/bojornal.pt\/wp-content\/uploads\/2024\/06\/DSC4141-1024x681.jpg\" alt=\"\" class=\"wp-image-13928\"\/><\/figure>\n\n\n\n<figure class=\"wp-block-image size-large is-style-default\"><img decoding=\"async\" data-id=\"13929\" src=\"https:\/\/bojornal.pt\/wp-content\/uploads\/2024\/06\/DSC4152-1024x681.jpg\" alt=\"\" class=\"wp-image-13929\"\/><\/figure>\n<\/figure>\n\n\n\n<figure class=\"wp-block-gallery has-nested-images columns-default is-cropped wp-block-gallery-2 is-layout-flex wp-block-gallery-is-layout-flex\">\n<figure class=\"wp-block-image size-large is-style-default\"><img decoding=\"async\" data-id=\"13931\" src=\"https:\/\/bojornal.pt\/wp-content\/uploads\/2024\/06\/DSC4069-1024x681.jpg\" alt=\"\" class=\"wp-image-13931\"\/><\/figure>\n\n\n\n<figure class=\"wp-block-image size-large is-style-default\"><img decoding=\"async\" data-id=\"13932\" src=\"https:\/\/bojornal.pt\/wp-content\/uploads\/2024\/06\/DSC4083-1-1024x681.jpg\" alt=\"\" class=\"wp-image-13932\"\/><\/figure>\n\n\n\n<figure class=\"wp-block-image size-large is-style-default\"><img decoding=\"async\" data-id=\"13933\" src=\"https:\/\/bojornal.pt\/wp-content\/uploads\/2024\/06\/DSC4110-1-1024x681.jpg\" alt=\"\" class=\"wp-image-13933\"\/><\/figure>\n\n\n\n<figure class=\"wp-block-image size-large is-style-default\"><img decoding=\"async\" data-id=\"13934\" src=\"https:\/\/bojornal.pt\/wp-content\/uploads\/2024\/06\/DSC4135-1-1024x681.jpg\" alt=\"\" class=\"wp-image-13934\"\/><\/figure>\n<\/figure>\n\n\n\n<p>A Associa\u00e7\u00e3o de Estudantes da Escola Em\u00eddio Garcia organizou o Concurso Miss &amp; Mister Liceu 2024.<\/p>\n\n\n\n<p><strong>Vencedores:<\/strong><\/p>\n\n\n\n<p><strong>Miss B\u00e1sico- Joana Rebelo<\/strong><\/p>\n\n\n\n<p><strong>Mister B\u00e1sico- Martim Caseiro<\/strong><\/p>\n\n\n\n<p><strong>Miss Secund\u00e1rio &#8211; Sara Moreno<\/strong><\/p>\n\n\n\n<p><strong>Mister Secund\u00e1rio &#8211; Rodrigo Rocha<\/strong><\/p>\n","protected":false},"excerpt":{"rendered":"<p>Associa\u00e7\u00e3o de Estudantes dinamizou concurso de beleza e estilo A Associa\u00e7\u00e3o de Estudantes da Escola Em\u00eddio Garcia organizou o Concurso Miss &amp; Mister Liceu 2024. Vencedores: Miss B\u00e1sico- Joana Rebelo Mister B\u00e1sico- Martim Caseiro&#46;&#46;&#46;<\/p>\n","protected":false},"author":2,"featured_media":0,"comment_status":"closed","ping_status":"open","sticky":false,"template":"","format":"standard","meta":{"footnotes":""},"categories":[2,9,16],"tags":[],"class_list":["post-13920","post","type-post","status-publish","format-standard","hentry","category-atualidade","category-em-foco","category-escola-secundaria-emidio-garcia"],"_links":{"self":[{"href":"https:\/\/bojornal.pt\/index.php?rest_route=\/wp\/v2\/posts\/13920","targetHints":{"allow":["GET"]}}],"collection":[{"href":"https:\/\/bojornal.pt\/index.php?rest_route=\/wp\/v2\/posts"}],"about":[{"href":"https:\/\/bojornal.pt\/index.php?rest_route=\/wp\/v2\/types\/post"}],"author":[{"embeddable":true,"href":"https:\/\/bojornal.pt\/index.php?rest_route=\/wp\/v2\/users\/2"}],"replies":[{"embeddable":true,"href":"https:\/\/bojornal.pt\/index.php?rest_route=%2Fwp%2Fv2%2Fcomments&post=13920"}],"version-history":[{"count":0,"href":"https:\/\/bojornal.pt\/index.php?rest_route=\/wp\/v2\/posts\/13920\/revisions"}],"wp:attachment":[{"href":"https:\/\/bojornal.pt\/index.php?rest_route=%2Fwp%2Fv2%2Fmedia&parent=13920"}],"wp:term":[{"taxonomy":"category","embeddable":true,"href":"https:\/\/bojornal.pt\/index.php?rest_route=%2Fwp%2Fv2%2Fcategories&post=13920"},{"taxonomy":"post_tag","embeddable":true,"href":"https:\/\/bojornal.pt\/index.php?rest_route=%2Fwp%2Fv2%2Ftags&post=13920"}],"curies":[{"name":"wp","href":"https:\/\/api.w.org\/{rel}","templated":true}]}}