{"id":13889,"date":"2024-06-02T23:46:27","date_gmt":"2024-06-02T22:46:27","guid":{"rendered":"https:\/\/bojornal.pt\/?p=13889"},"modified":"2024-06-02T23:50:31","modified_gmt":"2024-06-02T22:50:31","slug":"recital-de-gala-2024","status":"publish","type":"post","link":"https:\/\/bojornal.pt\/?p=13889","title":{"rendered":"R\u00e9cita de Gala 2024"},"content":{"rendered":"\n<p><strong>Associa\u00e7\u00e3o de Estudantes promoveu Gala Final de Ano dedicada \u00e0 m\u00fasica portuguesa, desde a d\u00e9cada de 70<\/strong><\/p>\n\n\n\n<figure class=\"wp-block-gallery has-nested-images columns-default is-cropped wp-block-gallery-1 is-layout-flex wp-block-gallery-is-layout-flex\">\n<figure class=\"wp-block-image size-large is-style-default\"><img loading=\"lazy\" decoding=\"async\" width=\"1024\" height=\"681\" data-id=\"13902\" src=\"https:\/\/bojornal.pt\/wp-content\/uploads\/2024\/06\/DSC4226-1024x681.jpg\" alt=\"\" class=\"wp-image-13902\" srcset=\"https:\/\/bojornal.pt\/wp-content\/uploads\/2024\/06\/DSC4226-1024x681.jpg 1024w, https:\/\/bojornal.pt\/wp-content\/uploads\/2024\/06\/DSC4226-300x199.jpg 300w, https:\/\/bojornal.pt\/wp-content\/uploads\/2024\/06\/DSC4226-150x100.jpg 150w, https:\/\/bojornal.pt\/wp-content\/uploads\/2024\/06\/DSC4226-768x511.jpg 768w, https:\/\/bojornal.pt\/wp-content\/uploads\/2024\/06\/DSC4226-1536x1021.jpg 1536w, https:\/\/bojornal.pt\/wp-content\/uploads\/2024\/06\/DSC4226-2048x1362.jpg 2048w\" sizes=\"auto, (max-width: 1024px) 100vw, 1024px\" \/><\/figure>\n\n\n\n<figure class=\"wp-block-image size-large is-style-default\"><img decoding=\"async\" data-id=\"13890\" src=\"https:\/\/bojornal.pt\/wp-content\/uploads\/2024\/06\/DSC4238-1024x681.jpg\" alt=\"\" class=\"wp-image-13890\"\/><\/figure>\n\n\n\n<figure class=\"wp-block-image size-large is-style-default\"><img loading=\"lazy\" decoding=\"async\" width=\"1024\" height=\"681\" data-id=\"13903\" src=\"https:\/\/bojornal.pt\/wp-content\/uploads\/2024\/06\/DSC4290-1024x681.jpg\" alt=\"\" class=\"wp-image-13903\" srcset=\"https:\/\/bojornal.pt\/wp-content\/uploads\/2024\/06\/DSC4290-1024x681.jpg 1024w, https:\/\/bojornal.pt\/wp-content\/uploads\/2024\/06\/DSC4290-300x199.jpg 300w, https:\/\/bojornal.pt\/wp-content\/uploads\/2024\/06\/DSC4290-150x100.jpg 150w, https:\/\/bojornal.pt\/wp-content\/uploads\/2024\/06\/DSC4290-768x511.jpg 768w, https:\/\/bojornal.pt\/wp-content\/uploads\/2024\/06\/DSC4290-1536x1021.jpg 1536w, https:\/\/bojornal.pt\/wp-content\/uploads\/2024\/06\/DSC4290-2048x1362.jpg 2048w\" sizes=\"auto, (max-width: 1024px) 100vw, 1024px\" \/><\/figure>\n\n\n\n<figure class=\"wp-block-image size-large is-style-default\"><img decoding=\"async\" data-id=\"13895\" src=\"https:\/\/bojornal.pt\/wp-content\/uploads\/2024\/06\/DSC4300-1024x681.jpg\" alt=\"\" class=\"wp-image-13895\"\/><\/figure>\n\n\n\n<figure class=\"wp-block-image size-large is-style-default\"><img loading=\"lazy\" decoding=\"async\" width=\"1024\" height=\"681\" data-id=\"13891\" src=\"https:\/\/bojornal.pt\/wp-content\/uploads\/2024\/06\/DSC4507-1024x681.jpg\" alt=\"\" class=\"wp-image-13891\" srcset=\"https:\/\/bojornal.pt\/wp-content\/uploads\/2024\/06\/DSC4507-1024x681.jpg 1024w, https:\/\/bojornal.pt\/wp-content\/uploads\/2024\/06\/DSC4507-300x199.jpg 300w, https:\/\/bojornal.pt\/wp-content\/uploads\/2024\/06\/DSC4507-150x100.jpg 150w, https:\/\/bojornal.pt\/wp-content\/uploads\/2024\/06\/DSC4507-768x511.jpg 768w, https:\/\/bojornal.pt\/wp-content\/uploads\/2024\/06\/DSC4507-1536x1021.jpg 1536w, https:\/\/bojornal.pt\/wp-content\/uploads\/2024\/06\/DSC4507-2048x1362.jpg 2048w\" sizes=\"auto, (max-width: 1024px) 100vw, 1024px\" \/><\/figure>\n<\/figure>\n\n\n\n<p>A Associa\u00e7\u00e3o de Estudantes da Escola Em\u00eddio Garcia organizou a Gala Final de Ano, denominada R\u00c9CITA DE GALA, com a participa\u00e7\u00e3o de v\u00e1rios alunos de diversos ciclos do agrupamento. Esta atividade, realizada no passado dia 31 de maio, no Sal\u00e3o Nobre do Liceu, ficou marcada pela apresenta\u00e7\u00e3o de pe\u00e7as musicais, dan\u00e7a e teatro, alusivas \u00e0s diversas \u00e9pocas, desde a d\u00e9cada de 70.<\/p>\n\n\n\n<p>O grande destaque deste evento consistiu na articula\u00e7\u00e3o entre os diversos ciclos de ensino, ou seja, esteve um grupo de alunos do Centro Escolar da S\u00e9, orientados pelo educador Jos\u00e9 Amaro; os alunos da Escola Paulo Quintela, pertencentes ao Clube de M\u00fasica, dinamizado pela professora Filomena Gomes; o Grupo Coral Em\u00eddio Garcia e diversos alunos do Liceu. A pe\u00e7a teatral foi orientada pelo professor Ac\u00e1cio Pradinhos e estiveram tamb\u00e9m presentes alguns antigos alunos do agrupamento que ajudaram na realiza\u00e7\u00e3o da atividade.<\/p>\n\n\n\n<figure class=\"wp-block-gallery has-nested-images columns-default is-cropped wp-block-gallery-2 is-layout-flex wp-block-gallery-is-layout-flex\">\n<figure class=\"wp-block-image size-large is-style-default\"><img decoding=\"async\" data-id=\"13906\" src=\"https:\/\/bojornal.pt\/wp-content\/uploads\/2024\/06\/DSC4235-1-1024x681.jpg\" alt=\"\" class=\"wp-image-13906\"\/><\/figure>\n\n\n\n<figure class=\"wp-block-image size-large is-style-default\"><img decoding=\"async\" data-id=\"13907\" src=\"https:\/\/bojornal.pt\/wp-content\/uploads\/2024\/06\/DSC4254-1024x681.jpg\" alt=\"\" class=\"wp-image-13907\"\/><\/figure>\n\n\n\n<figure class=\"wp-block-image size-large is-style-default\"><img loading=\"lazy\" decoding=\"async\" width=\"1024\" height=\"681\" data-id=\"13905\" src=\"https:\/\/bojornal.pt\/wp-content\/uploads\/2024\/06\/DSC4279-1-1024x681.jpg\" alt=\"\" class=\"wp-image-13905\" srcset=\"https:\/\/bojornal.pt\/wp-content\/uploads\/2024\/06\/DSC4279-1-1024x681.jpg 1024w, https:\/\/bojornal.pt\/wp-content\/uploads\/2024\/06\/DSC4279-1-300x199.jpg 300w, https:\/\/bojornal.pt\/wp-content\/uploads\/2024\/06\/DSC4279-1-150x100.jpg 150w, https:\/\/bojornal.pt\/wp-content\/uploads\/2024\/06\/DSC4279-1-768x511.jpg 768w, https:\/\/bojornal.pt\/wp-content\/uploads\/2024\/06\/DSC4279-1-1536x1021.jpg 1536w, https:\/\/bojornal.pt\/wp-content\/uploads\/2024\/06\/DSC4279-1-2048x1362.jpg 2048w\" sizes=\"auto, (max-width: 1024px) 100vw, 1024px\" \/><\/figure>\n<\/figure>\n\n\n\n<figure class=\"wp-block-gallery has-nested-images columns-default is-cropped wp-block-gallery-3 is-layout-flex wp-block-gallery-is-layout-flex\">\n<figure class=\"wp-block-image size-large is-style-default\"><img decoding=\"async\" data-id=\"13910\" src=\"https:\/\/bojornal.pt\/wp-content\/uploads\/2024\/06\/DSC4305-1024x681.jpg\" alt=\"\" class=\"wp-image-13910\"\/><\/figure>\n\n\n\n<figure class=\"wp-block-image size-large is-style-default\"><img decoding=\"async\" data-id=\"13908\" src=\"https:\/\/bojornal.pt\/wp-content\/uploads\/2024\/06\/DSC4322-1024x681.jpg\" alt=\"\" class=\"wp-image-13908\"\/><\/figure>\n\n\n\n<figure class=\"wp-block-image size-large is-style-default\"><img decoding=\"async\" data-id=\"13909\" src=\"https:\/\/bojornal.pt\/wp-content\/uploads\/2024\/06\/DSC4349-1024x681.jpg\" alt=\"\" class=\"wp-image-13909\"\/><\/figure>\n<\/figure>\n\n\n\n<figure class=\"wp-block-gallery has-nested-images columns-default is-cropped wp-block-gallery-4 is-layout-flex wp-block-gallery-is-layout-flex\">\n<figure class=\"wp-block-image size-large is-style-default\"><img decoding=\"async\" data-id=\"13911\" src=\"https:\/\/bojornal.pt\/wp-content\/uploads\/2024\/06\/DSC4238-1-1024x681.jpg\" alt=\"\" class=\"wp-image-13911\"\/><\/figure>\n\n\n\n<figure class=\"wp-block-image size-large is-style-default\"><img decoding=\"async\" data-id=\"13913\" src=\"https:\/\/bojornal.pt\/wp-content\/uploads\/2024\/06\/DSC4415-1024x681.jpg\" alt=\"\" class=\"wp-image-13913\"\/><\/figure>\n\n\n\n<figure class=\"wp-block-image size-large is-style-default\"><img decoding=\"async\" data-id=\"13915\" src=\"https:\/\/bojornal.pt\/wp-content\/uploads\/2024\/06\/DSC4429-1024x681.jpg\" alt=\"\" class=\"wp-image-13915\"\/><\/figure>\n\n\n\n<figure class=\"wp-block-image size-large is-style-default\"><img decoding=\"async\" data-id=\"13914\" src=\"https:\/\/bojornal.pt\/wp-content\/uploads\/2024\/06\/DSC4433-1024x681.jpg\" alt=\"\" class=\"wp-image-13914\"\/><\/figure>\n\n\n\n<figure class=\"wp-block-image size-large is-style-default\"><img decoding=\"async\" data-id=\"13912\" src=\"https:\/\/bojornal.pt\/wp-content\/uploads\/2024\/06\/DSC4482-1024x681.jpg\" alt=\"\" class=\"wp-image-13912\"\/><\/figure>\n<\/figure>\n","protected":false},"excerpt":{"rendered":"<p>Associa\u00e7\u00e3o de Estudantes promoveu Gala Final de Ano dedicada \u00e0 m\u00fasica portuguesa, desde a d\u00e9cada de 70 A Associa\u00e7\u00e3o de Estudantes da Escola Em\u00eddio Garcia organizou a Gala Final de Ano, denominada R\u00c9CITA DE&#46;&#46;&#46;<\/p>\n","protected":false},"author":2,"featured_media":13894,"comment_status":"closed","ping_status":"open","sticky":false,"template":"","format":"standard","meta":{"footnotes":""},"categories":[14,27,2,9,13,16],"tags":[],"class_list":["post-13889","post","type-post","status-publish","format-standard","has-post-thumbnail","hentry","category-1o-ciclo","category-aeeg","category-atualidade","category-em-foco","category-escola-paulo-quintela","category-escola-secundaria-emidio-garcia"],"_links":{"self":[{"href":"https:\/\/bojornal.pt\/index.php?rest_route=\/wp\/v2\/posts\/13889","targetHints":{"allow":["GET"]}}],"collection":[{"href":"https:\/\/bojornal.pt\/index.php?rest_route=\/wp\/v2\/posts"}],"about":[{"href":"https:\/\/bojornal.pt\/index.php?rest_route=\/wp\/v2\/types\/post"}],"author":[{"embeddable":true,"href":"https:\/\/bojornal.pt\/index.php?rest_route=\/wp\/v2\/users\/2"}],"replies":[{"embeddable":true,"href":"https:\/\/bojornal.pt\/index.php?rest_route=%2Fwp%2Fv2%2Fcomments&post=13889"}],"version-history":[{"count":0,"href":"https:\/\/bojornal.pt\/index.php?rest_route=\/wp\/v2\/posts\/13889\/revisions"}],"wp:featuredmedia":[{"embeddable":true,"href":"https:\/\/bojornal.pt\/index.php?rest_route=\/wp\/v2\/media\/13894"}],"wp:attachment":[{"href":"https:\/\/bojornal.pt\/index.php?rest_route=%2Fwp%2Fv2%2Fmedia&parent=13889"}],"wp:term":[{"taxonomy":"category","embeddable":true,"href":"https:\/\/bojornal.pt\/index.php?rest_route=%2Fwp%2Fv2%2Fcategories&post=13889"},{"taxonomy":"post_tag","embeddable":true,"href":"https:\/\/bojornal.pt\/index.php?rest_route=%2Fwp%2Fv2%2Ftags&post=13889"}],"curies":[{"name":"wp","href":"https:\/\/api.w.org\/{rel}","templated":true}]}}