{"id":13877,"date":"2024-05-13T00:29:00","date_gmt":"2024-05-12T23:29:00","guid":{"rendered":"https:\/\/bojornal.pt\/?p=13877"},"modified":"2024-05-15T00:33:58","modified_gmt":"2024-05-14T23:33:58","slug":"agrupamento-presente-na-feira-do-emprego","status":"publish","type":"post","link":"https:\/\/bojornal.pt\/?p=13877","title":{"rendered":"Agrupamento presente na Feira do Emprego"},"content":{"rendered":"\n<p><strong><em>Em\u00eddio Garcia n\u00e3o podia faltar \u00e0 Feira do Emprego e da Forma\u00e7\u00e3o<\/em><\/strong><\/p>\n\n\n\n<figure class=\"wp-block-gallery has-nested-images columns-default is-cropped wp-block-gallery-1 is-layout-flex wp-block-gallery-is-layout-flex\">\n<figure class=\"wp-block-image\"><img decoding=\"async\" src=\"blob:https:\/\/bojornal.pt\/1a8d809d-7fda-4a18-97dd-cb2496cd16a5\" alt=\"\"\/><\/figure>\n\n\n\n<figure class=\"wp-block-image size-large\"><img loading=\"lazy\" decoding=\"async\" width=\"768\" height=\"1024\" data-id=\"13880\" src=\"https:\/\/bojornal.pt\/wp-content\/uploads\/2024\/05\/WhatsApp-Image-2024-05-09-at-16.38.42-768x1024.jpeg\" alt=\"\" class=\"wp-image-13880\" srcset=\"https:\/\/bojornal.pt\/wp-content\/uploads\/2024\/05\/WhatsApp-Image-2024-05-09-at-16.38.42-768x1024.jpeg 768w, https:\/\/bojornal.pt\/wp-content\/uploads\/2024\/05\/WhatsApp-Image-2024-05-09-at-16.38.42-225x300.jpeg 225w, https:\/\/bojornal.pt\/wp-content\/uploads\/2024\/05\/WhatsApp-Image-2024-05-09-at-16.38.42-113x150.jpeg 113w, https:\/\/bojornal.pt\/wp-content\/uploads\/2024\/05\/WhatsApp-Image-2024-05-09-at-16.38.42-1152x1536.jpeg 1152w, https:\/\/bojornal.pt\/wp-content\/uploads\/2024\/05\/WhatsApp-Image-2024-05-09-at-16.38.42.jpeg 1536w\" sizes=\"auto, (max-width: 768px) 100vw, 768px\" \/><\/figure>\n\n\n\n<figure class=\"wp-block-image size-large\"><img loading=\"lazy\" decoding=\"async\" width=\"1024\" height=\"768\" data-id=\"13882\" src=\"https:\/\/bojornal.pt\/wp-content\/uploads\/2024\/05\/WhatsApp-Image-2024-05-08-at-16.01.47-5-1024x768.jpeg\" alt=\"\" class=\"wp-image-13882\" srcset=\"https:\/\/bojornal.pt\/wp-content\/uploads\/2024\/05\/WhatsApp-Image-2024-05-08-at-16.01.47-5-1024x768.jpeg 1024w, https:\/\/bojornal.pt\/wp-content\/uploads\/2024\/05\/WhatsApp-Image-2024-05-08-at-16.01.47-5-300x225.jpeg 300w, https:\/\/bojornal.pt\/wp-content\/uploads\/2024\/05\/WhatsApp-Image-2024-05-08-at-16.01.47-5-150x113.jpeg 150w, https:\/\/bojornal.pt\/wp-content\/uploads\/2024\/05\/WhatsApp-Image-2024-05-08-at-16.01.47-5-768x576.jpeg 768w, https:\/\/bojornal.pt\/wp-content\/uploads\/2024\/05\/WhatsApp-Image-2024-05-08-at-16.01.47-5-1536x1152.jpeg 1536w, https:\/\/bojornal.pt\/wp-content\/uploads\/2024\/05\/WhatsApp-Image-2024-05-08-at-16.01.47-5.jpeg 1600w\" sizes=\"auto, (max-width: 1024px) 100vw, 1024px\" \/><\/figure>\n\n\n\n<figure class=\"wp-block-image size-large\"><img loading=\"lazy\" decoding=\"async\" width=\"1024\" height=\"768\" data-id=\"13881\" src=\"https:\/\/bojornal.pt\/wp-content\/uploads\/2024\/05\/WhatsApp-Image-2024-05-08-at-16.01.47-4-1024x768.jpeg\" alt=\"\" class=\"wp-image-13881\" srcset=\"https:\/\/bojornal.pt\/wp-content\/uploads\/2024\/05\/WhatsApp-Image-2024-05-08-at-16.01.47-4-1024x768.jpeg 1024w, https:\/\/bojornal.pt\/wp-content\/uploads\/2024\/05\/WhatsApp-Image-2024-05-08-at-16.01.47-4-300x225.jpeg 300w, https:\/\/bojornal.pt\/wp-content\/uploads\/2024\/05\/WhatsApp-Image-2024-05-08-at-16.01.47-4-150x113.jpeg 150w, https:\/\/bojornal.pt\/wp-content\/uploads\/2024\/05\/WhatsApp-Image-2024-05-08-at-16.01.47-4-768x576.jpeg 768w, https:\/\/bojornal.pt\/wp-content\/uploads\/2024\/05\/WhatsApp-Image-2024-05-08-at-16.01.47-4-1536x1152.jpeg 1536w, https:\/\/bojornal.pt\/wp-content\/uploads\/2024\/05\/WhatsApp-Image-2024-05-08-at-16.01.47-4.jpeg 1600w\" sizes=\"auto, (max-width: 1024px) 100vw, 1024px\" \/><\/figure>\n\n\n\n<figure class=\"wp-block-image size-large\"><img loading=\"lazy\" decoding=\"async\" width=\"1024\" height=\"768\" data-id=\"13884\" src=\"https:\/\/bojornal.pt\/wp-content\/uploads\/2024\/05\/WhatsApp-Image-2024-05-08-at-16.01.47-3-1024x768.jpeg\" alt=\"\" class=\"wp-image-13884\" srcset=\"https:\/\/bojornal.pt\/wp-content\/uploads\/2024\/05\/WhatsApp-Image-2024-05-08-at-16.01.47-3-1024x768.jpeg 1024w, https:\/\/bojornal.pt\/wp-content\/uploads\/2024\/05\/WhatsApp-Image-2024-05-08-at-16.01.47-3-300x225.jpeg 300w, https:\/\/bojornal.pt\/wp-content\/uploads\/2024\/05\/WhatsApp-Image-2024-05-08-at-16.01.47-3-150x113.jpeg 150w, https:\/\/bojornal.pt\/wp-content\/uploads\/2024\/05\/WhatsApp-Image-2024-05-08-at-16.01.47-3-768x576.jpeg 768w, https:\/\/bojornal.pt\/wp-content\/uploads\/2024\/05\/WhatsApp-Image-2024-05-08-at-16.01.47-3-1536x1152.jpeg 1536w, https:\/\/bojornal.pt\/wp-content\/uploads\/2024\/05\/WhatsApp-Image-2024-05-08-at-16.01.47-3.jpeg 1600w\" sizes=\"auto, (max-width: 1024px) 100vw, 1024px\" \/><\/figure>\n\n\n\n<figure class=\"wp-block-image size-large\"><img loading=\"lazy\" decoding=\"async\" width=\"1024\" height=\"576\" data-id=\"13883\" src=\"https:\/\/bojornal.pt\/wp-content\/uploads\/2024\/05\/WhatsApp-Image-2024-05-08-at-16.01.47-2-1024x576.jpeg\" alt=\"\" class=\"wp-image-13883\" srcset=\"https:\/\/bojornal.pt\/wp-content\/uploads\/2024\/05\/WhatsApp-Image-2024-05-08-at-16.01.47-2-1024x576.jpeg 1024w, https:\/\/bojornal.pt\/wp-content\/uploads\/2024\/05\/WhatsApp-Image-2024-05-08-at-16.01.47-2-300x169.jpeg 300w, https:\/\/bojornal.pt\/wp-content\/uploads\/2024\/05\/WhatsApp-Image-2024-05-08-at-16.01.47-2-150x84.jpeg 150w, https:\/\/bojornal.pt\/wp-content\/uploads\/2024\/05\/WhatsApp-Image-2024-05-08-at-16.01.47-2-768x432.jpeg 768w, https:\/\/bojornal.pt\/wp-content\/uploads\/2024\/05\/WhatsApp-Image-2024-05-08-at-16.01.47-2-1536x864.jpeg 1536w, https:\/\/bojornal.pt\/wp-content\/uploads\/2024\/05\/WhatsApp-Image-2024-05-08-at-16.01.47-2.jpeg 1600w\" sizes=\"auto, (max-width: 1024px) 100vw, 1024px\" \/><\/figure>\n\n\n\n<figure class=\"wp-block-image size-large\"><img loading=\"lazy\" decoding=\"async\" width=\"1024\" height=\"576\" data-id=\"13879\" src=\"https:\/\/bojornal.pt\/wp-content\/uploads\/2024\/05\/WhatsApp-Image-2024-05-08-at-16.01.47-1-1024x576.jpeg\" alt=\"\" class=\"wp-image-13879\" srcset=\"https:\/\/bojornal.pt\/wp-content\/uploads\/2024\/05\/WhatsApp-Image-2024-05-08-at-16.01.47-1-1024x576.jpeg 1024w, https:\/\/bojornal.pt\/wp-content\/uploads\/2024\/05\/WhatsApp-Image-2024-05-08-at-16.01.47-1-300x169.jpeg 300w, https:\/\/bojornal.pt\/wp-content\/uploads\/2024\/05\/WhatsApp-Image-2024-05-08-at-16.01.47-1-150x84.jpeg 150w, https:\/\/bojornal.pt\/wp-content\/uploads\/2024\/05\/WhatsApp-Image-2024-05-08-at-16.01.47-1-768x432.jpeg 768w, https:\/\/bojornal.pt\/wp-content\/uploads\/2024\/05\/WhatsApp-Image-2024-05-08-at-16.01.47-1-1536x864.jpeg 1536w, https:\/\/bojornal.pt\/wp-content\/uploads\/2024\/05\/WhatsApp-Image-2024-05-08-at-16.01.47-1.jpeg 1600w\" sizes=\"auto, (max-width: 1024px) 100vw, 1024px\" \/><\/figure>\n\n\n\n<figure class=\"wp-block-image size-large\"><img loading=\"lazy\" decoding=\"async\" width=\"1024\" height=\"576\" data-id=\"13878\" src=\"https:\/\/bojornal.pt\/wp-content\/uploads\/2024\/05\/WhatsApp-Image-2024-05-08-at-16.01.47-1024x576.jpeg\" alt=\"\" class=\"wp-image-13878\" srcset=\"https:\/\/bojornal.pt\/wp-content\/uploads\/2024\/05\/WhatsApp-Image-2024-05-08-at-16.01.47-1024x576.jpeg 1024w, https:\/\/bojornal.pt\/wp-content\/uploads\/2024\/05\/WhatsApp-Image-2024-05-08-at-16.01.47-300x169.jpeg 300w, https:\/\/bojornal.pt\/wp-content\/uploads\/2024\/05\/WhatsApp-Image-2024-05-08-at-16.01.47-150x84.jpeg 150w, https:\/\/bojornal.pt\/wp-content\/uploads\/2024\/05\/WhatsApp-Image-2024-05-08-at-16.01.47-768x432.jpeg 768w, https:\/\/bojornal.pt\/wp-content\/uploads\/2024\/05\/WhatsApp-Image-2024-05-08-at-16.01.47-1536x864.jpeg 1536w, https:\/\/bojornal.pt\/wp-content\/uploads\/2024\/05\/WhatsApp-Image-2024-05-08-at-16.01.47.jpeg 1600w\" sizes=\"auto, (max-width: 1024px) 100vw, 1024px\" \/><\/figure>\n<\/figure>\n\n\n\n<p>\u00c0 imagem de anos anteriores, o Agrupamento de Escolas Em\u00eddio Garcia respondeu afirmativamente ao convite para estar presente na Feira do Emprego e da Forma\u00e7\u00e3o. As alunas do Liceu participaram ainda atrav\u00e9s da apresenta\u00e7\u00e3o de alguns n\u00fameros de dan\u00e7a.<\/p>\n","protected":false},"excerpt":{"rendered":"<p>Em\u00eddio Garcia n\u00e3o podia faltar \u00e0 Feira do Emprego e da Forma\u00e7\u00e3o \u00c0 imagem de anos anteriores, o Agrupamento de Escolas Em\u00eddio Garcia respondeu afirmativamente ao convite para estar presente na Feira do Emprego&#46;&#46;&#46;<\/p>\n","protected":false},"author":2,"featured_media":13879,"comment_status":"closed","ping_status":"open","sticky":false,"template":"","format":"standard","meta":{"footnotes":""},"categories":[2,9,16],"tags":[],"class_list":["post-13877","post","type-post","status-publish","format-standard","has-post-thumbnail","hentry","category-atualidade","category-em-foco","category-escola-secundaria-emidio-garcia"],"_links":{"self":[{"href":"https:\/\/bojornal.pt\/index.php?rest_route=\/wp\/v2\/posts\/13877","targetHints":{"allow":["GET"]}}],"collection":[{"href":"https:\/\/bojornal.pt\/index.php?rest_route=\/wp\/v2\/posts"}],"about":[{"href":"https:\/\/bojornal.pt\/index.php?rest_route=\/wp\/v2\/types\/post"}],"author":[{"embeddable":true,"href":"https:\/\/bojornal.pt\/index.php?rest_route=\/wp\/v2\/users\/2"}],"replies":[{"embeddable":true,"href":"https:\/\/bojornal.pt\/index.php?rest_route=%2Fwp%2Fv2%2Fcomments&post=13877"}],"version-history":[{"count":0,"href":"https:\/\/bojornal.pt\/index.php?rest_route=\/wp\/v2\/posts\/13877\/revisions"}],"wp:featuredmedia":[{"embeddable":true,"href":"https:\/\/bojornal.pt\/index.php?rest_route=\/wp\/v2\/media\/13879"}],"wp:attachment":[{"href":"https:\/\/bojornal.pt\/index.php?rest_route=%2Fwp%2Fv2%2Fmedia&parent=13877"}],"wp:term":[{"taxonomy":"category","embeddable":true,"href":"https:\/\/bojornal.pt\/index.php?rest_route=%2Fwp%2Fv2%2Fcategories&post=13877"},{"taxonomy":"post_tag","embeddable":true,"href":"https:\/\/bojornal.pt\/index.php?rest_route=%2Fwp%2Fv2%2Ftags&post=13877"}],"curies":[{"name":"wp","href":"https:\/\/api.w.org\/{rel}","templated":true}]}}