{"id":13870,"date":"2024-05-12T11:18:00","date_gmt":"2024-05-12T10:18:00","guid":{"rendered":"https:\/\/bojornal.pt\/?p=13870"},"modified":"2024-05-15T00:23:40","modified_gmt":"2024-05-14T23:23:40","slug":"inteligencia-artificial-em-debate","status":"publish","type":"post","link":"https:\/\/bojornal.pt\/?p=13870","title":{"rendered":"Intelig\u00eancia Artificial em debate"},"content":{"rendered":"\n<p><strong><em>Eduardo Ramos, ex-aluno do A.E. Em\u00eddio Garcia apresentou tema aos docentes<\/em><\/strong><\/p>\n\n\n\n<figure class=\"wp-block-gallery has-nested-images columns-default is-cropped wp-block-gallery-1 is-layout-flex wp-block-gallery-is-layout-flex\">\n<figure class=\"wp-block-image size-large is-style-default\"><img loading=\"lazy\" decoding=\"async\" width=\"1024\" height=\"461\" data-id=\"13872\" src=\"https:\/\/bojornal.pt\/wp-content\/uploads\/2024\/05\/WhatsApp-Image-2024-05-08-at-18.52.35-1-1024x461.jpeg\" alt=\"\" class=\"wp-image-13872\" srcset=\"https:\/\/bojornal.pt\/wp-content\/uploads\/2024\/05\/WhatsApp-Image-2024-05-08-at-18.52.35-1-1024x461.jpeg 1024w, https:\/\/bojornal.pt\/wp-content\/uploads\/2024\/05\/WhatsApp-Image-2024-05-08-at-18.52.35-1-300x135.jpeg 300w, https:\/\/bojornal.pt\/wp-content\/uploads\/2024\/05\/WhatsApp-Image-2024-05-08-at-18.52.35-1-150x68.jpeg 150w, https:\/\/bojornal.pt\/wp-content\/uploads\/2024\/05\/WhatsApp-Image-2024-05-08-at-18.52.35-1-768x346.jpeg 768w, https:\/\/bojornal.pt\/wp-content\/uploads\/2024\/05\/WhatsApp-Image-2024-05-08-at-18.52.35-1-1536x691.jpeg 1536w, https:\/\/bojornal.pt\/wp-content\/uploads\/2024\/05\/WhatsApp-Image-2024-05-08-at-18.52.35-1.jpeg 2000w\" sizes=\"auto, (max-width: 1024px) 100vw, 1024px\" \/><\/figure>\n\n\n\n<figure class=\"wp-block-image size-large is-style-default\"><img loading=\"lazy\" decoding=\"async\" width=\"1024\" height=\"461\" data-id=\"13871\" src=\"https:\/\/bojornal.pt\/wp-content\/uploads\/2024\/05\/WhatsApp-Image-2024-05-08-at-18.52.35-1024x461.jpeg\" alt=\"\" class=\"wp-image-13871\" srcset=\"https:\/\/bojornal.pt\/wp-content\/uploads\/2024\/05\/WhatsApp-Image-2024-05-08-at-18.52.35-1024x461.jpeg 1024w, https:\/\/bojornal.pt\/wp-content\/uploads\/2024\/05\/WhatsApp-Image-2024-05-08-at-18.52.35-300x135.jpeg 300w, https:\/\/bojornal.pt\/wp-content\/uploads\/2024\/05\/WhatsApp-Image-2024-05-08-at-18.52.35-150x68.jpeg 150w, https:\/\/bojornal.pt\/wp-content\/uploads\/2024\/05\/WhatsApp-Image-2024-05-08-at-18.52.35-768x346.jpeg 768w, https:\/\/bojornal.pt\/wp-content\/uploads\/2024\/05\/WhatsApp-Image-2024-05-08-at-18.52.35-1536x691.jpeg 1536w, https:\/\/bojornal.pt\/wp-content\/uploads\/2024\/05\/WhatsApp-Image-2024-05-08-at-18.52.35.jpeg 2000w\" sizes=\"auto, (max-width: 1024px) 100vw, 1024px\" \/><\/figure>\n<\/figure>\n\n\n\n<p>No dia 8 de maio, o nosso agrupamento de escolas teve o prazer de receber o ex-aluno Eduardo Tronjo Ramos, mestrando em Engenharia Inform\u00e1tica e Computa\u00e7\u00e3o da FEUP, para uma sess\u00e3o dedicada \u00e0 tem\u00e1tica da Intelig\u00eancia Artificial.<\/p>\n\n\n\n<p>A sess\u00e3o, dirigida aos docentes, teve como objetivo principal abordar a import\u00e2ncia da IA no mundo contempor\u00e2neo, destacando a sua utiliza\u00e7\u00e3o no \u00e2mbito do ensino e na relev\u00e2ncia do seu uso \u00e9tico.<\/p>\n\n\n\n<p>A sess\u00e3o foi recebida com grande entusiasmo pelos docentes, que tiveram a oportunidade de aprofundar os seus conhecimentos nesta \u00e1rea em r\u00e1pida expans\u00e3o e refletir sobre as suas implica\u00e7\u00f5es para o futuro da educa\u00e7\u00e3o.<\/p>\n\n\n\n<p>Agradecemos ao Eduardo Tronjo Ramos pela sua disponibilidade e pelo conhecimento partilhado junto dos docentes.<\/p>\n\n\n\n<figure class=\"wp-block-gallery has-nested-images columns-default is-cropped wp-block-gallery-2 is-layout-flex wp-block-gallery-is-layout-flex\">\n<figure class=\"wp-block-image size-large is-style-default\"><img loading=\"lazy\" decoding=\"async\" width=\"1024\" height=\"461\" data-id=\"13873\" src=\"https:\/\/bojornal.pt\/wp-content\/uploads\/2024\/05\/WhatsApp-Image-2024-05-08-at-18.52.35-2-1024x461.jpeg\" alt=\"\" class=\"wp-image-13873\" srcset=\"https:\/\/bojornal.pt\/wp-content\/uploads\/2024\/05\/WhatsApp-Image-2024-05-08-at-18.52.35-2-1024x461.jpeg 1024w, https:\/\/bojornal.pt\/wp-content\/uploads\/2024\/05\/WhatsApp-Image-2024-05-08-at-18.52.35-2-300x135.jpeg 300w, https:\/\/bojornal.pt\/wp-content\/uploads\/2024\/05\/WhatsApp-Image-2024-05-08-at-18.52.35-2-150x68.jpeg 150w, https:\/\/bojornal.pt\/wp-content\/uploads\/2024\/05\/WhatsApp-Image-2024-05-08-at-18.52.35-2-768x346.jpeg 768w, https:\/\/bojornal.pt\/wp-content\/uploads\/2024\/05\/WhatsApp-Image-2024-05-08-at-18.52.35-2-1536x691.jpeg 1536w, https:\/\/bojornal.pt\/wp-content\/uploads\/2024\/05\/WhatsApp-Image-2024-05-08-at-18.52.35-2.jpeg 2000w\" sizes=\"auto, (max-width: 1024px) 100vw, 1024px\" \/><\/figure>\n\n\n\n<figure class=\"wp-block-image size-large is-style-default\"><img loading=\"lazy\" decoding=\"async\" width=\"1024\" height=\"461\" data-id=\"13874\" src=\"https:\/\/bojornal.pt\/wp-content\/uploads\/2024\/05\/WhatsApp-Image-2024-05-08-at-18.52.34-1024x461.jpeg\" alt=\"\" class=\"wp-image-13874\" srcset=\"https:\/\/bojornal.pt\/wp-content\/uploads\/2024\/05\/WhatsApp-Image-2024-05-08-at-18.52.34-1024x461.jpeg 1024w, https:\/\/bojornal.pt\/wp-content\/uploads\/2024\/05\/WhatsApp-Image-2024-05-08-at-18.52.34-300x135.jpeg 300w, https:\/\/bojornal.pt\/wp-content\/uploads\/2024\/05\/WhatsApp-Image-2024-05-08-at-18.52.34-150x67.jpeg 150w, https:\/\/bojornal.pt\/wp-content\/uploads\/2024\/05\/WhatsApp-Image-2024-05-08-at-18.52.34-768x345.jpeg 768w, https:\/\/bojornal.pt\/wp-content\/uploads\/2024\/05\/WhatsApp-Image-2024-05-08-at-18.52.34-1536x691.jpeg 1536w, https:\/\/bojornal.pt\/wp-content\/uploads\/2024\/05\/WhatsApp-Image-2024-05-08-at-18.52.34.jpeg 2048w\" sizes=\"auto, (max-width: 1024px) 100vw, 1024px\" \/><\/figure>\n<\/figure>\n","protected":false},"excerpt":{"rendered":"<p>Eduardo Ramos, ex-aluno do A.E. Em\u00eddio Garcia apresentou tema aos docentes No dia 8 de maio, o nosso agrupamento de escolas teve o prazer de receber o ex-aluno Eduardo Tronjo Ramos, mestrando em Engenharia&#46;&#46;&#46;<\/p>\n","protected":false},"author":2,"featured_media":13872,"comment_status":"closed","ping_status":"open","sticky":false,"template":"","format":"standard","meta":{"footnotes":""},"categories":[16],"tags":[],"class_list":["post-13870","post","type-post","status-publish","format-standard","has-post-thumbnail","hentry","category-escola-secundaria-emidio-garcia"],"_links":{"self":[{"href":"https:\/\/bojornal.pt\/index.php?rest_route=\/wp\/v2\/posts\/13870","targetHints":{"allow":["GET"]}}],"collection":[{"href":"https:\/\/bojornal.pt\/index.php?rest_route=\/wp\/v2\/posts"}],"about":[{"href":"https:\/\/bojornal.pt\/index.php?rest_route=\/wp\/v2\/types\/post"}],"author":[{"embeddable":true,"href":"https:\/\/bojornal.pt\/index.php?rest_route=\/wp\/v2\/users\/2"}],"replies":[{"embeddable":true,"href":"https:\/\/bojornal.pt\/index.php?rest_route=%2Fwp%2Fv2%2Fcomments&post=13870"}],"version-history":[{"count":0,"href":"https:\/\/bojornal.pt\/index.php?rest_route=\/wp\/v2\/posts\/13870\/revisions"}],"wp:featuredmedia":[{"embeddable":true,"href":"https:\/\/bojornal.pt\/index.php?rest_route=\/wp\/v2\/media\/13872"}],"wp:attachment":[{"href":"https:\/\/bojornal.pt\/index.php?rest_route=%2Fwp%2Fv2%2Fmedia&parent=13870"}],"wp:term":[{"taxonomy":"category","embeddable":true,"href":"https:\/\/bojornal.pt\/index.php?rest_route=%2Fwp%2Fv2%2Fcategories&post=13870"},{"taxonomy":"post_tag","embeddable":true,"href":"https:\/\/bojornal.pt\/index.php?rest_route=%2Fwp%2Fv2%2Ftags&post=13870"}],"curies":[{"name":"wp","href":"https:\/\/api.w.org\/{rel}","templated":true}]}}