{"id":13859,"date":"2024-05-14T11:03:00","date_gmt":"2024-05-14T10:03:00","guid":{"rendered":"https:\/\/bojornal.pt\/?p=13859"},"modified":"2024-05-15T00:17:45","modified_gmt":"2024-05-14T23:17:45","slug":"badminton-apuradas-para-o-nacional","status":"publish","type":"post","link":"https:\/\/bojornal.pt\/?p=13859","title":{"rendered":"Badminton: apuradas para o Nacional"},"content":{"rendered":"\n<p><strong><em>Alunas do Liceu sagraram-se vice-campe\u00e3s e v\u00e3o agora \u00e0 competi\u00e7\u00e3o nacional, no Algarve<\/em><\/strong><\/p>\n\n\n\n<figure class=\"wp-block-gallery has-nested-images columns-default is-cropped wp-block-gallery-1 is-layout-flex wp-block-gallery-is-layout-flex\">\n<figure class=\"wp-block-image size-large is-style-default\"><img loading=\"lazy\" decoding=\"async\" width=\"1024\" height=\"768\" data-id=\"13861\" src=\"https:\/\/bojornal.pt\/wp-content\/uploads\/2024\/05\/WhatsApp-Image-2024-05-11-at-20.08.19-1-1024x768.jpeg\" alt=\"\" class=\"wp-image-13861\" srcset=\"https:\/\/bojornal.pt\/wp-content\/uploads\/2024\/05\/WhatsApp-Image-2024-05-11-at-20.08.19-1-1024x768.jpeg 1024w, https:\/\/bojornal.pt\/wp-content\/uploads\/2024\/05\/WhatsApp-Image-2024-05-11-at-20.08.19-1-300x225.jpeg 300w, https:\/\/bojornal.pt\/wp-content\/uploads\/2024\/05\/WhatsApp-Image-2024-05-11-at-20.08.19-1-150x113.jpeg 150w, https:\/\/bojornal.pt\/wp-content\/uploads\/2024\/05\/WhatsApp-Image-2024-05-11-at-20.08.19-1-768x576.jpeg 768w, https:\/\/bojornal.pt\/wp-content\/uploads\/2024\/05\/WhatsApp-Image-2024-05-11-at-20.08.19-1-1536x1152.jpeg 1536w, https:\/\/bojornal.pt\/wp-content\/uploads\/2024\/05\/WhatsApp-Image-2024-05-11-at-20.08.19-1.jpeg 2000w\" sizes=\"auto, (max-width: 1024px) 100vw, 1024px\" \/><\/figure>\n\n\n\n<figure class=\"wp-block-image size-large is-style-default\"><img loading=\"lazy\" decoding=\"async\" width=\"1024\" height=\"768\" data-id=\"13860\" src=\"https:\/\/bojornal.pt\/wp-content\/uploads\/2024\/05\/WhatsApp-Image-2024-05-11-at-20.08.19-1024x768.jpeg\" alt=\"\" class=\"wp-image-13860\" srcset=\"https:\/\/bojornal.pt\/wp-content\/uploads\/2024\/05\/WhatsApp-Image-2024-05-11-at-20.08.19-1024x768.jpeg 1024w, https:\/\/bojornal.pt\/wp-content\/uploads\/2024\/05\/WhatsApp-Image-2024-05-11-at-20.08.19-300x225.jpeg 300w, https:\/\/bojornal.pt\/wp-content\/uploads\/2024\/05\/WhatsApp-Image-2024-05-11-at-20.08.19-150x113.jpeg 150w, https:\/\/bojornal.pt\/wp-content\/uploads\/2024\/05\/WhatsApp-Image-2024-05-11-at-20.08.19-768x576.jpeg 768w, https:\/\/bojornal.pt\/wp-content\/uploads\/2024\/05\/WhatsApp-Image-2024-05-11-at-20.08.19-1536x1152.jpeg 1536w, https:\/\/bojornal.pt\/wp-content\/uploads\/2024\/05\/WhatsApp-Image-2024-05-11-at-20.08.19.jpeg 2000w\" sizes=\"auto, (max-width: 1024px) 100vw, 1024px\" \/><\/figure>\n\n\n\n<figure class=\"wp-block-image size-large is-style-default\"><img loading=\"lazy\" decoding=\"async\" width=\"1024\" height=\"768\" data-id=\"13862\" src=\"https:\/\/bojornal.pt\/wp-content\/uploads\/2024\/05\/WhatsApp-Image-2024-05-11-at-20.08.18-1024x768.jpeg\" alt=\"\" class=\"wp-image-13862\" srcset=\"https:\/\/bojornal.pt\/wp-content\/uploads\/2024\/05\/WhatsApp-Image-2024-05-11-at-20.08.18-1024x768.jpeg 1024w, https:\/\/bojornal.pt\/wp-content\/uploads\/2024\/05\/WhatsApp-Image-2024-05-11-at-20.08.18-300x225.jpeg 300w, https:\/\/bojornal.pt\/wp-content\/uploads\/2024\/05\/WhatsApp-Image-2024-05-11-at-20.08.18-150x113.jpeg 150w, https:\/\/bojornal.pt\/wp-content\/uploads\/2024\/05\/WhatsApp-Image-2024-05-11-at-20.08.18-768x576.jpeg 768w, https:\/\/bojornal.pt\/wp-content\/uploads\/2024\/05\/WhatsApp-Image-2024-05-11-at-20.08.18-1536x1152.jpeg 1536w, https:\/\/bojornal.pt\/wp-content\/uploads\/2024\/05\/WhatsApp-Image-2024-05-11-at-20.08.18.jpeg 2000w\" sizes=\"auto, (max-width: 1024px) 100vw, 1024px\" \/><\/figure>\n<\/figure>\n\n\n\n<p>As alunas da Escola Em\u00eddio Garcia estiveram em grande no Badminton, prova do Desporto Escolar. As nossas atletas sagraram-se vice campe\u00e3s regionais da modalidade, por equipas no escal\u00e3o de juvenil feminino, numa jornada realizada em Caminha, nos passados dias 10 e 11 de maio. Com esta presta\u00e7\u00e3o, a Escola Em\u00eddio Garcia apurou-se para o nacional, a realizar no Algarve (Portim\u00e3o) entre os dias 23 e 26 maio.<\/p>\n\n\n\n<p>\u00c9 a primeira equipa na Modalidade de badminton no distrito de Bragan\u00e7a a conseguir tal feito!!<\/p>\n\n\n\n<figure class=\"wp-block-gallery has-nested-images columns-default is-cropped wp-block-gallery-2 is-layout-flex wp-block-gallery-is-layout-flex\">\n<figure class=\"wp-block-image size-large is-style-default\"><img loading=\"lazy\" decoding=\"async\" width=\"1024\" height=\"768\" data-id=\"13868\" src=\"https:\/\/bojornal.pt\/wp-content\/uploads\/2024\/05\/WhatsApp-Image-2024-05-13-at-07.53.18-1024x768.jpeg\" alt=\"\" class=\"wp-image-13868\" srcset=\"https:\/\/bojornal.pt\/wp-content\/uploads\/2024\/05\/WhatsApp-Image-2024-05-13-at-07.53.18-1024x768.jpeg 1024w, https:\/\/bojornal.pt\/wp-content\/uploads\/2024\/05\/WhatsApp-Image-2024-05-13-at-07.53.18-300x225.jpeg 300w, https:\/\/bojornal.pt\/wp-content\/uploads\/2024\/05\/WhatsApp-Image-2024-05-13-at-07.53.18-150x113.jpeg 150w, https:\/\/bojornal.pt\/wp-content\/uploads\/2024\/05\/WhatsApp-Image-2024-05-13-at-07.53.18-768x576.jpeg 768w, https:\/\/bojornal.pt\/wp-content\/uploads\/2024\/05\/WhatsApp-Image-2024-05-13-at-07.53.18-1536x1152.jpeg 1536w, https:\/\/bojornal.pt\/wp-content\/uploads\/2024\/05\/WhatsApp-Image-2024-05-13-at-07.53.18.jpeg 1600w\" sizes=\"auto, (max-width: 1024px) 100vw, 1024px\" \/><\/figure>\n\n\n\n<figure class=\"wp-block-image size-large is-style-default\"><img loading=\"lazy\" decoding=\"async\" width=\"1024\" height=\"768\" data-id=\"13867\" src=\"https:\/\/bojornal.pt\/wp-content\/uploads\/2024\/05\/WhatsApp-Image-2024-05-13-at-07.56.49-1024x768.jpeg\" alt=\"\" class=\"wp-image-13867\" srcset=\"https:\/\/bojornal.pt\/wp-content\/uploads\/2024\/05\/WhatsApp-Image-2024-05-13-at-07.56.49-1024x768.jpeg 1024w, https:\/\/bojornal.pt\/wp-content\/uploads\/2024\/05\/WhatsApp-Image-2024-05-13-at-07.56.49-300x225.jpeg 300w, https:\/\/bojornal.pt\/wp-content\/uploads\/2024\/05\/WhatsApp-Image-2024-05-13-at-07.56.49-150x113.jpeg 150w, https:\/\/bojornal.pt\/wp-content\/uploads\/2024\/05\/WhatsApp-Image-2024-05-13-at-07.56.49-768x576.jpeg 768w, https:\/\/bojornal.pt\/wp-content\/uploads\/2024\/05\/WhatsApp-Image-2024-05-13-at-07.56.49-1536x1152.jpeg 1536w, https:\/\/bojornal.pt\/wp-content\/uploads\/2024\/05\/WhatsApp-Image-2024-05-13-at-07.56.49.jpeg 1600w\" sizes=\"auto, (max-width: 1024px) 100vw, 1024px\" \/><\/figure>\n<\/figure>\n","protected":false},"excerpt":{"rendered":"<p>Alunas do Liceu sagraram-se vice-campe\u00e3s e v\u00e3o agora \u00e0 competi\u00e7\u00e3o nacional, no Algarve As alunas da Escola Em\u00eddio Garcia estiveram em grande no Badminton, prova do Desporto Escolar. As nossas atletas sagraram-se vice campe\u00e3s&#46;&#46;&#46;<\/p>\n","protected":false},"author":2,"featured_media":13860,"comment_status":"closed","ping_status":"open","sticky":false,"template":"","format":"standard","meta":{"footnotes":""},"categories":[2,9,16],"tags":[],"class_list":["post-13859","post","type-post","status-publish","format-standard","has-post-thumbnail","hentry","category-atualidade","category-em-foco","category-escola-secundaria-emidio-garcia"],"_links":{"self":[{"href":"https:\/\/bojornal.pt\/index.php?rest_route=\/wp\/v2\/posts\/13859","targetHints":{"allow":["GET"]}}],"collection":[{"href":"https:\/\/bojornal.pt\/index.php?rest_route=\/wp\/v2\/posts"}],"about":[{"href":"https:\/\/bojornal.pt\/index.php?rest_route=\/wp\/v2\/types\/post"}],"author":[{"embeddable":true,"href":"https:\/\/bojornal.pt\/index.php?rest_route=\/wp\/v2\/users\/2"}],"replies":[{"embeddable":true,"href":"https:\/\/bojornal.pt\/index.php?rest_route=%2Fwp%2Fv2%2Fcomments&post=13859"}],"version-history":[{"count":0,"href":"https:\/\/bojornal.pt\/index.php?rest_route=\/wp\/v2\/posts\/13859\/revisions"}],"wp:featuredmedia":[{"embeddable":true,"href":"https:\/\/bojornal.pt\/index.php?rest_route=\/wp\/v2\/media\/13860"}],"wp:attachment":[{"href":"https:\/\/bojornal.pt\/index.php?rest_route=%2Fwp%2Fv2%2Fmedia&parent=13859"}],"wp:term":[{"taxonomy":"category","embeddable":true,"href":"https:\/\/bojornal.pt\/index.php?rest_route=%2Fwp%2Fv2%2Fcategories&post=13859"},{"taxonomy":"post_tag","embeddable":true,"href":"https:\/\/bojornal.pt\/index.php?rest_route=%2Fwp%2Fv2%2Ftags&post=13859"}],"curies":[{"name":"wp","href":"https:\/\/api.w.org\/{rel}","templated":true}]}}