{"id":13854,"date":"2024-05-14T23:58:03","date_gmt":"2024-05-14T22:58:03","guid":{"rendered":"https:\/\/bojornal.pt\/?p=13854"},"modified":"2024-05-14T23:58:05","modified_gmt":"2024-05-14T22:58:05","slug":"olimpiadas-de-quimica-alunos-da-escola-emidio-garcia-destacam-se","status":"publish","type":"post","link":"https:\/\/bojornal.pt\/?p=13854","title":{"rendered":"Olimp\u00edadas de Qu\u00edmica: alunos da Escola Em\u00eddio Garcia destacam-se."},"content":{"rendered":"\n<p><strong><em> Diogo Pires apurado para as Olimp\u00edadas Internacionais<\/em><\/strong><\/p>\n\n\n\n<figure class=\"wp-block-gallery has-nested-images columns-default is-cropped wp-block-gallery-1 is-layout-flex wp-block-gallery-is-layout-flex\">\n<figure class=\"wp-block-image size-large is-style-default\"><img loading=\"lazy\" decoding=\"async\" width=\"620\" height=\"864\" data-id=\"13855\" src=\"https:\/\/bojornal.pt\/wp-content\/uploads\/2024\/05\/MicrosoftTeams-image-2.jpg\" alt=\"\" class=\"wp-image-13855\" srcset=\"https:\/\/bojornal.pt\/wp-content\/uploads\/2024\/05\/MicrosoftTeams-image-2.jpg 620w, https:\/\/bojornal.pt\/wp-content\/uploads\/2024\/05\/MicrosoftTeams-image-2-215x300.jpg 215w, https:\/\/bojornal.pt\/wp-content\/uploads\/2024\/05\/MicrosoftTeams-image-2-108x150.jpg 108w\" sizes=\"auto, (max-width: 620px) 100vw, 620px\" \/><\/figure>\n<\/figure>\n\n\n\n<figure class=\"wp-block-gallery has-nested-images columns-default is-cropped wp-block-gallery-2 is-layout-flex wp-block-gallery-is-layout-flex\">\n<figure class=\"wp-block-image size-large is-style-default\"><img loading=\"lazy\" decoding=\"async\" width=\"964\" height=\"602\" data-id=\"13857\" src=\"https:\/\/bojornal.pt\/wp-content\/uploads\/2024\/05\/MicrosoftTeams-image-1-1.jpg\" alt=\"\" class=\"wp-image-13857\" srcset=\"https:\/\/bojornal.pt\/wp-content\/uploads\/2024\/05\/MicrosoftTeams-image-1-1.jpg 964w, https:\/\/bojornal.pt\/wp-content\/uploads\/2024\/05\/MicrosoftTeams-image-1-1-300x187.jpg 300w, https:\/\/bojornal.pt\/wp-content\/uploads\/2024\/05\/MicrosoftTeams-image-1-1-150x94.jpg 150w, https:\/\/bojornal.pt\/wp-content\/uploads\/2024\/05\/MicrosoftTeams-image-1-1-768x480.jpg 768w\" sizes=\"auto, (max-width: 964px) 100vw, 964px\" \/><\/figure>\n<\/figure>\n\n\n\n<p>No dia 11 de maio, s\u00e1bado, realizou-se em Aveiro a final nacional das olimp\u00edadas de Qu\u00edmica mais. A escola foi representada pelos alunos Jo\u00e3o Gomes (11 A) e Diogo Pires (10 B) depois da vit\u00f3ria na fase regional. Numa competi\u00e7\u00e3o que envolvia alunos de 10 e 11 ano ficou apurado para a prepara\u00e7\u00e3o para as olimp\u00edadas internacionais de Qu\u00edmica o aluno Diogo Pires. \u00a0<\/p>\n\n\n\n<p>Parab\u00e9ns Diogo\u2026<\/p>\n","protected":false},"excerpt":{"rendered":"<p>Diogo Pires apurado para as Olimp\u00edadas Internacionais No dia 11 de maio, s\u00e1bado, realizou-se em Aveiro a final nacional das olimp\u00edadas de Qu\u00edmica mais. A escola foi representada pelos alunos Jo\u00e3o Gomes (11 A)&#46;&#46;&#46;<\/p>\n","protected":false},"author":2,"featured_media":13857,"comment_status":"closed","ping_status":"open","sticky":false,"template":"","format":"standard","meta":{"footnotes":""},"categories":[2,9,16],"tags":[],"class_list":["post-13854","post","type-post","status-publish","format-standard","has-post-thumbnail","hentry","category-atualidade","category-em-foco","category-escola-secundaria-emidio-garcia"],"_links":{"self":[{"href":"https:\/\/bojornal.pt\/index.php?rest_route=\/wp\/v2\/posts\/13854","targetHints":{"allow":["GET"]}}],"collection":[{"href":"https:\/\/bojornal.pt\/index.php?rest_route=\/wp\/v2\/posts"}],"about":[{"href":"https:\/\/bojornal.pt\/index.php?rest_route=\/wp\/v2\/types\/post"}],"author":[{"embeddable":true,"href":"https:\/\/bojornal.pt\/index.php?rest_route=\/wp\/v2\/users\/2"}],"replies":[{"embeddable":true,"href":"https:\/\/bojornal.pt\/index.php?rest_route=%2Fwp%2Fv2%2Fcomments&post=13854"}],"version-history":[{"count":0,"href":"https:\/\/bojornal.pt\/index.php?rest_route=\/wp\/v2\/posts\/13854\/revisions"}],"wp:featuredmedia":[{"embeddable":true,"href":"https:\/\/bojornal.pt\/index.php?rest_route=\/wp\/v2\/media\/13857"}],"wp:attachment":[{"href":"https:\/\/bojornal.pt\/index.php?rest_route=%2Fwp%2Fv2%2Fmedia&parent=13854"}],"wp:term":[{"taxonomy":"category","embeddable":true,"href":"https:\/\/bojornal.pt\/index.php?rest_route=%2Fwp%2Fv2%2Fcategories&post=13854"},{"taxonomy":"post_tag","embeddable":true,"href":"https:\/\/bojornal.pt\/index.php?rest_route=%2Fwp%2Fv2%2Ftags&post=13854"}],"curies":[{"name":"wp","href":"https:\/\/api.w.org\/{rel}","templated":true}]}}