{"id":13830,"date":"2024-04-25T08:06:25","date_gmt":"2024-04-25T07:06:25","guid":{"rendered":"https:\/\/bojornal.pt\/?p=13830"},"modified":"2024-04-25T08:06:27","modified_gmt":"2024-04-25T07:06:27","slug":"comemoracoes-dos-50-anos-do-25-de-abril-na-escola-paulo-quintela","status":"publish","type":"post","link":"https:\/\/bojornal.pt\/?p=13830","title":{"rendered":"Comemora\u00e7\u00f5es dos 50 anos do 25 de abril na Escola Paulo Quintela"},"content":{"rendered":"\n<figure class=\"wp-block-gallery has-nested-images columns-default is-cropped wp-block-gallery-1 is-layout-flex wp-block-gallery-is-layout-flex\">\n<figure class=\"wp-block-image size-large is-style-default\"><img loading=\"lazy\" decoding=\"async\" width=\"1024\" height=\"525\" data-id=\"13831\" src=\"https:\/\/bojornal.pt\/wp-content\/uploads\/2024\/04\/6-1024x525.jpg\" alt=\"\" class=\"wp-image-13831\" srcset=\"https:\/\/bojornal.pt\/wp-content\/uploads\/2024\/04\/6-1024x525.jpg 1024w, https:\/\/bojornal.pt\/wp-content\/uploads\/2024\/04\/6-300x154.jpg 300w, https:\/\/bojornal.pt\/wp-content\/uploads\/2024\/04\/6-150x77.jpg 150w, https:\/\/bojornal.pt\/wp-content\/uploads\/2024\/04\/6-768x394.jpg 768w, https:\/\/bojornal.pt\/wp-content\/uploads\/2024\/04\/6.jpg 1405w\" sizes=\"auto, (max-width: 1024px) 100vw, 1024px\" \/><\/figure>\n\n\n\n<figure class=\"wp-block-image size-large is-style-default\"><img loading=\"lazy\" decoding=\"async\" width=\"1024\" height=\"768\" data-id=\"13836\" src=\"https:\/\/bojornal.pt\/wp-content\/uploads\/2024\/04\/3-1024x768.jpg\" alt=\"\" class=\"wp-image-13836\" srcset=\"https:\/\/bojornal.pt\/wp-content\/uploads\/2024\/04\/3-1024x768.jpg 1024w, https:\/\/bojornal.pt\/wp-content\/uploads\/2024\/04\/3-300x225.jpg 300w, https:\/\/bojornal.pt\/wp-content\/uploads\/2024\/04\/3-150x113.jpg 150w, https:\/\/bojornal.pt\/wp-content\/uploads\/2024\/04\/3-768x576.jpg 768w, https:\/\/bojornal.pt\/wp-content\/uploads\/2024\/04\/3-1536x1152.jpg 1536w, https:\/\/bojornal.pt\/wp-content\/uploads\/2024\/04\/3.jpg 2000w\" sizes=\"auto, (max-width: 1024px) 100vw, 1024px\" \/><\/figure>\n\n\n\n<figure class=\"wp-block-image size-large is-style-default\"><img loading=\"lazy\" decoding=\"async\" width=\"1024\" height=\"768\" data-id=\"13835\" src=\"https:\/\/bojornal.pt\/wp-content\/uploads\/2024\/04\/2-1024x768.jpg\" alt=\"\" class=\"wp-image-13835\" srcset=\"https:\/\/bojornal.pt\/wp-content\/uploads\/2024\/04\/2-1024x768.jpg 1024w, https:\/\/bojornal.pt\/wp-content\/uploads\/2024\/04\/2-300x225.jpg 300w, https:\/\/bojornal.pt\/wp-content\/uploads\/2024\/04\/2-150x113.jpg 150w, https:\/\/bojornal.pt\/wp-content\/uploads\/2024\/04\/2-768x576.jpg 768w, https:\/\/bojornal.pt\/wp-content\/uploads\/2024\/04\/2-1536x1152.jpg 1536w, https:\/\/bojornal.pt\/wp-content\/uploads\/2024\/04\/2.jpg 2000w\" sizes=\"auto, (max-width: 1024px) 100vw, 1024px\" \/><\/figure>\n\n\n\n<figure class=\"wp-block-image size-large is-style-default\"><img loading=\"lazy\" decoding=\"async\" width=\"1024\" height=\"768\" data-id=\"13833\" src=\"https:\/\/bojornal.pt\/wp-content\/uploads\/2024\/04\/1-2-1024x768.jpg\" alt=\"\" class=\"wp-image-13833\" srcset=\"https:\/\/bojornal.pt\/wp-content\/uploads\/2024\/04\/1-2-1024x768.jpg 1024w, https:\/\/bojornal.pt\/wp-content\/uploads\/2024\/04\/1-2-300x225.jpg 300w, https:\/\/bojornal.pt\/wp-content\/uploads\/2024\/04\/1-2-150x113.jpg 150w, https:\/\/bojornal.pt\/wp-content\/uploads\/2024\/04\/1-2-768x576.jpg 768w, https:\/\/bojornal.pt\/wp-content\/uploads\/2024\/04\/1-2-1536x1152.jpg 1536w, https:\/\/bojornal.pt\/wp-content\/uploads\/2024\/04\/1-2.jpg 2000w\" sizes=\"auto, (max-width: 1024px) 100vw, 1024px\" \/><\/figure>\n\n\n\n<figure class=\"wp-block-image size-large is-style-default\"><img loading=\"lazy\" decoding=\"async\" width=\"1024\" height=\"461\" data-id=\"13834\" src=\"https:\/\/bojornal.pt\/wp-content\/uploads\/2024\/04\/4-1024x461.jpg\" alt=\"\" class=\"wp-image-13834\" srcset=\"https:\/\/bojornal.pt\/wp-content\/uploads\/2024\/04\/4-1024x461.jpg 1024w, https:\/\/bojornal.pt\/wp-content\/uploads\/2024\/04\/4-300x135.jpg 300w, https:\/\/bojornal.pt\/wp-content\/uploads\/2024\/04\/4-150x68.jpg 150w, https:\/\/bojornal.pt\/wp-content\/uploads\/2024\/04\/4-768x346.jpg 768w, https:\/\/bojornal.pt\/wp-content\/uploads\/2024\/04\/4-1536x691.jpg 1536w, https:\/\/bojornal.pt\/wp-content\/uploads\/2024\/04\/4.jpg 2040w\" sizes=\"auto, (max-width: 1024px) 100vw, 1024px\" \/><\/figure>\n\n\n\n<figure class=\"wp-block-image size-large is-style-default\"><img loading=\"lazy\" decoding=\"async\" width=\"1024\" height=\"461\" data-id=\"13832\" src=\"https:\/\/bojornal.pt\/wp-content\/uploads\/2024\/04\/5-1024x461.jpg\" alt=\"\" class=\"wp-image-13832\" srcset=\"https:\/\/bojornal.pt\/wp-content\/uploads\/2024\/04\/5-1024x461.jpg 1024w, https:\/\/bojornal.pt\/wp-content\/uploads\/2024\/04\/5-300x135.jpg 300w, https:\/\/bojornal.pt\/wp-content\/uploads\/2024\/04\/5-150x68.jpg 150w, https:\/\/bojornal.pt\/wp-content\/uploads\/2024\/04\/5-768x346.jpg 768w, https:\/\/bojornal.pt\/wp-content\/uploads\/2024\/04\/5-1536x691.jpg 1536w, https:\/\/bojornal.pt\/wp-content\/uploads\/2024\/04\/5.jpg 1600w\" sizes=\"auto, (max-width: 1024px) 100vw, 1024px\" \/><\/figure>\n<\/figure>\n\n\n\n<p>No \u00e2mbito das comemora\u00e7\u00f5es dos 50 anos da Revolu\u00e7\u00e3o do 25 de abril de 1974, para<br \/>al\u00e9m de outras atividades, um grupo de alunos do 6\u00baC apresentou, no dia 23 de abril,<br \/>para algumas turmas da escola e encarregados de educa\u00e7\u00e3o\/fam\u00edlia, uma pequena<br \/>pe\u00e7a de teatro cuja tem\u00e1tica era, naturalmente, a Revolu\u00e7\u00e3o dos Cravos.<br \/>A pe\u00e7a\u201d25 de abril, meu Natal\u201d desenrola-se em tr\u00eas momentos distintos: uma noite de<br \/>consoada, em 1935; na sede da PIDE, no Porto e em 1974, no dia 25 de abril.<br \/>A comunidade escolar \u201cvivenciou\u201d, desta forma, algumas mem\u00f3rias hist\u00f3ricas.<br \/>Aos pequenos atores, os nossos parab\u00e9ns pelo empenho e entusiasmo demonstrado.<\/p>\n","protected":false},"excerpt":{"rendered":"<p>No \u00e2mbito das comemora\u00e7\u00f5es dos 50 anos da Revolu\u00e7\u00e3o do 25 de abril de 1974, paraal\u00e9m de outras atividades, um grupo de alunos do 6\u00baC apresentou, no dia 23 de abril,para algumas turmas da&#46;&#46;&#46;<\/p>\n","protected":false},"author":2,"featured_media":13835,"comment_status":"closed","ping_status":"open","sticky":false,"template":"","format":"standard","meta":{"footnotes":""},"categories":[13],"tags":[],"class_list":["post-13830","post","type-post","status-publish","format-standard","has-post-thumbnail","hentry","category-escola-paulo-quintela"],"_links":{"self":[{"href":"https:\/\/bojornal.pt\/index.php?rest_route=\/wp\/v2\/posts\/13830","targetHints":{"allow":["GET"]}}],"collection":[{"href":"https:\/\/bojornal.pt\/index.php?rest_route=\/wp\/v2\/posts"}],"about":[{"href":"https:\/\/bojornal.pt\/index.php?rest_route=\/wp\/v2\/types\/post"}],"author":[{"embeddable":true,"href":"https:\/\/bojornal.pt\/index.php?rest_route=\/wp\/v2\/users\/2"}],"replies":[{"embeddable":true,"href":"https:\/\/bojornal.pt\/index.php?rest_route=%2Fwp%2Fv2%2Fcomments&post=13830"}],"version-history":[{"count":0,"href":"https:\/\/bojornal.pt\/index.php?rest_route=\/wp\/v2\/posts\/13830\/revisions"}],"wp:featuredmedia":[{"embeddable":true,"href":"https:\/\/bojornal.pt\/index.php?rest_route=\/wp\/v2\/media\/13835"}],"wp:attachment":[{"href":"https:\/\/bojornal.pt\/index.php?rest_route=%2Fwp%2Fv2%2Fmedia&parent=13830"}],"wp:term":[{"taxonomy":"category","embeddable":true,"href":"https:\/\/bojornal.pt\/index.php?rest_route=%2Fwp%2Fv2%2Fcategories&post=13830"},{"taxonomy":"post_tag","embeddable":true,"href":"https:\/\/bojornal.pt\/index.php?rest_route=%2Fwp%2Fv2%2Ftags&post=13830"}],"curies":[{"name":"wp","href":"https:\/\/api.w.org\/{rel}","templated":true}]}}