{"id":13798,"date":"2024-04-23T21:50:58","date_gmt":"2024-04-23T20:50:58","guid":{"rendered":"https:\/\/bojornal.pt\/?p=13798"},"modified":"2024-04-23T21:50:59","modified_gmt":"2024-04-23T20:50:59","slug":"25-de-abril-50-anos-depois","status":"publish","type":"post","link":"https:\/\/bojornal.pt\/?p=13798","title":{"rendered":"25 de Abril, 50 anos depois"},"content":{"rendered":"\n<p><strong><em>Escola Em\u00eddio Garcia assinalou 50\u00baanivers\u00e1rio do 25 de abril <\/em><\/strong><\/p>\n\n\n\n<figure class=\"wp-block-image size-large is-style-default\"><img loading=\"lazy\" decoding=\"async\" width=\"1024\" height=\"512\" src=\"https:\/\/bojornal.pt\/wp-content\/uploads\/2024\/04\/25-abril_SESSAO-COMEMORATIVA-4-1-1024x512.jpg\" alt=\"\" class=\"wp-image-13816\" srcset=\"https:\/\/bojornal.pt\/wp-content\/uploads\/2024\/04\/25-abril_SESSAO-COMEMORATIVA-4-1-1024x512.jpg 1024w, https:\/\/bojornal.pt\/wp-content\/uploads\/2024\/04\/25-abril_SESSAO-COMEMORATIVA-4-1-300x150.jpg 300w, https:\/\/bojornal.pt\/wp-content\/uploads\/2024\/04\/25-abril_SESSAO-COMEMORATIVA-4-1-150x75.jpg 150w, https:\/\/bojornal.pt\/wp-content\/uploads\/2024\/04\/25-abril_SESSAO-COMEMORATIVA-4-1-768x384.jpg 768w, https:\/\/bojornal.pt\/wp-content\/uploads\/2024\/04\/25-abril_SESSAO-COMEMORATIVA-4-1-1536x768.jpg 1536w, https:\/\/bojornal.pt\/wp-content\/uploads\/2024\/04\/25-abril_SESSAO-COMEMORATIVA-4-1.jpg 2048w\" sizes=\"auto, (max-width: 1024px) 100vw, 1024px\" \/><\/figure>\n\n\n\n<figure class=\"wp-block-gallery has-nested-images columns-default is-cropped wp-block-gallery-1 is-layout-flex wp-block-gallery-is-layout-flex\">\n<figure class=\"wp-block-image size-large is-style-default\"><img loading=\"lazy\" decoding=\"async\" width=\"594\" height=\"1024\" data-id=\"13812\" src=\"https:\/\/bojornal.pt\/wp-content\/uploads\/2024\/04\/25-abril_SESSAO-COMEMORATIVA-1-1-594x1024.jpg\" alt=\"\" class=\"wp-image-13812\" srcset=\"https:\/\/bojornal.pt\/wp-content\/uploads\/2024\/04\/25-abril_SESSAO-COMEMORATIVA-1-1-594x1024.jpg 594w, https:\/\/bojornal.pt\/wp-content\/uploads\/2024\/04\/25-abril_SESSAO-COMEMORATIVA-1-1-174x300.jpg 174w, https:\/\/bojornal.pt\/wp-content\/uploads\/2024\/04\/25-abril_SESSAO-COMEMORATIVA-1-1-87x150.jpg 87w, https:\/\/bojornal.pt\/wp-content\/uploads\/2024\/04\/25-abril_SESSAO-COMEMORATIVA-1-1-768x1325.jpg 768w, https:\/\/bojornal.pt\/wp-content\/uploads\/2024\/04\/25-abril_SESSAO-COMEMORATIVA-1-1-890x1536.jpg 890w, https:\/\/bojornal.pt\/wp-content\/uploads\/2024\/04\/25-abril_SESSAO-COMEMORATIVA-1-1.jpg 1187w\" sizes=\"auto, (max-width: 594px) 100vw, 594px\" \/><\/figure>\n\n\n\n<figure class=\"wp-block-image size-large is-style-default\"><img loading=\"lazy\" decoding=\"async\" width=\"1024\" height=\"537\" data-id=\"13813\" src=\"https:\/\/bojornal.pt\/wp-content\/uploads\/2024\/04\/25-abril_SESSAO-COMEMORATIVA-2-1-1024x537.jpg\" alt=\"\" class=\"wp-image-13813\" srcset=\"https:\/\/bojornal.pt\/wp-content\/uploads\/2024\/04\/25-abril_SESSAO-COMEMORATIVA-2-1-1024x537.jpg 1024w, https:\/\/bojornal.pt\/wp-content\/uploads\/2024\/04\/25-abril_SESSAO-COMEMORATIVA-2-1-300x157.jpg 300w, https:\/\/bojornal.pt\/wp-content\/uploads\/2024\/04\/25-abril_SESSAO-COMEMORATIVA-2-1-150x79.jpg 150w, https:\/\/bojornal.pt\/wp-content\/uploads\/2024\/04\/25-abril_SESSAO-COMEMORATIVA-2-1-768x402.jpg 768w, https:\/\/bojornal.pt\/wp-content\/uploads\/2024\/04\/25-abril_SESSAO-COMEMORATIVA-2-1-1536x805.jpg 1536w, https:\/\/bojornal.pt\/wp-content\/uploads\/2024\/04\/25-abril_SESSAO-COMEMORATIVA-2-1.jpg 2048w\" sizes=\"auto, (max-width: 1024px) 100vw, 1024px\" \/><\/figure>\n\n\n\n<figure class=\"wp-block-image size-large is-style-default\"><img loading=\"lazy\" decoding=\"async\" width=\"1024\" height=\"674\" data-id=\"13814\" src=\"https:\/\/bojornal.pt\/wp-content\/uploads\/2024\/04\/25-abril_SESSAO-COMEMORATIVA-5-1024x674.jpg\" alt=\"\" class=\"wp-image-13814\" srcset=\"https:\/\/bojornal.pt\/wp-content\/uploads\/2024\/04\/25-abril_SESSAO-COMEMORATIVA-5-1024x674.jpg 1024w, https:\/\/bojornal.pt\/wp-content\/uploads\/2024\/04\/25-abril_SESSAO-COMEMORATIVA-5-300x197.jpg 300w, https:\/\/bojornal.pt\/wp-content\/uploads\/2024\/04\/25-abril_SESSAO-COMEMORATIVA-5-150x99.jpg 150w, https:\/\/bojornal.pt\/wp-content\/uploads\/2024\/04\/25-abril_SESSAO-COMEMORATIVA-5-768x505.jpg 768w, https:\/\/bojornal.pt\/wp-content\/uploads\/2024\/04\/25-abril_SESSAO-COMEMORATIVA-5-1536x1010.jpg 1536w, https:\/\/bojornal.pt\/wp-content\/uploads\/2024\/04\/25-abril_SESSAO-COMEMORATIVA-5.jpg 2048w\" sizes=\"auto, (max-width: 1024px) 100vw, 1024px\" \/><\/figure>\n<\/figure>\n\n\n\n<figure class=\"wp-block-gallery has-nested-images columns-default is-cropped wp-block-gallery-2 is-layout-flex wp-block-gallery-is-layout-flex\">\n<figure class=\"wp-block-image size-large is-style-default\"><img loading=\"lazy\" decoding=\"async\" width=\"1024\" height=\"540\" data-id=\"13817\" src=\"https:\/\/bojornal.pt\/wp-content\/uploads\/2024\/04\/25-abril_SESSAO-COMEMORATIVA-8-1-1024x540.jpg\" alt=\"\" class=\"wp-image-13817\" srcset=\"https:\/\/bojornal.pt\/wp-content\/uploads\/2024\/04\/25-abril_SESSAO-COMEMORATIVA-8-1-1024x540.jpg 1024w, https:\/\/bojornal.pt\/wp-content\/uploads\/2024\/04\/25-abril_SESSAO-COMEMORATIVA-8-1-300x158.jpg 300w, https:\/\/bojornal.pt\/wp-content\/uploads\/2024\/04\/25-abril_SESSAO-COMEMORATIVA-8-1-150x79.jpg 150w, https:\/\/bojornal.pt\/wp-content\/uploads\/2024\/04\/25-abril_SESSAO-COMEMORATIVA-8-1-768x405.jpg 768w, https:\/\/bojornal.pt\/wp-content\/uploads\/2024\/04\/25-abril_SESSAO-COMEMORATIVA-8-1-1536x809.jpg 1536w, https:\/\/bojornal.pt\/wp-content\/uploads\/2024\/04\/25-abril_SESSAO-COMEMORATIVA-8-1.jpg 2048w\" sizes=\"auto, (max-width: 1024px) 100vw, 1024px\" \/><\/figure>\n\n\n\n<figure class=\"wp-block-image size-large is-style-default\"><img loading=\"lazy\" decoding=\"async\" width=\"1024\" height=\"583\" data-id=\"13818\" src=\"https:\/\/bojornal.pt\/wp-content\/uploads\/2024\/04\/25-abril_SESSAO-COMEMORATIVA-9-1-1024x583.jpg\" alt=\"\" class=\"wp-image-13818\" srcset=\"https:\/\/bojornal.pt\/wp-content\/uploads\/2024\/04\/25-abril_SESSAO-COMEMORATIVA-9-1-1024x583.jpg 1024w, https:\/\/bojornal.pt\/wp-content\/uploads\/2024\/04\/25-abril_SESSAO-COMEMORATIVA-9-1-300x171.jpg 300w, https:\/\/bojornal.pt\/wp-content\/uploads\/2024\/04\/25-abril_SESSAO-COMEMORATIVA-9-1-150x85.jpg 150w, https:\/\/bojornal.pt\/wp-content\/uploads\/2024\/04\/25-abril_SESSAO-COMEMORATIVA-9-1-768x437.jpg 768w, https:\/\/bojornal.pt\/wp-content\/uploads\/2024\/04\/25-abril_SESSAO-COMEMORATIVA-9-1-1536x875.jpg 1536w, https:\/\/bojornal.pt\/wp-content\/uploads\/2024\/04\/25-abril_SESSAO-COMEMORATIVA-9-1.jpg 2048w\" sizes=\"auto, (max-width: 1024px) 100vw, 1024px\" \/><\/figure>\n\n\n\n<figure class=\"wp-block-image size-large is-style-default\"><img loading=\"lazy\" decoding=\"async\" width=\"1024\" height=\"563\" data-id=\"13819\" src=\"https:\/\/bojornal.pt\/wp-content\/uploads\/2024\/04\/25-abril_SESSAO-COMEMORATIVA-10-1-1024x563.jpg\" alt=\"\" class=\"wp-image-13819\" srcset=\"https:\/\/bojornal.pt\/wp-content\/uploads\/2024\/04\/25-abril_SESSAO-COMEMORATIVA-10-1-1024x563.jpg 1024w, https:\/\/bojornal.pt\/wp-content\/uploads\/2024\/04\/25-abril_SESSAO-COMEMORATIVA-10-1-300x165.jpg 300w, https:\/\/bojornal.pt\/wp-content\/uploads\/2024\/04\/25-abril_SESSAO-COMEMORATIVA-10-1-150x82.jpg 150w, https:\/\/bojornal.pt\/wp-content\/uploads\/2024\/04\/25-abril_SESSAO-COMEMORATIVA-10-1-768x422.jpg 768w, https:\/\/bojornal.pt\/wp-content\/uploads\/2024\/04\/25-abril_SESSAO-COMEMORATIVA-10-1-1536x845.jpg 1536w, https:\/\/bojornal.pt\/wp-content\/uploads\/2024\/04\/25-abril_SESSAO-COMEMORATIVA-10-1.jpg 2048w\" sizes=\"auto, (max-width: 1024px) 100vw, 1024px\" \/><\/figure>\n<\/figure>\n\n\n\n<figure class=\"wp-block-gallery has-nested-images columns-default is-cropped wp-block-gallery-3 is-layout-flex wp-block-gallery-is-layout-flex\">\n<figure class=\"wp-block-image size-large is-style-default\"><img loading=\"lazy\" decoding=\"async\" width=\"1024\" height=\"566\" data-id=\"13820\" src=\"https:\/\/bojornal.pt\/wp-content\/uploads\/2024\/04\/25-abril_SESSAO-COMEMORATIVA-12-1-1024x566.jpg\" alt=\"\" class=\"wp-image-13820\" srcset=\"https:\/\/bojornal.pt\/wp-content\/uploads\/2024\/04\/25-abril_SESSAO-COMEMORATIVA-12-1-1024x566.jpg 1024w, https:\/\/bojornal.pt\/wp-content\/uploads\/2024\/04\/25-abril_SESSAO-COMEMORATIVA-12-1-300x166.jpg 300w, https:\/\/bojornal.pt\/wp-content\/uploads\/2024\/04\/25-abril_SESSAO-COMEMORATIVA-12-1-150x83.jpg 150w, https:\/\/bojornal.pt\/wp-content\/uploads\/2024\/04\/25-abril_SESSAO-COMEMORATIVA-12-1-768x425.jpg 768w, https:\/\/bojornal.pt\/wp-content\/uploads\/2024\/04\/25-abril_SESSAO-COMEMORATIVA-12-1-1536x849.jpg 1536w, https:\/\/bojornal.pt\/wp-content\/uploads\/2024\/04\/25-abril_SESSAO-COMEMORATIVA-12-1.jpg 2048w\" sizes=\"auto, (max-width: 1024px) 100vw, 1024px\" \/><\/figure>\n\n\n\n<figure class=\"wp-block-image size-large is-style-default\"><img loading=\"lazy\" decoding=\"async\" width=\"1024\" height=\"570\" data-id=\"13821\" src=\"https:\/\/bojornal.pt\/wp-content\/uploads\/2024\/04\/25-abril_SESSAO-COMEMORATIVA-13-1-1024x570.jpg\" alt=\"\" class=\"wp-image-13821\" srcset=\"https:\/\/bojornal.pt\/wp-content\/uploads\/2024\/04\/25-abril_SESSAO-COMEMORATIVA-13-1-1024x570.jpg 1024w, https:\/\/bojornal.pt\/wp-content\/uploads\/2024\/04\/25-abril_SESSAO-COMEMORATIVA-13-1-300x167.jpg 300w, https:\/\/bojornal.pt\/wp-content\/uploads\/2024\/04\/25-abril_SESSAO-COMEMORATIVA-13-1-150x83.jpg 150w, https:\/\/bojornal.pt\/wp-content\/uploads\/2024\/04\/25-abril_SESSAO-COMEMORATIVA-13-1-768x428.jpg 768w, https:\/\/bojornal.pt\/wp-content\/uploads\/2024\/04\/25-abril_SESSAO-COMEMORATIVA-13-1-1536x855.jpg 1536w, https:\/\/bojornal.pt\/wp-content\/uploads\/2024\/04\/25-abril_SESSAO-COMEMORATIVA-13-1.jpg 2048w\" sizes=\"auto, (max-width: 1024px) 100vw, 1024px\" \/><\/figure>\n\n\n\n<figure class=\"wp-block-image size-large is-style-default\"><img loading=\"lazy\" decoding=\"async\" width=\"1024\" height=\"590\" data-id=\"13822\" src=\"https:\/\/bojornal.pt\/wp-content\/uploads\/2024\/04\/25-abril_SESSAO-COMEMORATIVA-14-1-1024x590.jpg\" alt=\"\" class=\"wp-image-13822\" srcset=\"https:\/\/bojornal.pt\/wp-content\/uploads\/2024\/04\/25-abril_SESSAO-COMEMORATIVA-14-1-1024x590.jpg 1024w, https:\/\/bojornal.pt\/wp-content\/uploads\/2024\/04\/25-abril_SESSAO-COMEMORATIVA-14-1-300x173.jpg 300w, https:\/\/bojornal.pt\/wp-content\/uploads\/2024\/04\/25-abril_SESSAO-COMEMORATIVA-14-1-150x86.jpg 150w, https:\/\/bojornal.pt\/wp-content\/uploads\/2024\/04\/25-abril_SESSAO-COMEMORATIVA-14-1-768x442.jpg 768w, https:\/\/bojornal.pt\/wp-content\/uploads\/2024\/04\/25-abril_SESSAO-COMEMORATIVA-14-1-1536x884.jpg 1536w, https:\/\/bojornal.pt\/wp-content\/uploads\/2024\/04\/25-abril_SESSAO-COMEMORATIVA-14-1.jpg 2048w\" sizes=\"auto, (max-width: 1024px) 100vw, 1024px\" \/><\/figure>\n<\/figure>\n\n\n\n<figure class=\"wp-block-gallery has-nested-images columns-default is-cropped wp-block-gallery-4 is-layout-flex wp-block-gallery-is-layout-flex\">\n<figure class=\"wp-block-image size-large is-style-default\"><img loading=\"lazy\" decoding=\"async\" width=\"1024\" height=\"703\" data-id=\"13823\" src=\"https:\/\/bojornal.pt\/wp-content\/uploads\/2024\/04\/25-abril_SESSAO-COMEMORATIVA-16-1-1024x703.jpg\" alt=\"\" class=\"wp-image-13823\" srcset=\"https:\/\/bojornal.pt\/wp-content\/uploads\/2024\/04\/25-abril_SESSAO-COMEMORATIVA-16-1-1024x703.jpg 1024w, https:\/\/bojornal.pt\/wp-content\/uploads\/2024\/04\/25-abril_SESSAO-COMEMORATIVA-16-1-300x206.jpg 300w, https:\/\/bojornal.pt\/wp-content\/uploads\/2024\/04\/25-abril_SESSAO-COMEMORATIVA-16-1-150x103.jpg 150w, https:\/\/bojornal.pt\/wp-content\/uploads\/2024\/04\/25-abril_SESSAO-COMEMORATIVA-16-1-768x527.jpg 768w, https:\/\/bojornal.pt\/wp-content\/uploads\/2024\/04\/25-abril_SESSAO-COMEMORATIVA-16-1-1536x1055.jpg 1536w, https:\/\/bojornal.pt\/wp-content\/uploads\/2024\/04\/25-abril_SESSAO-COMEMORATIVA-16-1.jpg 2048w\" sizes=\"auto, (max-width: 1024px) 100vw, 1024px\" \/><\/figure>\n\n\n\n<figure class=\"wp-block-image size-large is-style-default\"><img loading=\"lazy\" decoding=\"async\" width=\"1024\" height=\"533\" data-id=\"13824\" src=\"https:\/\/bojornal.pt\/wp-content\/uploads\/2024\/04\/25-abril_SESSAO-COMEMORATIVA-17-1024x533.jpg\" alt=\"\" class=\"wp-image-13824\" srcset=\"https:\/\/bojornal.pt\/wp-content\/uploads\/2024\/04\/25-abril_SESSAO-COMEMORATIVA-17-1024x533.jpg 1024w, https:\/\/bojornal.pt\/wp-content\/uploads\/2024\/04\/25-abril_SESSAO-COMEMORATIVA-17-300x156.jpg 300w, https:\/\/bojornal.pt\/wp-content\/uploads\/2024\/04\/25-abril_SESSAO-COMEMORATIVA-17-150x78.jpg 150w, https:\/\/bojornal.pt\/wp-content\/uploads\/2024\/04\/25-abril_SESSAO-COMEMORATIVA-17-768x399.jpg 768w, https:\/\/bojornal.pt\/wp-content\/uploads\/2024\/04\/25-abril_SESSAO-COMEMORATIVA-17-1536x799.jpg 1536w, https:\/\/bojornal.pt\/wp-content\/uploads\/2024\/04\/25-abril_SESSAO-COMEMORATIVA-17.jpg 2048w\" sizes=\"auto, (max-width: 1024px) 100vw, 1024px\" \/><\/figure>\n\n\n\n<figure class=\"wp-block-image size-large is-style-default\"><img loading=\"lazy\" decoding=\"async\" width=\"1024\" height=\"506\" data-id=\"13825\" src=\"https:\/\/bojornal.pt\/wp-content\/uploads\/2024\/04\/25-abril_SESSAO-COMEMORATIVA-18-1024x506.jpg\" alt=\"\" class=\"wp-image-13825\" srcset=\"https:\/\/bojornal.pt\/wp-content\/uploads\/2024\/04\/25-abril_SESSAO-COMEMORATIVA-18-1024x506.jpg 1024w, https:\/\/bojornal.pt\/wp-content\/uploads\/2024\/04\/25-abril_SESSAO-COMEMORATIVA-18-300x148.jpg 300w, https:\/\/bojornal.pt\/wp-content\/uploads\/2024\/04\/25-abril_SESSAO-COMEMORATIVA-18-150x74.jpg 150w, https:\/\/bojornal.pt\/wp-content\/uploads\/2024\/04\/25-abril_SESSAO-COMEMORATIVA-18-768x379.jpg 768w, https:\/\/bojornal.pt\/wp-content\/uploads\/2024\/04\/25-abril_SESSAO-COMEMORATIVA-18-1536x759.jpg 1536w, https:\/\/bojornal.pt\/wp-content\/uploads\/2024\/04\/25-abril_SESSAO-COMEMORATIVA-18-2048x1011.jpg 2048w\" sizes=\"auto, (max-width: 1024px) 100vw, 1024px\" \/><\/figure>\n<\/figure>\n\n\n\n<figure class=\"wp-block-gallery has-nested-images columns-default is-cropped wp-block-gallery-5 is-layout-flex wp-block-gallery-is-layout-flex\">\n<figure class=\"wp-block-image size-large is-style-default\"><img loading=\"lazy\" decoding=\"async\" width=\"1024\" height=\"574\" data-id=\"13826\" src=\"https:\/\/bojornal.pt\/wp-content\/uploads\/2024\/04\/25-abril_SESSAO-COMEMORATIVA-15-1-1024x574.jpg\" alt=\"\" class=\"wp-image-13826\" srcset=\"https:\/\/bojornal.pt\/wp-content\/uploads\/2024\/04\/25-abril_SESSAO-COMEMORATIVA-15-1-1024x574.jpg 1024w, https:\/\/bojornal.pt\/wp-content\/uploads\/2024\/04\/25-abril_SESSAO-COMEMORATIVA-15-1-300x168.jpg 300w, https:\/\/bojornal.pt\/wp-content\/uploads\/2024\/04\/25-abril_SESSAO-COMEMORATIVA-15-1-150x84.jpg 150w, https:\/\/bojornal.pt\/wp-content\/uploads\/2024\/04\/25-abril_SESSAO-COMEMORATIVA-15-1-768x430.jpg 768w, https:\/\/bojornal.pt\/wp-content\/uploads\/2024\/04\/25-abril_SESSAO-COMEMORATIVA-15-1-1536x860.jpg 1536w, https:\/\/bojornal.pt\/wp-content\/uploads\/2024\/04\/25-abril_SESSAO-COMEMORATIVA-15-1.jpg 2048w\" sizes=\"auto, (max-width: 1024px) 100vw, 1024px\" \/><\/figure>\n\n\n\n<figure class=\"wp-block-image size-large is-style-default\"><img loading=\"lazy\" decoding=\"async\" width=\"1024\" height=\"490\" data-id=\"13827\" src=\"https:\/\/bojornal.pt\/wp-content\/uploads\/2024\/04\/25-abril_SESSAO-COMEMORATIVA-20-1024x490.jpg\" alt=\"\" class=\"wp-image-13827\" srcset=\"https:\/\/bojornal.pt\/wp-content\/uploads\/2024\/04\/25-abril_SESSAO-COMEMORATIVA-20-1024x490.jpg 1024w, https:\/\/bojornal.pt\/wp-content\/uploads\/2024\/04\/25-abril_SESSAO-COMEMORATIVA-20-300x144.jpg 300w, https:\/\/bojornal.pt\/wp-content\/uploads\/2024\/04\/25-abril_SESSAO-COMEMORATIVA-20-150x72.jpg 150w, https:\/\/bojornal.pt\/wp-content\/uploads\/2024\/04\/25-abril_SESSAO-COMEMORATIVA-20-768x368.jpg 768w, https:\/\/bojornal.pt\/wp-content\/uploads\/2024\/04\/25-abril_SESSAO-COMEMORATIVA-20-1536x736.jpg 1536w, https:\/\/bojornal.pt\/wp-content\/uploads\/2024\/04\/25-abril_SESSAO-COMEMORATIVA-20-2048x981.jpg 2048w\" sizes=\"auto, (max-width: 1024px) 100vw, 1024px\" \/><\/figure>\n\n\n\n<figure class=\"wp-block-image size-large is-style-default\"><img loading=\"lazy\" decoding=\"async\" width=\"1024\" height=\"598\" data-id=\"13828\" src=\"https:\/\/bojornal.pt\/wp-content\/uploads\/2024\/04\/25-abril_SESSAO-COMEMORATIVA-22-1024x598.jpg\" alt=\"\" class=\"wp-image-13828\" srcset=\"https:\/\/bojornal.pt\/wp-content\/uploads\/2024\/04\/25-abril_SESSAO-COMEMORATIVA-22-1024x598.jpg 1024w, https:\/\/bojornal.pt\/wp-content\/uploads\/2024\/04\/25-abril_SESSAO-COMEMORATIVA-22-300x175.jpg 300w, https:\/\/bojornal.pt\/wp-content\/uploads\/2024\/04\/25-abril_SESSAO-COMEMORATIVA-22-150x88.jpg 150w, https:\/\/bojornal.pt\/wp-content\/uploads\/2024\/04\/25-abril_SESSAO-COMEMORATIVA-22-768x449.jpg 768w, https:\/\/bojornal.pt\/wp-content\/uploads\/2024\/04\/25-abril_SESSAO-COMEMORATIVA-22-1536x897.jpg 1536w, https:\/\/bojornal.pt\/wp-content\/uploads\/2024\/04\/25-abril_SESSAO-COMEMORATIVA-22.jpg 2048w\" sizes=\"auto, (max-width: 1024px) 100vw, 1024px\" \/><\/figure>\n<\/figure>\n\n\n\n<p>Para celebrar o 50\u00baanivers\u00e1rio do 25 de abril, um grande marco na hist\u00f3ria de Portugal, a Escola Em\u00eddio Garcia realizou uma palestra especial, intitulada: &#8220;O 25 de abril e o futuro&#8221;, marcada por reflex\u00f5es profundas e de atua\u00e7\u00f5es do Grupo Coral Em\u00eddio Garcia e tamb\u00e9m dos alunos da turma SE10, do Centro Escolar da S\u00e9.<\/p>\n\n\n\n<p>A palestra foi apresentada pelas alunas Sara Moreno e Carolina Pires que fizeram uma breve introdu\u00e7\u00e3o do tema, apresentando de seguida dois convidados que se juntaram a n\u00f3s para nos mostrar a diferen\u00e7a entre o antes e o <a>p\u00f3s-<\/a>25 de Abril.<\/p>\n\n\n\n<p>O primeiro convidado foi o Dr. Alberto de Sousa Martins, licenciado em Direito e que ainda nos seus anos de estudo pediu a palavra na Acad\u00e9mica de Coimbra, tornando-se assim respons\u00e1vel pelo desencadear da crise acad\u00e9mica em 1969.<\/p>\n\n\n\n<p>De seguida foi a vez da Dr\u00aa. Eul\u00e1lia Gon\u00e7alves, t\u00e9cnica superior da seguran\u00e7a social aposentada, frequentou o liceu nacional de Bragan\u00e7a nos anos da ditadura e pertence \u00e0 associa\u00e7\u00e3o de antigos alunos do Liceu de Bragan\u00e7a.<\/p>\n\n\n\n<p>No final da sess\u00e3o, foi apresentado um pequeno trailer do document\u00e1rio \u201c25 de Abril no Nordeste Transmontano\u201d, realizado pelos alunos no \u00e2mbito do Projeto EDA50 (Escolas \u00e0 Descoberta de Abril). O document\u00e1rio retrata o pensamento estudantil, livre e justo, que \u00e9 ao mesmo tempo confrontado por aqueles que viveram numa \u00e9poca repressiva e violenta, com um regime autorit\u00e1rio e ditatorial: o Estado Novo.<\/p>\n\n\n\n<p>Para concluir, subiu ao palco o Grupo Coral Em\u00eddio Garcia, que interpretou, \u00e0 capela, a can\u00e7\u00e3o \u201cGr\u00e2ndola Vila Morena\u201d.<\/p>\n\n\n\n<p class=\"has-text-align-right\">Catarina Alfaia<\/p>\n","protected":false},"excerpt":{"rendered":"<p>Escola Em\u00eddio Garcia assinalou 50\u00baanivers\u00e1rio do 25 de abril Para celebrar o 50\u00baanivers\u00e1rio do 25 de abril, um grande marco na hist\u00f3ria de Portugal, a Escola Em\u00eddio Garcia realizou uma palestra especial, intitulada: &#8220;O&#46;&#46;&#46;<\/p>\n","protected":false},"author":2,"featured_media":13818,"comment_status":"closed","ping_status":"open","sticky":false,"template":"","format":"standard","meta":{"footnotes":""},"categories":[9,13],"tags":[],"class_list":["post-13798","post","type-post","status-publish","format-standard","has-post-thumbnail","hentry","category-em-foco","category-escola-paulo-quintela"],"_links":{"self":[{"href":"https:\/\/bojornal.pt\/index.php?rest_route=\/wp\/v2\/posts\/13798","targetHints":{"allow":["GET"]}}],"collection":[{"href":"https:\/\/bojornal.pt\/index.php?rest_route=\/wp\/v2\/posts"}],"about":[{"href":"https:\/\/bojornal.pt\/index.php?rest_route=\/wp\/v2\/types\/post"}],"author":[{"embeddable":true,"href":"https:\/\/bojornal.pt\/index.php?rest_route=\/wp\/v2\/users\/2"}],"replies":[{"embeddable":true,"href":"https:\/\/bojornal.pt\/index.php?rest_route=%2Fwp%2Fv2%2Fcomments&post=13798"}],"version-history":[{"count":0,"href":"https:\/\/bojornal.pt\/index.php?rest_route=\/wp\/v2\/posts\/13798\/revisions"}],"wp:featuredmedia":[{"embeddable":true,"href":"https:\/\/bojornal.pt\/index.php?rest_route=\/wp\/v2\/media\/13818"}],"wp:attachment":[{"href":"https:\/\/bojornal.pt\/index.php?rest_route=%2Fwp%2Fv2%2Fmedia&parent=13798"}],"wp:term":[{"taxonomy":"category","embeddable":true,"href":"https:\/\/bojornal.pt\/index.php?rest_route=%2Fwp%2Fv2%2Fcategories&post=13798"},{"taxonomy":"post_tag","embeddable":true,"href":"https:\/\/bojornal.pt\/index.php?rest_route=%2Fwp%2Fv2%2Ftags&post=13798"}],"curies":[{"name":"wp","href":"https:\/\/api.w.org\/{rel}","templated":true}]}}