{"id":13780,"date":"2024-04-19T12:34:57","date_gmt":"2024-04-19T11:34:57","guid":{"rendered":"https:\/\/bojornal.pt\/?p=13780"},"modified":"2024-04-21T12:43:18","modified_gmt":"2024-04-21T11:43:18","slug":"desporto-escolar-badminton","status":"publish","type":"post","link":"https:\/\/bojornal.pt\/?p=13780","title":{"rendered":"Desporto Escolar: Badminton"},"content":{"rendered":"\n<p><strong><em>Equipas da Escola Em\u00eddio Garcia em destaque<\/em><\/strong><\/p>\n\n\n\n<figure class=\"wp-block-gallery has-nested-images columns-default is-cropped wp-block-gallery-1 is-layout-flex wp-block-gallery-is-layout-flex\">\n<figure class=\"wp-block-image size-large is-style-default\"><img loading=\"lazy\" decoding=\"async\" width=\"1024\" height=\"768\" data-id=\"13785\" src=\"https:\/\/bojornal.pt\/wp-content\/uploads\/2024\/04\/WhatsApp-Image-2024-04-18-at-13.57.08-1024x768.jpeg\" alt=\"\" class=\"wp-image-13785\" srcset=\"https:\/\/bojornal.pt\/wp-content\/uploads\/2024\/04\/WhatsApp-Image-2024-04-18-at-13.57.08-1024x768.jpeg 1024w, https:\/\/bojornal.pt\/wp-content\/uploads\/2024\/04\/WhatsApp-Image-2024-04-18-at-13.57.08-300x225.jpeg 300w, https:\/\/bojornal.pt\/wp-content\/uploads\/2024\/04\/WhatsApp-Image-2024-04-18-at-13.57.08-150x113.jpeg 150w, https:\/\/bojornal.pt\/wp-content\/uploads\/2024\/04\/WhatsApp-Image-2024-04-18-at-13.57.08-768x576.jpeg 768w, https:\/\/bojornal.pt\/wp-content\/uploads\/2024\/04\/WhatsApp-Image-2024-04-18-at-13.57.08-1536x1152.jpeg 1536w, https:\/\/bojornal.pt\/wp-content\/uploads\/2024\/04\/WhatsApp-Image-2024-04-18-at-13.57.08.jpeg 2000w\" sizes=\"auto, (max-width: 1024px) 100vw, 1024px\" \/><\/figure>\n\n\n\n<figure class=\"wp-block-image size-large is-style-default\"><img loading=\"lazy\" decoding=\"async\" width=\"1024\" height=\"768\" data-id=\"13784\" src=\"https:\/\/bojornal.pt\/wp-content\/uploads\/2024\/04\/WhatsApp-Image-2024-04-18-at-13.57.07-1024x768.jpeg\" alt=\"\" class=\"wp-image-13784\" srcset=\"https:\/\/bojornal.pt\/wp-content\/uploads\/2024\/04\/WhatsApp-Image-2024-04-18-at-13.57.07-1024x768.jpeg 1024w, https:\/\/bojornal.pt\/wp-content\/uploads\/2024\/04\/WhatsApp-Image-2024-04-18-at-13.57.07-300x225.jpeg 300w, https:\/\/bojornal.pt\/wp-content\/uploads\/2024\/04\/WhatsApp-Image-2024-04-18-at-13.57.07-150x113.jpeg 150w, https:\/\/bojornal.pt\/wp-content\/uploads\/2024\/04\/WhatsApp-Image-2024-04-18-at-13.57.07-768x576.jpeg 768w, https:\/\/bojornal.pt\/wp-content\/uploads\/2024\/04\/WhatsApp-Image-2024-04-18-at-13.57.07-1536x1152.jpeg 1536w, https:\/\/bojornal.pt\/wp-content\/uploads\/2024\/04\/WhatsApp-Image-2024-04-18-at-13.57.07.jpeg 2000w\" sizes=\"auto, (max-width: 1024px) 100vw, 1024px\" \/><\/figure>\n\n\n\n<figure class=\"wp-block-image size-large is-style-default\"><img loading=\"lazy\" decoding=\"async\" width=\"1024\" height=\"768\" data-id=\"13786\" src=\"https:\/\/bojornal.pt\/wp-content\/uploads\/2024\/04\/WhatsApp-Image-2024-04-18-at-06.44.53-1024x768.jpeg\" alt=\"\" class=\"wp-image-13786\" srcset=\"https:\/\/bojornal.pt\/wp-content\/uploads\/2024\/04\/WhatsApp-Image-2024-04-18-at-06.44.53-1024x768.jpeg 1024w, https:\/\/bojornal.pt\/wp-content\/uploads\/2024\/04\/WhatsApp-Image-2024-04-18-at-06.44.53-300x225.jpeg 300w, https:\/\/bojornal.pt\/wp-content\/uploads\/2024\/04\/WhatsApp-Image-2024-04-18-at-06.44.53-150x113.jpeg 150w, https:\/\/bojornal.pt\/wp-content\/uploads\/2024\/04\/WhatsApp-Image-2024-04-18-at-06.44.53-768x576.jpeg 768w, https:\/\/bojornal.pt\/wp-content\/uploads\/2024\/04\/WhatsApp-Image-2024-04-18-at-06.44.53-1536x1152.jpeg 1536w, https:\/\/bojornal.pt\/wp-content\/uploads\/2024\/04\/WhatsApp-Image-2024-04-18-at-06.44.53.jpeg 2000w\" sizes=\"auto, (max-width: 1024px) 100vw, 1024px\" \/><\/figure>\n\n\n\n<figure class=\"wp-block-image size-large is-style-default\"><img loading=\"lazy\" decoding=\"async\" width=\"1024\" height=\"768\" data-id=\"13782\" src=\"https:\/\/bojornal.pt\/wp-content\/uploads\/2024\/04\/WhatsApp-Image-2024-04-18-at-06.47.00-1024x768.jpeg\" alt=\"\" class=\"wp-image-13782\" srcset=\"https:\/\/bojornal.pt\/wp-content\/uploads\/2024\/04\/WhatsApp-Image-2024-04-18-at-06.47.00-1024x768.jpeg 1024w, https:\/\/bojornal.pt\/wp-content\/uploads\/2024\/04\/WhatsApp-Image-2024-04-18-at-06.47.00-300x225.jpeg 300w, https:\/\/bojornal.pt\/wp-content\/uploads\/2024\/04\/WhatsApp-Image-2024-04-18-at-06.47.00-150x113.jpeg 150w, https:\/\/bojornal.pt\/wp-content\/uploads\/2024\/04\/WhatsApp-Image-2024-04-18-at-06.47.00-768x576.jpeg 768w, https:\/\/bojornal.pt\/wp-content\/uploads\/2024\/04\/WhatsApp-Image-2024-04-18-at-06.47.00-1536x1152.jpeg 1536w, https:\/\/bojornal.pt\/wp-content\/uploads\/2024\/04\/WhatsApp-Image-2024-04-18-at-06.47.00.jpeg 2000w\" sizes=\"auto, (max-width: 1024px) 100vw, 1024px\" \/><\/figure>\n\n\n\n<figure class=\"wp-block-image size-large is-style-default\"><img loading=\"lazy\" decoding=\"async\" width=\"1024\" height=\"768\" data-id=\"13781\" src=\"https:\/\/bojornal.pt\/wp-content\/uploads\/2024\/04\/WhatsApp-Image-2024-04-18-at-06.47.35-1024x768.jpeg\" alt=\"\" class=\"wp-image-13781\" srcset=\"https:\/\/bojornal.pt\/wp-content\/uploads\/2024\/04\/WhatsApp-Image-2024-04-18-at-06.47.35-1024x768.jpeg 1024w, https:\/\/bojornal.pt\/wp-content\/uploads\/2024\/04\/WhatsApp-Image-2024-04-18-at-06.47.35-300x225.jpeg 300w, https:\/\/bojornal.pt\/wp-content\/uploads\/2024\/04\/WhatsApp-Image-2024-04-18-at-06.47.35-150x113.jpeg 150w, https:\/\/bojornal.pt\/wp-content\/uploads\/2024\/04\/WhatsApp-Image-2024-04-18-at-06.47.35-768x576.jpeg 768w, https:\/\/bojornal.pt\/wp-content\/uploads\/2024\/04\/WhatsApp-Image-2024-04-18-at-06.47.35-1536x1152.jpeg 1536w, https:\/\/bojornal.pt\/wp-content\/uploads\/2024\/04\/WhatsApp-Image-2024-04-18-at-06.47.35.jpeg 2000w\" sizes=\"auto, (max-width: 1024px) 100vw, 1024px\" \/><\/figure>\n\n\n\n<figure class=\"wp-block-image size-large is-style-default\"><img loading=\"lazy\" decoding=\"async\" width=\"1024\" height=\"768\" data-id=\"13783\" src=\"https:\/\/bojornal.pt\/wp-content\/uploads\/2024\/04\/WhatsApp-Image-2024-04-18-at-06.47.55-1024x768.jpeg\" alt=\"\" class=\"wp-image-13783\" srcset=\"https:\/\/bojornal.pt\/wp-content\/uploads\/2024\/04\/WhatsApp-Image-2024-04-18-at-06.47.55-1024x768.jpeg 1024w, https:\/\/bojornal.pt\/wp-content\/uploads\/2024\/04\/WhatsApp-Image-2024-04-18-at-06.47.55-300x225.jpeg 300w, https:\/\/bojornal.pt\/wp-content\/uploads\/2024\/04\/WhatsApp-Image-2024-04-18-at-06.47.55-150x113.jpeg 150w, https:\/\/bojornal.pt\/wp-content\/uploads\/2024\/04\/WhatsApp-Image-2024-04-18-at-06.47.55-768x576.jpeg 768w, https:\/\/bojornal.pt\/wp-content\/uploads\/2024\/04\/WhatsApp-Image-2024-04-18-at-06.47.55-1536x1152.jpeg 1536w, https:\/\/bojornal.pt\/wp-content\/uploads\/2024\/04\/WhatsApp-Image-2024-04-18-at-06.47.55.jpeg 2000w\" sizes=\"auto, (max-width: 1024px) 100vw, 1024px\" \/><\/figure>\n<\/figure>\n\n\n\n<p>O Agrupamento de Escolas Em\u00eddio Garcia esteve me destaque na Final Distrital de Badminton, no escal\u00e3o de Juvenis. Nesta prova do Desporto Escolar realizada em Mirandela, os alunos do Liceu conseguiram o 1.\u00ba lugar de equipas, em juvenis femininos. As alunas Ana Choupina e Lia Meireles obtiveram um terceiro lugar, em juvenis femininos, mesma classifica\u00e7\u00e3o conseguida por Rafael Alves, em juvenis masculinos. <\/p>\n\n\n\n<p>Parab\u00e9ns a todos os participantes.<\/p>\n","protected":false},"excerpt":{"rendered":"<p>Equipas da Escola Em\u00eddio Garcia em destaque O Agrupamento de Escolas Em\u00eddio Garcia esteve me destaque na Final Distrital de Badminton, no escal\u00e3o de Juvenis. Nesta prova do Desporto Escolar realizada em Mirandela, os&#46;&#46;&#46;<\/p>\n","protected":false},"author":2,"featured_media":13783,"comment_status":"closed","ping_status":"open","sticky":false,"template":"","format":"standard","meta":{"footnotes":""},"categories":[9,16],"tags":[],"class_list":["post-13780","post","type-post","status-publish","format-standard","has-post-thumbnail","hentry","category-em-foco","category-escola-secundaria-emidio-garcia"],"_links":{"self":[{"href":"https:\/\/bojornal.pt\/index.php?rest_route=\/wp\/v2\/posts\/13780","targetHints":{"allow":["GET"]}}],"collection":[{"href":"https:\/\/bojornal.pt\/index.php?rest_route=\/wp\/v2\/posts"}],"about":[{"href":"https:\/\/bojornal.pt\/index.php?rest_route=\/wp\/v2\/types\/post"}],"author":[{"embeddable":true,"href":"https:\/\/bojornal.pt\/index.php?rest_route=\/wp\/v2\/users\/2"}],"replies":[{"embeddable":true,"href":"https:\/\/bojornal.pt\/index.php?rest_route=%2Fwp%2Fv2%2Fcomments&post=13780"}],"version-history":[{"count":0,"href":"https:\/\/bojornal.pt\/index.php?rest_route=\/wp\/v2\/posts\/13780\/revisions"}],"wp:featuredmedia":[{"embeddable":true,"href":"https:\/\/bojornal.pt\/index.php?rest_route=\/wp\/v2\/media\/13783"}],"wp:attachment":[{"href":"https:\/\/bojornal.pt\/index.php?rest_route=%2Fwp%2Fv2%2Fmedia&parent=13780"}],"wp:term":[{"taxonomy":"category","embeddable":true,"href":"https:\/\/bojornal.pt\/index.php?rest_route=%2Fwp%2Fv2%2Fcategories&post=13780"},{"taxonomy":"post_tag","embeddable":true,"href":"https:\/\/bojornal.pt\/index.php?rest_route=%2Fwp%2Fv2%2Ftags&post=13780"}],"curies":[{"name":"wp","href":"https:\/\/api.w.org\/{rel}","templated":true}]}}