{"id":13759,"date":"2024-04-15T15:54:00","date_gmt":"2024-04-15T14:54:00","guid":{"rendered":"https:\/\/bojornal.pt\/?p=13759"},"modified":"2024-04-16T22:56:49","modified_gmt":"2024-04-16T21:56:49","slug":"reciclar-para-o-ambiente-cuidar","status":"publish","type":"post","link":"https:\/\/bojornal.pt\/?p=13759","title":{"rendered":"Reciclar para o ambiente cuidar"},"content":{"rendered":"\n<figure class=\"wp-block-gallery has-nested-images columns-default is-cropped wp-block-gallery-1 is-layout-flex wp-block-gallery-is-layout-flex\">\n<figure class=\"wp-block-image size-large is-style-default\"><img loading=\"lazy\" decoding=\"async\" width=\"1024\" height=\"461\" data-id=\"13764\" src=\"https:\/\/bojornal.pt\/wp-content\/uploads\/2024\/04\/reciclar-para-ambiente-cuidar-1-1024x461.jpeg\" alt=\"\" class=\"wp-image-13764\" srcset=\"https:\/\/bojornal.pt\/wp-content\/uploads\/2024\/04\/reciclar-para-ambiente-cuidar-1-1024x461.jpeg 1024w, https:\/\/bojornal.pt\/wp-content\/uploads\/2024\/04\/reciclar-para-ambiente-cuidar-1-300x135.jpeg 300w, https:\/\/bojornal.pt\/wp-content\/uploads\/2024\/04\/reciclar-para-ambiente-cuidar-1-150x68.jpeg 150w, https:\/\/bojornal.pt\/wp-content\/uploads\/2024\/04\/reciclar-para-ambiente-cuidar-1-768x346.jpeg 768w, https:\/\/bojornal.pt\/wp-content\/uploads\/2024\/04\/reciclar-para-ambiente-cuidar-1-1536x691.jpeg 1536w, https:\/\/bojornal.pt\/wp-content\/uploads\/2024\/04\/reciclar-para-ambiente-cuidar-1.jpeg 2040w\" sizes=\"auto, (max-width: 1024px) 100vw, 1024px\" \/><\/figure>\n\n\n\n<figure class=\"wp-block-image size-large is-style-default\"><img loading=\"lazy\" decoding=\"async\" width=\"1024\" height=\"461\" data-id=\"13762\" src=\"https:\/\/bojornal.pt\/wp-content\/uploads\/2024\/04\/reciclar-para-ambiente-cuidar-2-1024x461.jpeg\" alt=\"\" class=\"wp-image-13762\" srcset=\"https:\/\/bojornal.pt\/wp-content\/uploads\/2024\/04\/reciclar-para-ambiente-cuidar-2-1024x461.jpeg 1024w, https:\/\/bojornal.pt\/wp-content\/uploads\/2024\/04\/reciclar-para-ambiente-cuidar-2-300x135.jpeg 300w, https:\/\/bojornal.pt\/wp-content\/uploads\/2024\/04\/reciclar-para-ambiente-cuidar-2-150x68.jpeg 150w, https:\/\/bojornal.pt\/wp-content\/uploads\/2024\/04\/reciclar-para-ambiente-cuidar-2-768x346.jpeg 768w, https:\/\/bojornal.pt\/wp-content\/uploads\/2024\/04\/reciclar-para-ambiente-cuidar-2-1536x691.jpeg 1536w, https:\/\/bojornal.pt\/wp-content\/uploads\/2024\/04\/reciclar-para-ambiente-cuidar-2.jpeg 2040w\" sizes=\"auto, (max-width: 1024px) 100vw, 1024px\" \/><\/figure>\n\n\n\n<figure class=\"wp-block-image size-large is-style-default\"><img loading=\"lazy\" decoding=\"async\" width=\"1024\" height=\"461\" data-id=\"13760\" src=\"https:\/\/bojornal.pt\/wp-content\/uploads\/2024\/04\/reciclar-para-ambiente-cuidar-3-1024x461.jpeg\" alt=\"\" class=\"wp-image-13760\" srcset=\"https:\/\/bojornal.pt\/wp-content\/uploads\/2024\/04\/reciclar-para-ambiente-cuidar-3-1024x461.jpeg 1024w, https:\/\/bojornal.pt\/wp-content\/uploads\/2024\/04\/reciclar-para-ambiente-cuidar-3-300x135.jpeg 300w, https:\/\/bojornal.pt\/wp-content\/uploads\/2024\/04\/reciclar-para-ambiente-cuidar-3-150x68.jpeg 150w, https:\/\/bojornal.pt\/wp-content\/uploads\/2024\/04\/reciclar-para-ambiente-cuidar-3-768x346.jpeg 768w, https:\/\/bojornal.pt\/wp-content\/uploads\/2024\/04\/reciclar-para-ambiente-cuidar-3-1536x691.jpeg 1536w, https:\/\/bojornal.pt\/wp-content\/uploads\/2024\/04\/reciclar-para-ambiente-cuidar-3.jpeg 2040w\" sizes=\"auto, (max-width: 1024px) 100vw, 1024px\" \/><\/figure>\n\n\n\n<figure class=\"wp-block-image size-large is-style-default\"><img loading=\"lazy\" decoding=\"async\" width=\"1024\" height=\"461\" data-id=\"13763\" src=\"https:\/\/bojornal.pt\/wp-content\/uploads\/2024\/04\/reciclar-para-ambiente-cuidar-4-1024x461.jpeg\" alt=\"\" class=\"wp-image-13763\" srcset=\"https:\/\/bojornal.pt\/wp-content\/uploads\/2024\/04\/reciclar-para-ambiente-cuidar-4-1024x461.jpeg 1024w, https:\/\/bojornal.pt\/wp-content\/uploads\/2024\/04\/reciclar-para-ambiente-cuidar-4-300x135.jpeg 300w, https:\/\/bojornal.pt\/wp-content\/uploads\/2024\/04\/reciclar-para-ambiente-cuidar-4-150x68.jpeg 150w, https:\/\/bojornal.pt\/wp-content\/uploads\/2024\/04\/reciclar-para-ambiente-cuidar-4-768x346.jpeg 768w, https:\/\/bojornal.pt\/wp-content\/uploads\/2024\/04\/reciclar-para-ambiente-cuidar-4-1536x691.jpeg 1536w, https:\/\/bojornal.pt\/wp-content\/uploads\/2024\/04\/reciclar-para-ambiente-cuidar-4.jpeg 2040w\" sizes=\"auto, (max-width: 1024px) 100vw, 1024px\" \/><\/figure>\n\n\n\n<figure class=\"wp-block-image size-large is-style-default\"><img loading=\"lazy\" decoding=\"async\" width=\"1024\" height=\"461\" data-id=\"13761\" src=\"https:\/\/bojornal.pt\/wp-content\/uploads\/2024\/04\/reciclar-1024x461.jpeg\" alt=\"\" class=\"wp-image-13761\" srcset=\"https:\/\/bojornal.pt\/wp-content\/uploads\/2024\/04\/reciclar-1024x461.jpeg 1024w, https:\/\/bojornal.pt\/wp-content\/uploads\/2024\/04\/reciclar-300x135.jpeg 300w, https:\/\/bojornal.pt\/wp-content\/uploads\/2024\/04\/reciclar-150x68.jpeg 150w, https:\/\/bojornal.pt\/wp-content\/uploads\/2024\/04\/reciclar-768x346.jpeg 768w, https:\/\/bojornal.pt\/wp-content\/uploads\/2024\/04\/reciclar-1536x691.jpeg 1536w, https:\/\/bojornal.pt\/wp-content\/uploads\/2024\/04\/reciclar.jpeg 2040w\" sizes=\"auto, (max-width: 1024px) 100vw, 1024px\" \/><\/figure>\n<\/figure>\n\n\n\n<p>Durante dois dias, na Escola B\u00e1sica Paulo Quintela, os alunos puderam assistir \u00e0 magia da transforma\u00e7\u00e3o do vidro de l\u00e2mpadas fluorescentes pronto para ser lixo.<\/p>\n\n\n\n<p>O Sr. Paulo, artes\u00e3o vidreiro, mostrou a sua arte dando uma breve explica\u00e7\u00e3o sobre o processo utilizado, desde a mat\u00e9ria-prima at\u00e9 ao produto final. Mas, nada melhor do que passar \u00e0 pr\u00e1tica aquilo que parecia magia e que a todos encantou com os objetos que surgiram por a\u00e7\u00e3o de uma chama incandescente,\u00a0da t\u00e9cnica do sopro e da arte de quem sabe.<\/p>\n","protected":false},"excerpt":{"rendered":"<p>Durante dois dias, na Escola B\u00e1sica Paulo Quintela, os alunos puderam assistir \u00e0 magia da transforma\u00e7\u00e3o do vidro de l\u00e2mpadas fluorescentes pronto para ser lixo. O Sr. Paulo, artes\u00e3o vidreiro, mostrou a sua arte&#46;&#46;&#46;<\/p>\n","protected":false},"author":2,"featured_media":13761,"comment_status":"closed","ping_status":"open","sticky":false,"template":"","format":"standard","meta":{"footnotes":""},"categories":[9,13],"tags":[],"class_list":["post-13759","post","type-post","status-publish","format-standard","has-post-thumbnail","hentry","category-em-foco","category-escola-paulo-quintela"],"_links":{"self":[{"href":"https:\/\/bojornal.pt\/index.php?rest_route=\/wp\/v2\/posts\/13759","targetHints":{"allow":["GET"]}}],"collection":[{"href":"https:\/\/bojornal.pt\/index.php?rest_route=\/wp\/v2\/posts"}],"about":[{"href":"https:\/\/bojornal.pt\/index.php?rest_route=\/wp\/v2\/types\/post"}],"author":[{"embeddable":true,"href":"https:\/\/bojornal.pt\/index.php?rest_route=\/wp\/v2\/users\/2"}],"replies":[{"embeddable":true,"href":"https:\/\/bojornal.pt\/index.php?rest_route=%2Fwp%2Fv2%2Fcomments&post=13759"}],"version-history":[{"count":0,"href":"https:\/\/bojornal.pt\/index.php?rest_route=\/wp\/v2\/posts\/13759\/revisions"}],"wp:featuredmedia":[{"embeddable":true,"href":"https:\/\/bojornal.pt\/index.php?rest_route=\/wp\/v2\/media\/13761"}],"wp:attachment":[{"href":"https:\/\/bojornal.pt\/index.php?rest_route=%2Fwp%2Fv2%2Fmedia&parent=13759"}],"wp:term":[{"taxonomy":"category","embeddable":true,"href":"https:\/\/bojornal.pt\/index.php?rest_route=%2Fwp%2Fv2%2Fcategories&post=13759"},{"taxonomy":"post_tag","embeddable":true,"href":"https:\/\/bojornal.pt\/index.php?rest_route=%2Fwp%2Fv2%2Ftags&post=13759"}],"curies":[{"name":"wp","href":"https:\/\/api.w.org\/{rel}","templated":true}]}}