{"id":13641,"date":"2024-03-30T10:25:59","date_gmt":"2024-03-30T10:25:59","guid":{"rendered":"https:\/\/bojornal.pt\/?p=13641"},"modified":"2024-03-30T10:35:27","modified_gmt":"2024-03-30T10:35:27","slug":"sarau-de-poesia-no-liceu","status":"publish","type":"post","link":"https:\/\/bojornal.pt\/?p=13641","title":{"rendered":"Sarau de Poesia no Liceu"},"content":{"rendered":"\n<p><strong><em>Celebrar o Dia Mundial da Poesia, na Escola Secund\u00e1ria Em\u00eddio Garcia<\/em><\/strong><\/p>\n\n\n\n<figure class=\"wp-block-gallery has-nested-images columns-default is-cropped wp-block-gallery-1 is-layout-flex wp-block-gallery-is-layout-flex\">\n<figure class=\"wp-block-image size-large is-style-default\"><img loading=\"lazy\" decoding=\"async\" width=\"1024\" height=\"768\" data-id=\"13642\" src=\"https:\/\/bojornal.pt\/wp-content\/uploads\/2024\/03\/SARAU-DE-POESIA-1-1024x768.jpeg\" alt=\"\" class=\"wp-image-13642\" srcset=\"https:\/\/bojornal.pt\/wp-content\/uploads\/2024\/03\/SARAU-DE-POESIA-1-1024x768.jpeg 1024w, https:\/\/bojornal.pt\/wp-content\/uploads\/2024\/03\/SARAU-DE-POESIA-1-300x225.jpeg 300w, https:\/\/bojornal.pt\/wp-content\/uploads\/2024\/03\/SARAU-DE-POESIA-1-150x113.jpeg 150w, https:\/\/bojornal.pt\/wp-content\/uploads\/2024\/03\/SARAU-DE-POESIA-1-768x576.jpeg 768w, https:\/\/bojornal.pt\/wp-content\/uploads\/2024\/03\/SARAU-DE-POESIA-1-1536x1152.jpeg 1536w, https:\/\/bojornal.pt\/wp-content\/uploads\/2024\/03\/SARAU-DE-POESIA-1.jpeg 2048w\" sizes=\"auto, (max-width: 1024px) 100vw, 1024px\" \/><\/figure>\n\n\n\n<figure class=\"wp-block-image size-large is-style-default\"><img loading=\"lazy\" decoding=\"async\" width=\"1024\" height=\"495\" data-id=\"13689\" src=\"https:\/\/bojornal.pt\/wp-content\/uploads\/2024\/03\/SARAU-DE-POESIA-17-1024x495.jpg\" alt=\"\" class=\"wp-image-13689\" srcset=\"https:\/\/bojornal.pt\/wp-content\/uploads\/2024\/03\/SARAU-DE-POESIA-17-1024x495.jpg 1024w, https:\/\/bojornal.pt\/wp-content\/uploads\/2024\/03\/SARAU-DE-POESIA-17-300x145.jpg 300w, https:\/\/bojornal.pt\/wp-content\/uploads\/2024\/03\/SARAU-DE-POESIA-17-150x73.jpg 150w, https:\/\/bojornal.pt\/wp-content\/uploads\/2024\/03\/SARAU-DE-POESIA-17-768x372.jpg 768w, https:\/\/bojornal.pt\/wp-content\/uploads\/2024\/03\/SARAU-DE-POESIA-17-1536x743.jpg 1536w, https:\/\/bojornal.pt\/wp-content\/uploads\/2024\/03\/SARAU-DE-POESIA-17-2048x991.jpg 2048w\" sizes=\"auto, (max-width: 1024px) 100vw, 1024px\" \/><\/figure>\n\n\n\n<figure class=\"wp-block-image size-large is-style-default\"><img loading=\"lazy\" decoding=\"async\" width=\"1024\" height=\"576\" data-id=\"13692\" src=\"https:\/\/bojornal.pt\/wp-content\/uploads\/2024\/03\/SARAU-DE-POESIA-19-1024x576.jpg\" alt=\"\" class=\"wp-image-13692\" srcset=\"https:\/\/bojornal.pt\/wp-content\/uploads\/2024\/03\/SARAU-DE-POESIA-19-1024x576.jpg 1024w, https:\/\/bojornal.pt\/wp-content\/uploads\/2024\/03\/SARAU-DE-POESIA-19-300x169.jpg 300w, https:\/\/bojornal.pt\/wp-content\/uploads\/2024\/03\/SARAU-DE-POESIA-19-150x84.jpg 150w, https:\/\/bojornal.pt\/wp-content\/uploads\/2024\/03\/SARAU-DE-POESIA-19-768x432.jpg 768w, https:\/\/bojornal.pt\/wp-content\/uploads\/2024\/03\/SARAU-DE-POESIA-19-1536x864.jpg 1536w, https:\/\/bojornal.pt\/wp-content\/uploads\/2024\/03\/SARAU-DE-POESIA-19-2048x1152.jpg 2048w\" sizes=\"auto, (max-width: 1024px) 100vw, 1024px\" \/><\/figure>\n\n\n\n<figure class=\"wp-block-image size-large is-style-default\"><img loading=\"lazy\" decoding=\"async\" width=\"1024\" height=\"633\" data-id=\"13668\" src=\"https:\/\/bojornal.pt\/wp-content\/uploads\/2024\/03\/SARAU-DE-POESIA-46-1024x633.jpg\" alt=\"\" class=\"wp-image-13668\" srcset=\"https:\/\/bojornal.pt\/wp-content\/uploads\/2024\/03\/SARAU-DE-POESIA-46-1024x633.jpg 1024w, https:\/\/bojornal.pt\/wp-content\/uploads\/2024\/03\/SARAU-DE-POESIA-46-300x185.jpg 300w, https:\/\/bojornal.pt\/wp-content\/uploads\/2024\/03\/SARAU-DE-POESIA-46-150x93.jpg 150w, https:\/\/bojornal.pt\/wp-content\/uploads\/2024\/03\/SARAU-DE-POESIA-46-768x475.jpg 768w, https:\/\/bojornal.pt\/wp-content\/uploads\/2024\/03\/SARAU-DE-POESIA-46-1536x950.jpg 1536w, https:\/\/bojornal.pt\/wp-content\/uploads\/2024\/03\/SARAU-DE-POESIA-46-2048x1266.jpg 2048w\" sizes=\"auto, (max-width: 1024px) 100vw, 1024px\" \/><\/figure>\n\n\n\n<figure class=\"wp-block-image size-large is-style-default\"><img loading=\"lazy\" decoding=\"async\" width=\"1024\" height=\"655\" data-id=\"13649\" src=\"https:\/\/bojornal.pt\/wp-content\/uploads\/2024\/03\/SARAU-DE-POESIA-53-1024x655.jpg\" alt=\"\" class=\"wp-image-13649\" srcset=\"https:\/\/bojornal.pt\/wp-content\/uploads\/2024\/03\/SARAU-DE-POESIA-53-1024x655.jpg 1024w, https:\/\/bojornal.pt\/wp-content\/uploads\/2024\/03\/SARAU-DE-POESIA-53-300x192.jpg 300w, https:\/\/bojornal.pt\/wp-content\/uploads\/2024\/03\/SARAU-DE-POESIA-53-150x96.jpg 150w, https:\/\/bojornal.pt\/wp-content\/uploads\/2024\/03\/SARAU-DE-POESIA-53-768x491.jpg 768w, https:\/\/bojornal.pt\/wp-content\/uploads\/2024\/03\/SARAU-DE-POESIA-53-1536x982.jpg 1536w, https:\/\/bojornal.pt\/wp-content\/uploads\/2024\/03\/SARAU-DE-POESIA-53-2048x1309.jpg 2048w\" sizes=\"auto, (max-width: 1024px) 100vw, 1024px\" \/><\/figure>\n\n\n\n<figure class=\"wp-block-image size-large is-style-default\"><img loading=\"lazy\" decoding=\"async\" width=\"1024\" height=\"650\" data-id=\"13675\" src=\"https:\/\/bojornal.pt\/wp-content\/uploads\/2024\/03\/SARAU-DE-POESIA-64-1024x650.jpg\" alt=\"\" class=\"wp-image-13675\" srcset=\"https:\/\/bojornal.pt\/wp-content\/uploads\/2024\/03\/SARAU-DE-POESIA-64-1024x650.jpg 1024w, https:\/\/bojornal.pt\/wp-content\/uploads\/2024\/03\/SARAU-DE-POESIA-64-300x190.jpg 300w, https:\/\/bojornal.pt\/wp-content\/uploads\/2024\/03\/SARAU-DE-POESIA-64-150x95.jpg 150w, https:\/\/bojornal.pt\/wp-content\/uploads\/2024\/03\/SARAU-DE-POESIA-64-768x487.jpg 768w, https:\/\/bojornal.pt\/wp-content\/uploads\/2024\/03\/SARAU-DE-POESIA-64-1536x975.jpg 1536w, https:\/\/bojornal.pt\/wp-content\/uploads\/2024\/03\/SARAU-DE-POESIA-64-2048x1300.jpg 2048w\" sizes=\"auto, (max-width: 1024px) 100vw, 1024px\" \/><\/figure>\n\n\n\n<figure class=\"wp-block-image size-large is-style-default\"><img loading=\"lazy\" decoding=\"async\" width=\"744\" height=\"1024\" data-id=\"13648\" src=\"https:\/\/bojornal.pt\/wp-content\/uploads\/2024\/03\/SARAU-DE-POESIA-71-744x1024.jpg\" alt=\"\" class=\"wp-image-13648\" srcset=\"https:\/\/bojornal.pt\/wp-content\/uploads\/2024\/03\/SARAU-DE-POESIA-71-744x1024.jpg 744w, https:\/\/bojornal.pt\/wp-content\/uploads\/2024\/03\/SARAU-DE-POESIA-71-218x300.jpg 218w, https:\/\/bojornal.pt\/wp-content\/uploads\/2024\/03\/SARAU-DE-POESIA-71-109x150.jpg 109w, https:\/\/bojornal.pt\/wp-content\/uploads\/2024\/03\/SARAU-DE-POESIA-71-768x1056.jpg 768w, https:\/\/bojornal.pt\/wp-content\/uploads\/2024\/03\/SARAU-DE-POESIA-71-1117x1536.jpg 1117w, https:\/\/bojornal.pt\/wp-content\/uploads\/2024\/03\/SARAU-DE-POESIA-71-1489x2048.jpg 1489w, https:\/\/bojornal.pt\/wp-content\/uploads\/2024\/03\/SARAU-DE-POESIA-71-scaled.jpg 1861w\" sizes=\"auto, (max-width: 744px) 100vw, 744px\" \/><\/figure>\n\n\n\n<figure class=\"wp-block-image size-large is-style-default\"><img loading=\"lazy\" decoding=\"async\" width=\"642\" height=\"1024\" data-id=\"13645\" src=\"https:\/\/bojornal.pt\/wp-content\/uploads\/2024\/03\/SARAU-DE-POESIA-73-642x1024.jpg\" alt=\"\" class=\"wp-image-13645\" srcset=\"https:\/\/bojornal.pt\/wp-content\/uploads\/2024\/03\/SARAU-DE-POESIA-73-642x1024.jpg 642w, https:\/\/bojornal.pt\/wp-content\/uploads\/2024\/03\/SARAU-DE-POESIA-73-188x300.jpg 188w, https:\/\/bojornal.pt\/wp-content\/uploads\/2024\/03\/SARAU-DE-POESIA-73-94x150.jpg 94w, https:\/\/bojornal.pt\/wp-content\/uploads\/2024\/03\/SARAU-DE-POESIA-73-768x1224.jpg 768w, https:\/\/bojornal.pt\/wp-content\/uploads\/2024\/03\/SARAU-DE-POESIA-73-964x1536.jpg 964w, https:\/\/bojornal.pt\/wp-content\/uploads\/2024\/03\/SARAU-DE-POESIA-73-1285x2048.jpg 1285w, https:\/\/bojornal.pt\/wp-content\/uploads\/2024\/03\/SARAU-DE-POESIA-73-scaled.jpg 1606w\" sizes=\"auto, (max-width: 642px) 100vw, 642px\" \/><\/figure>\n\n\n\n<figure class=\"wp-block-image size-large is-style-default\"><img loading=\"lazy\" decoding=\"async\" width=\"747\" height=\"1024\" data-id=\"13660\" src=\"https:\/\/bojornal.pt\/wp-content\/uploads\/2024\/03\/SARAU-DE-POESIA-75-747x1024.jpg\" alt=\"\" class=\"wp-image-13660\" srcset=\"https:\/\/bojornal.pt\/wp-content\/uploads\/2024\/03\/SARAU-DE-POESIA-75-747x1024.jpg 747w, https:\/\/bojornal.pt\/wp-content\/uploads\/2024\/03\/SARAU-DE-POESIA-75-219x300.jpg 219w, https:\/\/bojornal.pt\/wp-content\/uploads\/2024\/03\/SARAU-DE-POESIA-75-109x150.jpg 109w, https:\/\/bojornal.pt\/wp-content\/uploads\/2024\/03\/SARAU-DE-POESIA-75-768x1053.jpg 768w, https:\/\/bojornal.pt\/wp-content\/uploads\/2024\/03\/SARAU-DE-POESIA-75-1120x1536.jpg 1120w, https:\/\/bojornal.pt\/wp-content\/uploads\/2024\/03\/SARAU-DE-POESIA-75-1494x2048.jpg 1494w, https:\/\/bojornal.pt\/wp-content\/uploads\/2024\/03\/SARAU-DE-POESIA-75-scaled.jpg 1867w\" sizes=\"auto, (max-width: 747px) 100vw, 747px\" \/><\/figure>\n\n\n\n<figure class=\"wp-block-image size-large is-style-default\"><img loading=\"lazy\" decoding=\"async\" width=\"1024\" height=\"523\" data-id=\"13652\" src=\"https:\/\/bojornal.pt\/wp-content\/uploads\/2024\/03\/SARAU-DE-POESIA-76-1024x523.jpg\" alt=\"\" class=\"wp-image-13652\" srcset=\"https:\/\/bojornal.pt\/wp-content\/uploads\/2024\/03\/SARAU-DE-POESIA-76-1024x523.jpg 1024w, https:\/\/bojornal.pt\/wp-content\/uploads\/2024\/03\/SARAU-DE-POESIA-76-300x153.jpg 300w, https:\/\/bojornal.pt\/wp-content\/uploads\/2024\/03\/SARAU-DE-POESIA-76-150x77.jpg 150w, https:\/\/bojornal.pt\/wp-content\/uploads\/2024\/03\/SARAU-DE-POESIA-76-768x392.jpg 768w, https:\/\/bojornal.pt\/wp-content\/uploads\/2024\/03\/SARAU-DE-POESIA-76-1536x785.jpg 1536w, https:\/\/bojornal.pt\/wp-content\/uploads\/2024\/03\/SARAU-DE-POESIA-76-2048x1046.jpg 2048w\" sizes=\"auto, (max-width: 1024px) 100vw, 1024px\" \/><\/figure>\n\n\n\n<figure class=\"wp-block-image size-large is-style-default\"><img loading=\"lazy\" decoding=\"async\" width=\"1024\" height=\"564\" data-id=\"13667\" src=\"https:\/\/bojornal.pt\/wp-content\/uploads\/2024\/03\/SARAU-DE-POESIA-81-1024x564.jpg\" alt=\"\" class=\"wp-image-13667\" srcset=\"https:\/\/bojornal.pt\/wp-content\/uploads\/2024\/03\/SARAU-DE-POESIA-81-1024x564.jpg 1024w, https:\/\/bojornal.pt\/wp-content\/uploads\/2024\/03\/SARAU-DE-POESIA-81-300x165.jpg 300w, https:\/\/bojornal.pt\/wp-content\/uploads\/2024\/03\/SARAU-DE-POESIA-81-150x83.jpg 150w, https:\/\/bojornal.pt\/wp-content\/uploads\/2024\/03\/SARAU-DE-POESIA-81-768x423.jpg 768w, https:\/\/bojornal.pt\/wp-content\/uploads\/2024\/03\/SARAU-DE-POESIA-81-1536x847.jpg 1536w, https:\/\/bojornal.pt\/wp-content\/uploads\/2024\/03\/SARAU-DE-POESIA-81-2048x1129.jpg 2048w\" sizes=\"auto, (max-width: 1024px) 100vw, 1024px\" \/><\/figure>\n\n\n\n<figure class=\"wp-block-image size-large is-style-default\"><img loading=\"lazy\" decoding=\"async\" width=\"1024\" height=\"546\" data-id=\"13673\" src=\"https:\/\/bojornal.pt\/wp-content\/uploads\/2024\/03\/SARAU-DE-POESIA-97-1024x546.jpg\" alt=\"\" class=\"wp-image-13673\" srcset=\"https:\/\/bojornal.pt\/wp-content\/uploads\/2024\/03\/SARAU-DE-POESIA-97-1024x546.jpg 1024w, https:\/\/bojornal.pt\/wp-content\/uploads\/2024\/03\/SARAU-DE-POESIA-97-300x160.jpg 300w, https:\/\/bojornal.pt\/wp-content\/uploads\/2024\/03\/SARAU-DE-POESIA-97-150x80.jpg 150w, https:\/\/bojornal.pt\/wp-content\/uploads\/2024\/03\/SARAU-DE-POESIA-97-768x410.jpg 768w, https:\/\/bojornal.pt\/wp-content\/uploads\/2024\/03\/SARAU-DE-POESIA-97-1536x819.jpg 1536w, https:\/\/bojornal.pt\/wp-content\/uploads\/2024\/03\/SARAU-DE-POESIA-97-2048x1093.jpg 2048w\" sizes=\"auto, (max-width: 1024px) 100vw, 1024px\" \/><\/figure>\n\n\n\n<figure class=\"wp-block-image size-large is-style-default\"><img loading=\"lazy\" decoding=\"async\" width=\"1024\" height=\"647\" data-id=\"13685\" src=\"https:\/\/bojornal.pt\/wp-content\/uploads\/2024\/03\/SARAU-DE-POESIA-112-1024x647.jpg\" alt=\"\" class=\"wp-image-13685\" srcset=\"https:\/\/bojornal.pt\/wp-content\/uploads\/2024\/03\/SARAU-DE-POESIA-112-1024x647.jpg 1024w, https:\/\/bojornal.pt\/wp-content\/uploads\/2024\/03\/SARAU-DE-POESIA-112-300x189.jpg 300w, https:\/\/bojornal.pt\/wp-content\/uploads\/2024\/03\/SARAU-DE-POESIA-112-150x95.jpg 150w, https:\/\/bojornal.pt\/wp-content\/uploads\/2024\/03\/SARAU-DE-POESIA-112-768x485.jpg 768w, https:\/\/bojornal.pt\/wp-content\/uploads\/2024\/03\/SARAU-DE-POESIA-112-1536x970.jpg 1536w, https:\/\/bojornal.pt\/wp-content\/uploads\/2024\/03\/SARAU-DE-POESIA-112-2048x1293.jpg 2048w\" sizes=\"auto, (max-width: 1024px) 100vw, 1024px\" \/><\/figure>\n\n\n\n<figure class=\"wp-block-image size-large is-style-default\"><img loading=\"lazy\" decoding=\"async\" width=\"1024\" height=\"458\" data-id=\"13677\" src=\"https:\/\/bojornal.pt\/wp-content\/uploads\/2024\/03\/SARAU-DE-POESIA-125-1024x458.jpg\" alt=\"\" class=\"wp-image-13677\" srcset=\"https:\/\/bojornal.pt\/wp-content\/uploads\/2024\/03\/SARAU-DE-POESIA-125-1024x458.jpg 1024w, https:\/\/bojornal.pt\/wp-content\/uploads\/2024\/03\/SARAU-DE-POESIA-125-300x134.jpg 300w, https:\/\/bojornal.pt\/wp-content\/uploads\/2024\/03\/SARAU-DE-POESIA-125-150x67.jpg 150w, https:\/\/bojornal.pt\/wp-content\/uploads\/2024\/03\/SARAU-DE-POESIA-125-768x344.jpg 768w, https:\/\/bojornal.pt\/wp-content\/uploads\/2024\/03\/SARAU-DE-POESIA-125-1536x687.jpg 1536w, https:\/\/bojornal.pt\/wp-content\/uploads\/2024\/03\/SARAU-DE-POESIA-125-2048x917.jpg 2048w\" sizes=\"auto, (max-width: 1024px) 100vw, 1024px\" \/><\/figure>\n\n\n\n<figure class=\"wp-block-image size-large is-style-default\"><img loading=\"lazy\" decoding=\"async\" width=\"1024\" height=\"593\" data-id=\"13674\" src=\"https:\/\/bojornal.pt\/wp-content\/uploads\/2024\/03\/SARAU-DE-POESIA-127-1024x593.jpg\" alt=\"\" class=\"wp-image-13674\" srcset=\"https:\/\/bojornal.pt\/wp-content\/uploads\/2024\/03\/SARAU-DE-POESIA-127-1024x593.jpg 1024w, https:\/\/bojornal.pt\/wp-content\/uploads\/2024\/03\/SARAU-DE-POESIA-127-300x174.jpg 300w, https:\/\/bojornal.pt\/wp-content\/uploads\/2024\/03\/SARAU-DE-POESIA-127-150x87.jpg 150w, https:\/\/bojornal.pt\/wp-content\/uploads\/2024\/03\/SARAU-DE-POESIA-127-768x445.jpg 768w, https:\/\/bojornal.pt\/wp-content\/uploads\/2024\/03\/SARAU-DE-POESIA-127-1536x890.jpg 1536w, https:\/\/bojornal.pt\/wp-content\/uploads\/2024\/03\/SARAU-DE-POESIA-127-2048x1187.jpg 2048w\" sizes=\"auto, (max-width: 1024px) 100vw, 1024px\" \/><\/figure>\n\n\n\n<figure class=\"wp-block-image size-large is-style-default\"><img loading=\"lazy\" decoding=\"async\" width=\"1024\" height=\"460\" data-id=\"13682\" src=\"https:\/\/bojornal.pt\/wp-content\/uploads\/2024\/03\/SARAU-DE-POESIA-128-1024x460.jpg\" alt=\"\" class=\"wp-image-13682\" srcset=\"https:\/\/bojornal.pt\/wp-content\/uploads\/2024\/03\/SARAU-DE-POESIA-128-1024x460.jpg 1024w, https:\/\/bojornal.pt\/wp-content\/uploads\/2024\/03\/SARAU-DE-POESIA-128-300x135.jpg 300w, https:\/\/bojornal.pt\/wp-content\/uploads\/2024\/03\/SARAU-DE-POESIA-128-150x67.jpg 150w, https:\/\/bojornal.pt\/wp-content\/uploads\/2024\/03\/SARAU-DE-POESIA-128-768x345.jpg 768w, https:\/\/bojornal.pt\/wp-content\/uploads\/2024\/03\/SARAU-DE-POESIA-128-1536x691.jpg 1536w, https:\/\/bojornal.pt\/wp-content\/uploads\/2024\/03\/SARAU-DE-POESIA-128-2048x921.jpg 2048w\" sizes=\"auto, (max-width: 1024px) 100vw, 1024px\" \/><\/figure>\n\n\n\n<figure class=\"wp-block-image size-large is-style-default\"><img loading=\"lazy\" decoding=\"async\" width=\"1024\" height=\"602\" data-id=\"13691\" src=\"https:\/\/bojornal.pt\/wp-content\/uploads\/2024\/03\/SARAU-DE-POESIA-129-1024x602.jpg\" alt=\"\" class=\"wp-image-13691\" srcset=\"https:\/\/bojornal.pt\/wp-content\/uploads\/2024\/03\/SARAU-DE-POESIA-129-1024x602.jpg 1024w, https:\/\/bojornal.pt\/wp-content\/uploads\/2024\/03\/SARAU-DE-POESIA-129-300x176.jpg 300w, https:\/\/bojornal.pt\/wp-content\/uploads\/2024\/03\/SARAU-DE-POESIA-129-150x88.jpg 150w, https:\/\/bojornal.pt\/wp-content\/uploads\/2024\/03\/SARAU-DE-POESIA-129-768x451.jpg 768w, https:\/\/bojornal.pt\/wp-content\/uploads\/2024\/03\/SARAU-DE-POESIA-129-1536x902.jpg 1536w, https:\/\/bojornal.pt\/wp-content\/uploads\/2024\/03\/SARAU-DE-POESIA-129-2048x1203.jpg 2048w\" sizes=\"auto, (max-width: 1024px) 100vw, 1024px\" \/><\/figure>\n\n\n\n<figure class=\"wp-block-image size-large is-style-default\"><img loading=\"lazy\" decoding=\"async\" width=\"1024\" height=\"597\" data-id=\"13650\" src=\"https:\/\/bojornal.pt\/wp-content\/uploads\/2024\/03\/SARAU-DE-POESIA-133-1024x597.jpg\" alt=\"\" class=\"wp-image-13650\" srcset=\"https:\/\/bojornal.pt\/wp-content\/uploads\/2024\/03\/SARAU-DE-POESIA-133-1024x597.jpg 1024w, https:\/\/bojornal.pt\/wp-content\/uploads\/2024\/03\/SARAU-DE-POESIA-133-300x175.jpg 300w, https:\/\/bojornal.pt\/wp-content\/uploads\/2024\/03\/SARAU-DE-POESIA-133-150x88.jpg 150w, https:\/\/bojornal.pt\/wp-content\/uploads\/2024\/03\/SARAU-DE-POESIA-133-768x448.jpg 768w, https:\/\/bojornal.pt\/wp-content\/uploads\/2024\/03\/SARAU-DE-POESIA-133-1536x896.jpg 1536w, https:\/\/bojornal.pt\/wp-content\/uploads\/2024\/03\/SARAU-DE-POESIA-133-2048x1195.jpg 2048w\" sizes=\"auto, (max-width: 1024px) 100vw, 1024px\" \/><\/figure>\n\n\n\n<figure class=\"wp-block-image size-large is-style-default\"><img loading=\"lazy\" decoding=\"async\" width=\"1024\" height=\"658\" data-id=\"13659\" src=\"https:\/\/bojornal.pt\/wp-content\/uploads\/2024\/03\/SARAU-DE-POESIA-134-1024x658.jpg\" alt=\"\" class=\"wp-image-13659\" srcset=\"https:\/\/bojornal.pt\/wp-content\/uploads\/2024\/03\/SARAU-DE-POESIA-134-1024x658.jpg 1024w, https:\/\/bojornal.pt\/wp-content\/uploads\/2024\/03\/SARAU-DE-POESIA-134-300x193.jpg 300w, https:\/\/bojornal.pt\/wp-content\/uploads\/2024\/03\/SARAU-DE-POESIA-134-150x96.jpg 150w, https:\/\/bojornal.pt\/wp-content\/uploads\/2024\/03\/SARAU-DE-POESIA-134-768x494.jpg 768w, https:\/\/bojornal.pt\/wp-content\/uploads\/2024\/03\/SARAU-DE-POESIA-134-1536x988.jpg 1536w, https:\/\/bojornal.pt\/wp-content\/uploads\/2024\/03\/SARAU-DE-POESIA-134-2048x1317.jpg 2048w\" sizes=\"auto, (max-width: 1024px) 100vw, 1024px\" \/><\/figure>\n\n\n\n<figure class=\"wp-block-image size-large is-style-default\"><img loading=\"lazy\" decoding=\"async\" width=\"1024\" height=\"695\" data-id=\"13647\" src=\"https:\/\/bojornal.pt\/wp-content\/uploads\/2024\/03\/SARAU-DE-POESIA-138-1024x695.jpg\" alt=\"\" class=\"wp-image-13647\" srcset=\"https:\/\/bojornal.pt\/wp-content\/uploads\/2024\/03\/SARAU-DE-POESIA-138-1024x695.jpg 1024w, https:\/\/bojornal.pt\/wp-content\/uploads\/2024\/03\/SARAU-DE-POESIA-138-300x204.jpg 300w, https:\/\/bojornal.pt\/wp-content\/uploads\/2024\/03\/SARAU-DE-POESIA-138-150x102.jpg 150w, https:\/\/bojornal.pt\/wp-content\/uploads\/2024\/03\/SARAU-DE-POESIA-138-768x522.jpg 768w, https:\/\/bojornal.pt\/wp-content\/uploads\/2024\/03\/SARAU-DE-POESIA-138-1536x1043.jpg 1536w, https:\/\/bojornal.pt\/wp-content\/uploads\/2024\/03\/SARAU-DE-POESIA-138-2048x1391.jpg 2048w\" sizes=\"auto, (max-width: 1024px) 100vw, 1024px\" \/><\/figure>\n\n\n\n<figure class=\"wp-block-image size-large is-style-default\"><img loading=\"lazy\" decoding=\"async\" width=\"1024\" height=\"539\" data-id=\"13657\" src=\"https:\/\/bojornal.pt\/wp-content\/uploads\/2024\/03\/SARAU-DE-POESIA-146-1024x539.jpg\" alt=\"\" class=\"wp-image-13657\" srcset=\"https:\/\/bojornal.pt\/wp-content\/uploads\/2024\/03\/SARAU-DE-POESIA-146-1024x539.jpg 1024w, https:\/\/bojornal.pt\/wp-content\/uploads\/2024\/03\/SARAU-DE-POESIA-146-300x158.jpg 300w, https:\/\/bojornal.pt\/wp-content\/uploads\/2024\/03\/SARAU-DE-POESIA-146-150x79.jpg 150w, https:\/\/bojornal.pt\/wp-content\/uploads\/2024\/03\/SARAU-DE-POESIA-146-768x404.jpg 768w, https:\/\/bojornal.pt\/wp-content\/uploads\/2024\/03\/SARAU-DE-POESIA-146-1536x809.jpg 1536w, https:\/\/bojornal.pt\/wp-content\/uploads\/2024\/03\/SARAU-DE-POESIA-146-2048x1079.jpg 2048w\" sizes=\"auto, (max-width: 1024px) 100vw, 1024px\" \/><\/figure>\n\n\n\n<figure class=\"wp-block-image size-large is-style-default\"><img loading=\"lazy\" decoding=\"async\" width=\"1024\" height=\"548\" data-id=\"13653\" src=\"https:\/\/bojornal.pt\/wp-content\/uploads\/2024\/03\/SARAU-DE-POESIA-152-1024x548.jpg\" alt=\"\" class=\"wp-image-13653\" srcset=\"https:\/\/bojornal.pt\/wp-content\/uploads\/2024\/03\/SARAU-DE-POESIA-152-1024x548.jpg 1024w, https:\/\/bojornal.pt\/wp-content\/uploads\/2024\/03\/SARAU-DE-POESIA-152-300x160.jpg 300w, https:\/\/bojornal.pt\/wp-content\/uploads\/2024\/03\/SARAU-DE-POESIA-152-150x80.jpg 150w, https:\/\/bojornal.pt\/wp-content\/uploads\/2024\/03\/SARAU-DE-POESIA-152-768x411.jpg 768w, https:\/\/bojornal.pt\/wp-content\/uploads\/2024\/03\/SARAU-DE-POESIA-152-1536x821.jpg 1536w, https:\/\/bojornal.pt\/wp-content\/uploads\/2024\/03\/SARAU-DE-POESIA-152-2048x1095.jpg 2048w\" sizes=\"auto, (max-width: 1024px) 100vw, 1024px\" \/><\/figure>\n\n\n\n<figure class=\"wp-block-image size-large is-style-default\"><img loading=\"lazy\" decoding=\"async\" width=\"1024\" height=\"607\" data-id=\"13651\" src=\"https:\/\/bojornal.pt\/wp-content\/uploads\/2024\/03\/SARAU-DE-POESIA-154-1024x607.jpg\" alt=\"\" class=\"wp-image-13651\" srcset=\"https:\/\/bojornal.pt\/wp-content\/uploads\/2024\/03\/SARAU-DE-POESIA-154-1024x607.jpg 1024w, https:\/\/bojornal.pt\/wp-content\/uploads\/2024\/03\/SARAU-DE-POESIA-154-300x178.jpg 300w, https:\/\/bojornal.pt\/wp-content\/uploads\/2024\/03\/SARAU-DE-POESIA-154-150x89.jpg 150w, https:\/\/bojornal.pt\/wp-content\/uploads\/2024\/03\/SARAU-DE-POESIA-154-768x456.jpg 768w, https:\/\/bojornal.pt\/wp-content\/uploads\/2024\/03\/SARAU-DE-POESIA-154-1536x911.jpg 1536w, https:\/\/bojornal.pt\/wp-content\/uploads\/2024\/03\/SARAU-DE-POESIA-154-2048x1215.jpg 2048w\" sizes=\"auto, (max-width: 1024px) 100vw, 1024px\" \/><\/figure>\n\n\n\n<figure class=\"wp-block-image size-large is-style-default\"><img loading=\"lazy\" decoding=\"async\" width=\"1024\" height=\"664\" data-id=\"13661\" src=\"https:\/\/bojornal.pt\/wp-content\/uploads\/2024\/03\/SARAU-DE-POESIA-157-1024x664.jpg\" alt=\"\" class=\"wp-image-13661\" srcset=\"https:\/\/bojornal.pt\/wp-content\/uploads\/2024\/03\/SARAU-DE-POESIA-157-1024x664.jpg 1024w, https:\/\/bojornal.pt\/wp-content\/uploads\/2024\/03\/SARAU-DE-POESIA-157-300x195.jpg 300w, https:\/\/bojornal.pt\/wp-content\/uploads\/2024\/03\/SARAU-DE-POESIA-157-150x97.jpg 150w, https:\/\/bojornal.pt\/wp-content\/uploads\/2024\/03\/SARAU-DE-POESIA-157-768x498.jpg 768w, https:\/\/bojornal.pt\/wp-content\/uploads\/2024\/03\/SARAU-DE-POESIA-157-1536x996.jpg 1536w, https:\/\/bojornal.pt\/wp-content\/uploads\/2024\/03\/SARAU-DE-POESIA-157-2048x1329.jpg 2048w\" sizes=\"auto, (max-width: 1024px) 100vw, 1024px\" \/><\/figure>\n\n\n\n<figure class=\"wp-block-image size-large is-style-default\"><img loading=\"lazy\" decoding=\"async\" width=\"1024\" height=\"556\" data-id=\"13655\" src=\"https:\/\/bojornal.pt\/wp-content\/uploads\/2024\/03\/SARAU-DE-POESIA-167-1024x556.jpg\" alt=\"\" class=\"wp-image-13655\" srcset=\"https:\/\/bojornal.pt\/wp-content\/uploads\/2024\/03\/SARAU-DE-POESIA-167-1024x556.jpg 1024w, https:\/\/bojornal.pt\/wp-content\/uploads\/2024\/03\/SARAU-DE-POESIA-167-300x163.jpg 300w, https:\/\/bojornal.pt\/wp-content\/uploads\/2024\/03\/SARAU-DE-POESIA-167-150x81.jpg 150w, https:\/\/bojornal.pt\/wp-content\/uploads\/2024\/03\/SARAU-DE-POESIA-167-768x417.jpg 768w, https:\/\/bojornal.pt\/wp-content\/uploads\/2024\/03\/SARAU-DE-POESIA-167-1536x834.jpg 1536w, https:\/\/bojornal.pt\/wp-content\/uploads\/2024\/03\/SARAU-DE-POESIA-167-2048x1112.jpg 2048w\" sizes=\"auto, (max-width: 1024px) 100vw, 1024px\" \/><\/figure>\n\n\n\n<figure class=\"wp-block-image size-large is-style-default\"><img loading=\"lazy\" decoding=\"async\" width=\"1024\" height=\"466\" data-id=\"13646\" src=\"https:\/\/bojornal.pt\/wp-content\/uploads\/2024\/03\/SARAU-DE-POESIA-170-1024x466.jpg\" alt=\"\" class=\"wp-image-13646\" srcset=\"https:\/\/bojornal.pt\/wp-content\/uploads\/2024\/03\/SARAU-DE-POESIA-170-1024x466.jpg 1024w, https:\/\/bojornal.pt\/wp-content\/uploads\/2024\/03\/SARAU-DE-POESIA-170-300x137.jpg 300w, https:\/\/bojornal.pt\/wp-content\/uploads\/2024\/03\/SARAU-DE-POESIA-170-150x68.jpg 150w, https:\/\/bojornal.pt\/wp-content\/uploads\/2024\/03\/SARAU-DE-POESIA-170-768x350.jpg 768w, https:\/\/bojornal.pt\/wp-content\/uploads\/2024\/03\/SARAU-DE-POESIA-170-1536x699.jpg 1536w, https:\/\/bojornal.pt\/wp-content\/uploads\/2024\/03\/SARAU-DE-POESIA-170-2048x933.jpg 2048w\" sizes=\"auto, (max-width: 1024px) 100vw, 1024px\" \/><\/figure>\n\n\n\n<figure class=\"wp-block-image size-large is-style-default\"><img loading=\"lazy\" decoding=\"async\" width=\"1024\" height=\"739\" data-id=\"13643\" src=\"https:\/\/bojornal.pt\/wp-content\/uploads\/2024\/03\/SARAU-DE-POESIA-172-1024x739.jpg\" alt=\"\" class=\"wp-image-13643\" srcset=\"https:\/\/bojornal.pt\/wp-content\/uploads\/2024\/03\/SARAU-DE-POESIA-172-1024x739.jpg 1024w, https:\/\/bojornal.pt\/wp-content\/uploads\/2024\/03\/SARAU-DE-POESIA-172-300x216.jpg 300w, https:\/\/bojornal.pt\/wp-content\/uploads\/2024\/03\/SARAU-DE-POESIA-172-150x108.jpg 150w, https:\/\/bojornal.pt\/wp-content\/uploads\/2024\/03\/SARAU-DE-POESIA-172-768x554.jpg 768w, https:\/\/bojornal.pt\/wp-content\/uploads\/2024\/03\/SARAU-DE-POESIA-172-1536x1108.jpg 1536w, https:\/\/bojornal.pt\/wp-content\/uploads\/2024\/03\/SARAU-DE-POESIA-172-2048x1477.jpg 2048w\" sizes=\"auto, (max-width: 1024px) 100vw, 1024px\" \/><\/figure>\n\n\n\n<figure class=\"wp-block-image size-large is-style-default\"><img loading=\"lazy\" decoding=\"async\" width=\"1024\" height=\"577\" data-id=\"13665\" src=\"https:\/\/bojornal.pt\/wp-content\/uploads\/2024\/03\/SARAU-DE-POESIA-174-1024x577.jpg\" alt=\"\" class=\"wp-image-13665\" srcset=\"https:\/\/bojornal.pt\/wp-content\/uploads\/2024\/03\/SARAU-DE-POESIA-174-1024x577.jpg 1024w, https:\/\/bojornal.pt\/wp-content\/uploads\/2024\/03\/SARAU-DE-POESIA-174-300x169.jpg 300w, https:\/\/bojornal.pt\/wp-content\/uploads\/2024\/03\/SARAU-DE-POESIA-174-150x85.jpg 150w, https:\/\/bojornal.pt\/wp-content\/uploads\/2024\/03\/SARAU-DE-POESIA-174-768x433.jpg 768w, https:\/\/bojornal.pt\/wp-content\/uploads\/2024\/03\/SARAU-DE-POESIA-174-1536x866.jpg 1536w, https:\/\/bojornal.pt\/wp-content\/uploads\/2024\/03\/SARAU-DE-POESIA-174-2048x1154.jpg 2048w\" sizes=\"auto, (max-width: 1024px) 100vw, 1024px\" \/><\/figure>\n\n\n\n<figure class=\"wp-block-image size-large is-style-default\"><img loading=\"lazy\" decoding=\"async\" width=\"1024\" height=\"716\" data-id=\"13644\" src=\"https:\/\/bojornal.pt\/wp-content\/uploads\/2024\/03\/SARAU-DE-POESIA-176-1024x716.jpg\" alt=\"\" class=\"wp-image-13644\" srcset=\"https:\/\/bojornal.pt\/wp-content\/uploads\/2024\/03\/SARAU-DE-POESIA-176-1024x716.jpg 1024w, https:\/\/bojornal.pt\/wp-content\/uploads\/2024\/03\/SARAU-DE-POESIA-176-300x210.jpg 300w, https:\/\/bojornal.pt\/wp-content\/uploads\/2024\/03\/SARAU-DE-POESIA-176-150x105.jpg 150w, https:\/\/bojornal.pt\/wp-content\/uploads\/2024\/03\/SARAU-DE-POESIA-176-768x537.jpg 768w, https:\/\/bojornal.pt\/wp-content\/uploads\/2024\/03\/SARAU-DE-POESIA-176-1536x1074.jpg 1536w, https:\/\/bojornal.pt\/wp-content\/uploads\/2024\/03\/SARAU-DE-POESIA-176-2048x1432.jpg 2048w\" sizes=\"auto, (max-width: 1024px) 100vw, 1024px\" \/><\/figure>\n\n\n\n<figure class=\"wp-block-image size-large is-style-default\"><img loading=\"lazy\" decoding=\"async\" width=\"739\" height=\"1024\" data-id=\"13656\" src=\"https:\/\/bojornal.pt\/wp-content\/uploads\/2024\/03\/SARAU-DE-POESIA-192-739x1024.jpg\" alt=\"\" class=\"wp-image-13656\" srcset=\"https:\/\/bojornal.pt\/wp-content\/uploads\/2024\/03\/SARAU-DE-POESIA-192-739x1024.jpg 739w, https:\/\/bojornal.pt\/wp-content\/uploads\/2024\/03\/SARAU-DE-POESIA-192-217x300.jpg 217w, https:\/\/bojornal.pt\/wp-content\/uploads\/2024\/03\/SARAU-DE-POESIA-192-108x150.jpg 108w, https:\/\/bojornal.pt\/wp-content\/uploads\/2024\/03\/SARAU-DE-POESIA-192-768x1064.jpg 768w, https:\/\/bojornal.pt\/wp-content\/uploads\/2024\/03\/SARAU-DE-POESIA-192-1109x1536.jpg 1109w, https:\/\/bojornal.pt\/wp-content\/uploads\/2024\/03\/SARAU-DE-POESIA-192-1478x2048.jpg 1478w, https:\/\/bojornal.pt\/wp-content\/uploads\/2024\/03\/SARAU-DE-POESIA-192-scaled.jpg 1848w\" sizes=\"auto, (max-width: 739px) 100vw, 739px\" \/><\/figure>\n\n\n\n<figure class=\"wp-block-image size-large is-style-default\"><img loading=\"lazy\" decoding=\"async\" width=\"1024\" height=\"485\" data-id=\"13688\" src=\"https:\/\/bojornal.pt\/wp-content\/uploads\/2024\/03\/SARAU-DE-POESIA-200-1024x485.jpg\" alt=\"\" class=\"wp-image-13688\" srcset=\"https:\/\/bojornal.pt\/wp-content\/uploads\/2024\/03\/SARAU-DE-POESIA-200-1024x485.jpg 1024w, https:\/\/bojornal.pt\/wp-content\/uploads\/2024\/03\/SARAU-DE-POESIA-200-300x142.jpg 300w, https:\/\/bojornal.pt\/wp-content\/uploads\/2024\/03\/SARAU-DE-POESIA-200-150x71.jpg 150w, https:\/\/bojornal.pt\/wp-content\/uploads\/2024\/03\/SARAU-DE-POESIA-200-768x364.jpg 768w, https:\/\/bojornal.pt\/wp-content\/uploads\/2024\/03\/SARAU-DE-POESIA-200-1536x728.jpg 1536w, https:\/\/bojornal.pt\/wp-content\/uploads\/2024\/03\/SARAU-DE-POESIA-200-2048x970.jpg 2048w, https:\/\/bojornal.pt\/wp-content\/uploads\/2024\/03\/SARAU-DE-POESIA-200-520x245.jpg 520w, https:\/\/bojornal.pt\/wp-content\/uploads\/2024\/03\/SARAU-DE-POESIA-200-720x340.jpg 720w\" sizes=\"auto, (max-width: 1024px) 100vw, 1024px\" \/><\/figure>\n<\/figure>\n\n\n\n<figure class=\"wp-block-gallery has-nested-images columns-default is-cropped wp-block-gallery-2 is-layout-flex wp-block-gallery-is-layout-flex\">\n<figure class=\"wp-block-image size-large is-style-default\"><img loading=\"lazy\" decoding=\"async\" width=\"1024\" height=\"654\" data-id=\"13703\" src=\"https:\/\/bojornal.pt\/wp-content\/uploads\/2024\/03\/FMC_0002-1024x654.jpg\" alt=\"\" class=\"wp-image-13703\" srcset=\"https:\/\/bojornal.pt\/wp-content\/uploads\/2024\/03\/FMC_0002-1024x654.jpg 1024w, https:\/\/bojornal.pt\/wp-content\/uploads\/2024\/03\/FMC_0002-300x192.jpg 300w, https:\/\/bojornal.pt\/wp-content\/uploads\/2024\/03\/FMC_0002-150x96.jpg 150w, https:\/\/bojornal.pt\/wp-content\/uploads\/2024\/03\/FMC_0002-768x491.jpg 768w, https:\/\/bojornal.pt\/wp-content\/uploads\/2024\/03\/FMC_0002-1536x981.jpg 1536w, https:\/\/bojornal.pt\/wp-content\/uploads\/2024\/03\/FMC_0002-2048x1308.jpg 2048w\" sizes=\"auto, (max-width: 1024px) 100vw, 1024px\" \/><\/figure>\n\n\n\n<figure class=\"wp-block-image size-large is-style-default\"><img loading=\"lazy\" decoding=\"async\" width=\"1024\" height=\"708\" data-id=\"13702\" src=\"https:\/\/bojornal.pt\/wp-content\/uploads\/2024\/03\/FMC_0005-1024x708.jpg\" alt=\"\" class=\"wp-image-13702\" srcset=\"https:\/\/bojornal.pt\/wp-content\/uploads\/2024\/03\/FMC_0005-1024x708.jpg 1024w, https:\/\/bojornal.pt\/wp-content\/uploads\/2024\/03\/FMC_0005-300x208.jpg 300w, https:\/\/bojornal.pt\/wp-content\/uploads\/2024\/03\/FMC_0005-150x104.jpg 150w, https:\/\/bojornal.pt\/wp-content\/uploads\/2024\/03\/FMC_0005-768x531.jpg 768w, https:\/\/bojornal.pt\/wp-content\/uploads\/2024\/03\/FMC_0005-1536x1063.jpg 1536w, https:\/\/bojornal.pt\/wp-content\/uploads\/2024\/03\/FMC_0005-2048x1417.jpg 2048w\" sizes=\"auto, (max-width: 1024px) 100vw, 1024px\" \/><\/figure>\n\n\n\n<figure class=\"wp-block-image size-large is-style-default\"><img loading=\"lazy\" decoding=\"async\" width=\"1024\" height=\"613\" data-id=\"13704\" src=\"https:\/\/bojornal.pt\/wp-content\/uploads\/2024\/03\/FMC_0017-1024x613.jpg\" alt=\"\" class=\"wp-image-13704\" srcset=\"https:\/\/bojornal.pt\/wp-content\/uploads\/2024\/03\/FMC_0017-1024x613.jpg 1024w, https:\/\/bojornal.pt\/wp-content\/uploads\/2024\/03\/FMC_0017-300x180.jpg 300w, https:\/\/bojornal.pt\/wp-content\/uploads\/2024\/03\/FMC_0017-150x90.jpg 150w, https:\/\/bojornal.pt\/wp-content\/uploads\/2024\/03\/FMC_0017-768x460.jpg 768w, https:\/\/bojornal.pt\/wp-content\/uploads\/2024\/03\/FMC_0017-1536x919.jpg 1536w, https:\/\/bojornal.pt\/wp-content\/uploads\/2024\/03\/FMC_0017-2048x1225.jpg 2048w\" sizes=\"auto, (max-width: 1024px) 100vw, 1024px\" \/><\/figure>\n\n\n\n<figure class=\"wp-block-image size-large is-style-default\"><img loading=\"lazy\" decoding=\"async\" width=\"746\" height=\"1024\" data-id=\"13700\" src=\"https:\/\/bojornal.pt\/wp-content\/uploads\/2024\/03\/FMC_0019-746x1024.jpg\" alt=\"\" class=\"wp-image-13700\" srcset=\"https:\/\/bojornal.pt\/wp-content\/uploads\/2024\/03\/FMC_0019-746x1024.jpg 746w, https:\/\/bojornal.pt\/wp-content\/uploads\/2024\/03\/FMC_0019-219x300.jpg 219w, https:\/\/bojornal.pt\/wp-content\/uploads\/2024\/03\/FMC_0019-109x150.jpg 109w, https:\/\/bojornal.pt\/wp-content\/uploads\/2024\/03\/FMC_0019-768x1054.jpg 768w, https:\/\/bojornal.pt\/wp-content\/uploads\/2024\/03\/FMC_0019-1120x1536.jpg 1120w, https:\/\/bojornal.pt\/wp-content\/uploads\/2024\/03\/FMC_0019-1493x2048.jpg 1493w, https:\/\/bojornal.pt\/wp-content\/uploads\/2024\/03\/FMC_0019-scaled.jpg 1866w\" sizes=\"auto, (max-width: 746px) 100vw, 746px\" \/><\/figure>\n\n\n\n<figure class=\"wp-block-image size-large is-style-default\"><img loading=\"lazy\" decoding=\"async\" width=\"714\" height=\"1024\" data-id=\"13698\" src=\"https:\/\/bojornal.pt\/wp-content\/uploads\/2024\/03\/FMC_0023-714x1024.jpg\" alt=\"\" class=\"wp-image-13698\" srcset=\"https:\/\/bojornal.pt\/wp-content\/uploads\/2024\/03\/FMC_0023-714x1024.jpg 714w, https:\/\/bojornal.pt\/wp-content\/uploads\/2024\/03\/FMC_0023-209x300.jpg 209w, https:\/\/bojornal.pt\/wp-content\/uploads\/2024\/03\/FMC_0023-105x150.jpg 105w, https:\/\/bojornal.pt\/wp-content\/uploads\/2024\/03\/FMC_0023-768x1102.jpg 768w, https:\/\/bojornal.pt\/wp-content\/uploads\/2024\/03\/FMC_0023-1071x1536.jpg 1071w, https:\/\/bojornal.pt\/wp-content\/uploads\/2024\/03\/FMC_0023-1428x2048.jpg 1428w, https:\/\/bojornal.pt\/wp-content\/uploads\/2024\/03\/FMC_0023-scaled.jpg 1785w\" sizes=\"auto, (max-width: 714px) 100vw, 714px\" \/><\/figure>\n\n\n\n<figure class=\"wp-block-image size-large is-style-default\"><img loading=\"lazy\" decoding=\"async\" width=\"685\" height=\"1024\" data-id=\"13696\" src=\"https:\/\/bojornal.pt\/wp-content\/uploads\/2024\/03\/FMC_0030-685x1024.jpg\" alt=\"\" class=\"wp-image-13696\" srcset=\"https:\/\/bojornal.pt\/wp-content\/uploads\/2024\/03\/FMC_0030-685x1024.jpg 685w, https:\/\/bojornal.pt\/wp-content\/uploads\/2024\/03\/FMC_0030-201x300.jpg 201w, https:\/\/bojornal.pt\/wp-content\/uploads\/2024\/03\/FMC_0030-100x150.jpg 100w, https:\/\/bojornal.pt\/wp-content\/uploads\/2024\/03\/FMC_0030-768x1149.jpg 768w, https:\/\/bojornal.pt\/wp-content\/uploads\/2024\/03\/FMC_0030-1027x1536.jpg 1027w, https:\/\/bojornal.pt\/wp-content\/uploads\/2024\/03\/FMC_0030-1369x2048.jpg 1369w, https:\/\/bojornal.pt\/wp-content\/uploads\/2024\/03\/FMC_0030-scaled.jpg 1711w\" sizes=\"auto, (max-width: 685px) 100vw, 685px\" \/><\/figure>\n\n\n\n<figure class=\"wp-block-image size-large is-style-default\"><img loading=\"lazy\" decoding=\"async\" width=\"1024\" height=\"654\" data-id=\"13695\" src=\"https:\/\/bojornal.pt\/wp-content\/uploads\/2024\/03\/FMC_0045-1024x654.jpg\" alt=\"\" class=\"wp-image-13695\" srcset=\"https:\/\/bojornal.pt\/wp-content\/uploads\/2024\/03\/FMC_0045-1024x654.jpg 1024w, https:\/\/bojornal.pt\/wp-content\/uploads\/2024\/03\/FMC_0045-300x192.jpg 300w, https:\/\/bojornal.pt\/wp-content\/uploads\/2024\/03\/FMC_0045-150x96.jpg 150w, https:\/\/bojornal.pt\/wp-content\/uploads\/2024\/03\/FMC_0045-768x490.jpg 768w, https:\/\/bojornal.pt\/wp-content\/uploads\/2024\/03\/FMC_0045-1536x981.jpg 1536w, https:\/\/bojornal.pt\/wp-content\/uploads\/2024\/03\/FMC_0045-2048x1307.jpg 2048w\" sizes=\"auto, (max-width: 1024px) 100vw, 1024px\" \/><\/figure>\n\n\n\n<figure class=\"wp-block-image size-large is-style-default\"><img loading=\"lazy\" decoding=\"async\" width=\"1024\" height=\"518\" data-id=\"13697\" src=\"https:\/\/bojornal.pt\/wp-content\/uploads\/2024\/03\/FMC_0051-1024x518.jpg\" alt=\"\" class=\"wp-image-13697\" srcset=\"https:\/\/bojornal.pt\/wp-content\/uploads\/2024\/03\/FMC_0051-1024x518.jpg 1024w, https:\/\/bojornal.pt\/wp-content\/uploads\/2024\/03\/FMC_0051-300x152.jpg 300w, https:\/\/bojornal.pt\/wp-content\/uploads\/2024\/03\/FMC_0051-150x76.jpg 150w, https:\/\/bojornal.pt\/wp-content\/uploads\/2024\/03\/FMC_0051-768x389.jpg 768w, https:\/\/bojornal.pt\/wp-content\/uploads\/2024\/03\/FMC_0051-1536x777.jpg 1536w, https:\/\/bojornal.pt\/wp-content\/uploads\/2024\/03\/FMC_0051-2048x1037.jpg 2048w\" sizes=\"auto, (max-width: 1024px) 100vw, 1024px\" \/><\/figure>\n\n\n\n<figure class=\"wp-block-image size-large is-style-default\"><img loading=\"lazy\" decoding=\"async\" width=\"1024\" height=\"685\" data-id=\"13694\" src=\"https:\/\/bojornal.pt\/wp-content\/uploads\/2024\/03\/FMC_0210-1024x685.jpg\" alt=\"\" class=\"wp-image-13694\" srcset=\"https:\/\/bojornal.pt\/wp-content\/uploads\/2024\/03\/FMC_0210-1024x685.jpg 1024w, https:\/\/bojornal.pt\/wp-content\/uploads\/2024\/03\/FMC_0210-300x201.jpg 300w, https:\/\/bojornal.pt\/wp-content\/uploads\/2024\/03\/FMC_0210-150x100.jpg 150w, https:\/\/bojornal.pt\/wp-content\/uploads\/2024\/03\/FMC_0210-768x514.jpg 768w, https:\/\/bojornal.pt\/wp-content\/uploads\/2024\/03\/FMC_0210-1536x1028.jpg 1536w, https:\/\/bojornal.pt\/wp-content\/uploads\/2024\/03\/FMC_0210-2048x1370.jpg 2048w\" sizes=\"auto, (max-width: 1024px) 100vw, 1024px\" \/><\/figure>\n\n\n\n<figure class=\"wp-block-image size-large is-style-default\"><img loading=\"lazy\" decoding=\"async\" width=\"1024\" height=\"630\" data-id=\"13693\" src=\"https:\/\/bojornal.pt\/wp-content\/uploads\/2024\/03\/FMC_0208-1024x630.jpg\" alt=\"\" class=\"wp-image-13693\" srcset=\"https:\/\/bojornal.pt\/wp-content\/uploads\/2024\/03\/FMC_0208-1024x630.jpg 1024w, https:\/\/bojornal.pt\/wp-content\/uploads\/2024\/03\/FMC_0208-300x185.jpg 300w, https:\/\/bojornal.pt\/wp-content\/uploads\/2024\/03\/FMC_0208-150x92.jpg 150w, https:\/\/bojornal.pt\/wp-content\/uploads\/2024\/03\/FMC_0208-768x473.jpg 768w, https:\/\/bojornal.pt\/wp-content\/uploads\/2024\/03\/FMC_0208-1536x945.jpg 1536w, https:\/\/bojornal.pt\/wp-content\/uploads\/2024\/03\/FMC_0208-2048x1261.jpg 2048w\" sizes=\"auto, (max-width: 1024px) 100vw, 1024px\" \/><\/figure>\n<\/figure>\n\n\n\n<p>O Sal\u00e3o Nobre da Escola Secund\u00e1ria Em\u00eddio Garcia foi, no passado dia \u00a021 de mar\u00e7o, \u00a0palco de uma noite encantadora, onde a poesia e a m\u00fasica se fundiram para celebrar a poesia e a Liberdade conquistada com a Revolu\u00e7\u00e3o dos cravos.<\/p>\n\n\n\n<p>Esta atividade, organizada pelos professores do 3.\u00ba ciclo e secund\u00e1rio, foi uma verdadeira ode \u00e0 criatividade e \u00e0 express\u00e3o art\u00edstica.<\/p>\n\n\n\n<p>Para al\u00e9m de ter sido prestada uma singela homenagem ao professor de Portugu\u00eas, Jos\u00e9 Branco, que tamb\u00e9m \u00e9 poeta, atrav\u00e9s da declama\u00e7\u00e3o de tr\u00eas dos seus poemas publicados; esta atividade foi dinamizada no \u00e2mbito do projeto \u201cEscolas \u00e0 Descoberta de Abril\u201d (ADA).<\/p>\n\n\n\n<p>O sarau de poesia contou com a participa\u00e7\u00e3o de diversas turmas do 3.\u00ba ciclo, secund\u00e1rio e ensino profissional. A acrescentar a esta diversidade et\u00e1ria e de percursos educativos, tamb\u00e9m marcaram presen\u00e7a os alunos do curso de Portugu\u00eas L\u00edngua de Acolhimento, contribuindo para a promo\u00e7\u00e3o da multiculturalidade no nosso agrupamento. Por \u00faltimo, mas n\u00e3o menos importante, uma representante dos Pais\/Encarregados de Educa\u00e7\u00e3o fez quest\u00e3o de participar na atividade, refor\u00e7ando o apoio e interesse destes agentes da comunidade escolar neste tipo de iniciativas.<\/p>\n\n\n\n<p>O sarau de poesia revelou-se um sucesso, com uma atmosfera de entusiasmo e emo\u00e7\u00e3o a contagiar todos os presentes. A intera\u00e7\u00e3o entre alunos, professores e membros da comunidade escolar refletiu o esp\u00edrito de uni\u00e3o e de colabora\u00e7\u00e3o que faz parte do ADN do agrupamento de escolas Em\u00eddio Garcia.<\/p>\n\n\n\n<p>Citando o nosso Diretor: \u201cUma vez no Agrupamento de Escolas Em\u00eddio Garcia, Somos Em\u00eddio Garcia para sempre!\u201d<\/p>\n","protected":false},"excerpt":{"rendered":"<p>Celebrar o Dia Mundial da Poesia, na Escola Secund\u00e1ria Em\u00eddio Garcia O Sal\u00e3o Nobre da Escola Secund\u00e1ria Em\u00eddio Garcia foi, no passado dia \u00a021 de mar\u00e7o, \u00a0palco de uma noite encantadora, onde a poesia&#46;&#46;&#46;<\/p>\n","protected":false},"author":2,"featured_media":13675,"comment_status":"closed","ping_status":"open","sticky":false,"template":"","format":"standard","meta":{"footnotes":""},"categories":[2,9,16],"tags":[],"class_list":["post-13641","post","type-post","status-publish","format-standard","has-post-thumbnail","hentry","category-atualidade","category-em-foco","category-escola-secundaria-emidio-garcia"],"_links":{"self":[{"href":"https:\/\/bojornal.pt\/index.php?rest_route=\/wp\/v2\/posts\/13641","targetHints":{"allow":["GET"]}}],"collection":[{"href":"https:\/\/bojornal.pt\/index.php?rest_route=\/wp\/v2\/posts"}],"about":[{"href":"https:\/\/bojornal.pt\/index.php?rest_route=\/wp\/v2\/types\/post"}],"author":[{"embeddable":true,"href":"https:\/\/bojornal.pt\/index.php?rest_route=\/wp\/v2\/users\/2"}],"replies":[{"embeddable":true,"href":"https:\/\/bojornal.pt\/index.php?rest_route=%2Fwp%2Fv2%2Fcomments&post=13641"}],"version-history":[{"count":0,"href":"https:\/\/bojornal.pt\/index.php?rest_route=\/wp\/v2\/posts\/13641\/revisions"}],"wp:featuredmedia":[{"embeddable":true,"href":"https:\/\/bojornal.pt\/index.php?rest_route=\/wp\/v2\/media\/13675"}],"wp:attachment":[{"href":"https:\/\/bojornal.pt\/index.php?rest_route=%2Fwp%2Fv2%2Fmedia&parent=13641"}],"wp:term":[{"taxonomy":"category","embeddable":true,"href":"https:\/\/bojornal.pt\/index.php?rest_route=%2Fwp%2Fv2%2Fcategories&post=13641"},{"taxonomy":"post_tag","embeddable":true,"href":"https:\/\/bojornal.pt\/index.php?rest_route=%2Fwp%2Fv2%2Ftags&post=13641"}],"curies":[{"name":"wp","href":"https:\/\/api.w.org\/{rel}","templated":true}]}}