{"id":13632,"date":"2024-03-25T17:08:00","date_gmt":"2024-03-25T17:08:00","guid":{"rendered":"https:\/\/bojornal.pt\/?p=13632"},"modified":"2024-03-29T17:11:26","modified_gmt":"2024-03-29T17:11:26","slug":"semana-da-leitura-na-escola-paulo-quintela","status":"publish","type":"post","link":"https:\/\/bojornal.pt\/?p=13632","title":{"rendered":"Semana da Leitura na Escola Paulo Quintela"},"content":{"rendered":"\n<p><em><strong>Semana repleta de atividades<\/strong><\/em><\/p>\n\n\n\n<figure class=\"wp-block-gallery has-nested-images columns-default is-cropped wp-block-gallery-1 is-layout-flex wp-block-gallery-is-layout-flex\">\n<figure class=\"wp-block-image size-large is-style-default\"><img loading=\"lazy\" decoding=\"async\" width=\"1024\" height=\"461\" data-id=\"13633\" src=\"https:\/\/bojornal.pt\/wp-content\/uploads\/2024\/03\/1-1-1024x461.jpg\" alt=\"\" class=\"wp-image-13633\" srcset=\"https:\/\/bojornal.pt\/wp-content\/uploads\/2024\/03\/1-1-1024x461.jpg 1024w, https:\/\/bojornal.pt\/wp-content\/uploads\/2024\/03\/1-1-300x135.jpg 300w, https:\/\/bojornal.pt\/wp-content\/uploads\/2024\/03\/1-1-150x68.jpg 150w, https:\/\/bojornal.pt\/wp-content\/uploads\/2024\/03\/1-1-768x346.jpg 768w, https:\/\/bojornal.pt\/wp-content\/uploads\/2024\/03\/1-1-1536x691.jpg 1536w, https:\/\/bojornal.pt\/wp-content\/uploads\/2024\/03\/1-1.jpg 1600w\" sizes=\"auto, (max-width: 1024px) 100vw, 1024px\" \/><\/figure>\n\n\n\n<figure class=\"wp-block-image size-large is-style-default\"><img loading=\"lazy\" decoding=\"async\" width=\"1600\" height=\"720\" data-id=\"13638\" src=\"https:\/\/bojornal.pt\/wp-content\/uploads\/2024\/03\/1-1024x461.jpg\" alt=\"\" class=\"wp-image-13638\" srcset=\"https:\/\/bojornal.pt\/wp-content\/uploads\/2024\/03\/1-1024x461.jpg 1024w, https:\/\/bojornal.pt\/wp-content\/uploads\/2024\/03\/1-300x135.jpg 300w, https:\/\/bojornal.pt\/wp-content\/uploads\/2024\/03\/1-150x68.jpg 150w, https:\/\/bojornal.pt\/wp-content\/uploads\/2024\/03\/1-768x346.jpg 768w, https:\/\/bojornal.pt\/wp-content\/uploads\/2024\/03\/1-1536x691.jpg 1536w, https:\/\/bojornal.pt\/wp-content\/uploads\/2024\/03\/1.jpg 1600w\" sizes=\"auto, (max-width: 1600px) 100vw, 1600px\" \/><\/figure>\n\n\n\n<figure class=\"wp-block-image size-large is-style-default\"><img loading=\"lazy\" decoding=\"async\" width=\"1024\" height=\"576\" data-id=\"13639\" src=\"https:\/\/bojornal.pt\/wp-content\/uploads\/2024\/03\/2-1-1024x576.jpg\" alt=\"\" class=\"wp-image-13639\" srcset=\"https:\/\/bojornal.pt\/wp-content\/uploads\/2024\/03\/2-1-1024x576.jpg 1024w, https:\/\/bojornal.pt\/wp-content\/uploads\/2024\/03\/2-1-300x169.jpg 300w, https:\/\/bojornal.pt\/wp-content\/uploads\/2024\/03\/2-1-150x84.jpg 150w, https:\/\/bojornal.pt\/wp-content\/uploads\/2024\/03\/2-1-768x432.jpg 768w, https:\/\/bojornal.pt\/wp-content\/uploads\/2024\/03\/2-1-1536x864.jpg 1536w, https:\/\/bojornal.pt\/wp-content\/uploads\/2024\/03\/2-1.jpg 1600w\" sizes=\"auto, (max-width: 1024px) 100vw, 1024px\" \/><\/figure>\n\n\n\n<figure class=\"wp-block-image size-large is-style-default\"><img loading=\"lazy\" decoding=\"async\" width=\"576\" height=\"1024\" data-id=\"13637\" src=\"https:\/\/bojornal.pt\/wp-content\/uploads\/2024\/03\/2-2-576x1024.jpg\" alt=\"\" class=\"wp-image-13637\" srcset=\"https:\/\/bojornal.pt\/wp-content\/uploads\/2024\/03\/2-2-576x1024.jpg 576w, https:\/\/bojornal.pt\/wp-content\/uploads\/2024\/03\/2-2-169x300.jpg 169w, https:\/\/bojornal.pt\/wp-content\/uploads\/2024\/03\/2-2-84x150.jpg 84w, https:\/\/bojornal.pt\/wp-content\/uploads\/2024\/03\/2-2-768x1365.jpg 768w, https:\/\/bojornal.pt\/wp-content\/uploads\/2024\/03\/2-2-864x1536.jpg 864w, https:\/\/bojornal.pt\/wp-content\/uploads\/2024\/03\/2-2.jpg 900w\" sizes=\"auto, (max-width: 576px) 100vw, 576px\" \/><\/figure>\n\n\n\n<figure class=\"wp-block-image size-large is-style-default\"><img loading=\"lazy\" decoding=\"async\" width=\"1024\" height=\"576\" data-id=\"13636\" src=\"https:\/\/bojornal.pt\/wp-content\/uploads\/2024\/03\/3-1-1024x576.jpg\" alt=\"\" class=\"wp-image-13636\" srcset=\"https:\/\/bojornal.pt\/wp-content\/uploads\/2024\/03\/3-1-1024x576.jpg 1024w, https:\/\/bojornal.pt\/wp-content\/uploads\/2024\/03\/3-1-300x169.jpg 300w, https:\/\/bojornal.pt\/wp-content\/uploads\/2024\/03\/3-1-150x84.jpg 150w, https:\/\/bojornal.pt\/wp-content\/uploads\/2024\/03\/3-1-768x432.jpg 768w, https:\/\/bojornal.pt\/wp-content\/uploads\/2024\/03\/3-1-1536x864.jpg 1536w, https:\/\/bojornal.pt\/wp-content\/uploads\/2024\/03\/3-1.jpg 2040w\" sizes=\"auto, (max-width: 1024px) 100vw, 1024px\" \/><\/figure>\n\n\n\n<figure class=\"wp-block-image size-large is-style-default\"><img loading=\"lazy\" decoding=\"async\" width=\"1024\" height=\"576\" data-id=\"13634\" src=\"https:\/\/bojornal.pt\/wp-content\/uploads\/2024\/03\/7-1-1024x576.jpg\" alt=\"\" class=\"wp-image-13634\" srcset=\"https:\/\/bojornal.pt\/wp-content\/uploads\/2024\/03\/7-1-1024x576.jpg 1024w, https:\/\/bojornal.pt\/wp-content\/uploads\/2024\/03\/7-1-300x169.jpg 300w, https:\/\/bojornal.pt\/wp-content\/uploads\/2024\/03\/7-1-150x84.jpg 150w, https:\/\/bojornal.pt\/wp-content\/uploads\/2024\/03\/7-1-768x432.jpg 768w, https:\/\/bojornal.pt\/wp-content\/uploads\/2024\/03\/7-1-1536x864.jpg 1536w, https:\/\/bojornal.pt\/wp-content\/uploads\/2024\/03\/7-1.jpg 2040w\" sizes=\"auto, (max-width: 1024px) 100vw, 1024px\" \/><\/figure>\n\n\n\n<figure class=\"wp-block-image size-large is-style-default\"><img loading=\"lazy\" decoding=\"async\" width=\"1024\" height=\"461\" data-id=\"13635\" src=\"https:\/\/bojornal.pt\/wp-content\/uploads\/2024\/03\/13-1024x461.jpg\" alt=\"\" class=\"wp-image-13635\" srcset=\"https:\/\/bojornal.pt\/wp-content\/uploads\/2024\/03\/13-1024x461.jpg 1024w, https:\/\/bojornal.pt\/wp-content\/uploads\/2024\/03\/13-300x135.jpg 300w, https:\/\/bojornal.pt\/wp-content\/uploads\/2024\/03\/13-150x68.jpg 150w, https:\/\/bojornal.pt\/wp-content\/uploads\/2024\/03\/13-768x346.jpg 768w, https:\/\/bojornal.pt\/wp-content\/uploads\/2024\/03\/13-1536x691.jpg 1536w, https:\/\/bojornal.pt\/wp-content\/uploads\/2024\/03\/13.jpg 1600w\" sizes=\"auto, (max-width: 1024px) 100vw, 1024px\" \/><\/figure>\n<\/figure>\n\n\n\n<p>A Semana da Leitura &nbsp;\u00e9 uma iniciativa do&nbsp;<a href=\"https:\/\/pnl2027.gov.pt\/\" target=\"_blank\" rel=\"noreferrer noopener\">Plano Nacional de Leitura 2027,&nbsp;<\/a>que conta com a parceria da Rede de Bibliotecas Escolares e da Dire\u00e7\u00e3o-Geral do Livro, Arquivos e Bibliotecas e decorreu entre os dias 18 e 22 de mar\u00e7o.<\/p>\n\n\n\n<p>&nbsp;Tem como objetivos promover a leitura e o encontro entre os livros e os seus leitores. Na Escola Paulo Quintela\/Biblioteca \u00c1lvaro Gomes viveu-se em ambiente de festa. Ao longo da semana, uma variedade de atividades estimulantes e inspiradoras ocorreram, proporcionando momentos de reflex\u00e3o, divers\u00e3o e aprendizagem para todos os participantes.<\/p>\n\n\n\n<p>A semana teve in\u00edcio com a final do concurso Olimp\u00edadas da Escrita, onde talentosos escritores tiveram a oportunidade de exibir as suas habilidades. Este evento n\u00e3o apenas promoveu a escrita como uma forma de express\u00e3o art\u00edstica, mas tamb\u00e9m incentivou a imagina\u00e7\u00e3o e o pensamento cr\u00edtico.<\/p>\n\n\n\n<p>A iniciativa &#8220;Ler em Fam\u00edlia&#8221; foi muito bem acolhida e refor\u00e7ou os la\u00e7os entre familiares atrav\u00e9s da partilha de hist\u00f3rias e momentos de leitura conjunta. Refor\u00e7ou, tamb\u00e9m, o papel central da fam\u00edlia na promo\u00e7\u00e3o do livro e da leitura.<\/p>\n\n\n\n<p>O teatro tamb\u00e9m teve lugar nesta semana especial, com a pe\u00e7a &#8220;Guarda-Tempos&#8221;, uma obra que transportou o p\u00fablico para mundos imagin\u00e1rios e estimulou a imagina\u00e7\u00e3o dos jovens.<\/p>\n\n\n\n<p>A exposi\u00e7\u00e3o &#8220;Mulheres de Abril&#8221; trouxe \u00e0 luz a import\u00e2ncia das mulheres na Hist\u00f3ria de Portugal, nomeadamente na Revolu\u00e7\u00e3o do 25 de abril de 1974.<\/p>\n\n\n\n<p>&nbsp;A atividade &#8220;H\u00e1 M\u00fasica e Poesia na BAG&#8221; proporcionou um espa\u00e7o de partilha e aprecia\u00e7\u00e3o de diferentes formas de arte, a m\u00fasica e a poesia. A m\u00fasica esteve a cargo dos alunos e professores do Conservat\u00f3rio de M\u00fasica e Dan\u00e7a e a poesia das turmas participantes, que puderam contar com o apoio dos professores de Portugu\u00eas.<\/p>\n\n\n\n<p>Um dos momentos mais interessantes foi o encontro com a escritora e ilustradora Carla Nazareth, onde os participantes tiveram a oportunidade de conhecer de perto o processo criativo por tr\u00e1s das suas obras e trocar ideias sobre o mundo da literatura e da ilustra\u00e7\u00e3o. Esta atividade foi proporcionada ao abrigo do projeto \u201cO Escritor vai \u00e0 Escola\u201d promovido pela C\u00e2mara Municipal de Bragan\u00e7a\/ Biblioteca Municipal.<\/p>\n\n\n\n<p>Na Feira do Livro Usado, os participantes puderam explorar uma ampla sele\u00e7\u00e3o de obras da literatura infantojuvenil. Com pre\u00e7os acess\u00edveis a feira proporcionou a todos os interessados enriquecer a sua biblioteca pessoal.<\/p>\n\n\n\n<p>A semana terminou com a entrega de pr\u00e9mios dos concursos internos da BAG: V\u00ea se sabes, TOP leitores e Olimp\u00edadas. A abrilhantar esta cerim\u00f3nia pudemos apreciar o Clube de M\u00fasica com a interpreta\u00e7\u00e3o \u201cTogether\u201d do EuDaMus 2024 &#8211; Dia Europeu da M\u00fasica nas Escolas.<\/p>\n\n\n\n<p>Em resumo, a Semana da Leitura foi uma celebra\u00e7\u00e3o vibrante e enriquecedora que reuniu a comunidade educativa em torno do prazer da leitura.<\/p>\n","protected":false},"excerpt":{"rendered":"<p>Semana repleta de atividades A Semana da Leitura &nbsp;\u00e9 uma iniciativa do&nbsp;Plano Nacional de Leitura 2027,&nbsp;que conta com a parceria da Rede de Bibliotecas Escolares e da Dire\u00e7\u00e3o-Geral do Livro, Arquivos e Bibliotecas e&#46;&#46;&#46;<\/p>\n","protected":false},"author":2,"featured_media":13636,"comment_status":"closed","ping_status":"open","sticky":false,"template":"","format":"standard","meta":{"footnotes":""},"categories":[2,9,13],"tags":[],"class_list":["post-13632","post","type-post","status-publish","format-standard","has-post-thumbnail","hentry","category-atualidade","category-em-foco","category-escola-paulo-quintela"],"_links":{"self":[{"href":"https:\/\/bojornal.pt\/index.php?rest_route=\/wp\/v2\/posts\/13632","targetHints":{"allow":["GET"]}}],"collection":[{"href":"https:\/\/bojornal.pt\/index.php?rest_route=\/wp\/v2\/posts"}],"about":[{"href":"https:\/\/bojornal.pt\/index.php?rest_route=\/wp\/v2\/types\/post"}],"author":[{"embeddable":true,"href":"https:\/\/bojornal.pt\/index.php?rest_route=\/wp\/v2\/users\/2"}],"replies":[{"embeddable":true,"href":"https:\/\/bojornal.pt\/index.php?rest_route=%2Fwp%2Fv2%2Fcomments&post=13632"}],"version-history":[{"count":0,"href":"https:\/\/bojornal.pt\/index.php?rest_route=\/wp\/v2\/posts\/13632\/revisions"}],"wp:featuredmedia":[{"embeddable":true,"href":"https:\/\/bojornal.pt\/index.php?rest_route=\/wp\/v2\/media\/13636"}],"wp:attachment":[{"href":"https:\/\/bojornal.pt\/index.php?rest_route=%2Fwp%2Fv2%2Fmedia&parent=13632"}],"wp:term":[{"taxonomy":"category","embeddable":true,"href":"https:\/\/bojornal.pt\/index.php?rest_route=%2Fwp%2Fv2%2Fcategories&post=13632"},{"taxonomy":"post_tag","embeddable":true,"href":"https:\/\/bojornal.pt\/index.php?rest_route=%2Fwp%2Fv2%2Ftags&post=13632"}],"curies":[{"name":"wp","href":"https:\/\/api.w.org\/{rel}","templated":true}]}}