{"id":13623,"date":"2024-03-15T16:34:00","date_gmt":"2024-03-15T16:34:00","guid":{"rendered":"https:\/\/bojornal.pt\/?p=13623"},"modified":"2024-03-29T16:39:29","modified_gmt":"2024-03-29T16:39:29","slug":"liceu-assinala-dia-da-matematica","status":"publish","type":"post","link":"https:\/\/bojornal.pt\/?p=13623","title":{"rendered":"Liceu assinala &#8220;Dia da Matem\u00e1tica&#8221;"},"content":{"rendered":"\n<p><em>Palestra orientada pelo professor Lu\u00eds Ro\u00e7adas, da UTAD<\/em><\/p>\n\n\n\n<figure class=\"wp-block-gallery has-nested-images columns-default is-cropped wp-block-gallery-1 is-layout-flex wp-block-gallery-is-layout-flex\">\n<figure class=\"wp-block-image size-large is-style-default\"><img loading=\"lazy\" decoding=\"async\" width=\"754\" height=\"1024\" data-id=\"13629\" src=\"https:\/\/bojornal.pt\/wp-content\/uploads\/2024\/03\/WhatsApp-Image-2024-03-14-at-10.13.49-PM-1-754x1024.jpeg\" alt=\"\" class=\"wp-image-13629\" srcset=\"https:\/\/bojornal.pt\/wp-content\/uploads\/2024\/03\/WhatsApp-Image-2024-03-14-at-10.13.49-PM-1-754x1024.jpeg 754w, https:\/\/bojornal.pt\/wp-content\/uploads\/2024\/03\/WhatsApp-Image-2024-03-14-at-10.13.49-PM-1-221x300.jpeg 221w, https:\/\/bojornal.pt\/wp-content\/uploads\/2024\/03\/WhatsApp-Image-2024-03-14-at-10.13.49-PM-1-110x150.jpeg 110w, https:\/\/bojornal.pt\/wp-content\/uploads\/2024\/03\/WhatsApp-Image-2024-03-14-at-10.13.49-PM-1-768x1043.jpeg 768w, https:\/\/bojornal.pt\/wp-content\/uploads\/2024\/03\/WhatsApp-Image-2024-03-14-at-10.13.49-PM-1-1131x1536.jpeg 1131w, https:\/\/bojornal.pt\/wp-content\/uploads\/2024\/03\/WhatsApp-Image-2024-03-14-at-10.13.49-PM-1.jpeg 1508w\" sizes=\"auto, (max-width: 754px) 100vw, 754px\" \/><\/figure>\n\n\n\n<figure class=\"wp-block-image size-large is-style-default\"><img loading=\"lazy\" decoding=\"async\" width=\"1024\" height=\"768\" data-id=\"13627\" src=\"https:\/\/bojornal.pt\/wp-content\/uploads\/2024\/03\/WhatsApp-Image-2024-03-14-at-10.13.49-PM-1024x768.jpeg\" alt=\"\" class=\"wp-image-13627\" srcset=\"https:\/\/bojornal.pt\/wp-content\/uploads\/2024\/03\/WhatsApp-Image-2024-03-14-at-10.13.49-PM-1024x768.jpeg 1024w, https:\/\/bojornal.pt\/wp-content\/uploads\/2024\/03\/WhatsApp-Image-2024-03-14-at-10.13.49-PM-300x225.jpeg 300w, https:\/\/bojornal.pt\/wp-content\/uploads\/2024\/03\/WhatsApp-Image-2024-03-14-at-10.13.49-PM-150x113.jpeg 150w, https:\/\/bojornal.pt\/wp-content\/uploads\/2024\/03\/WhatsApp-Image-2024-03-14-at-10.13.49-PM-768x576.jpeg 768w, https:\/\/bojornal.pt\/wp-content\/uploads\/2024\/03\/WhatsApp-Image-2024-03-14-at-10.13.49-PM-1536x1152.jpeg 1536w, https:\/\/bojornal.pt\/wp-content\/uploads\/2024\/03\/WhatsApp-Image-2024-03-14-at-10.13.49-PM.jpeg 2040w\" sizes=\"auto, (max-width: 1024px) 100vw, 1024px\" \/><\/figure>\n\n\n\n<figure class=\"wp-block-image size-large is-style-default\"><img loading=\"lazy\" decoding=\"async\" width=\"1024\" height=\"768\" data-id=\"13624\" src=\"https:\/\/bojornal.pt\/wp-content\/uploads\/2024\/03\/WhatsApp-Image-2024-03-14-at-10.13.50-PM-1-1024x768.jpeg\" alt=\"\" class=\"wp-image-13624\" srcset=\"https:\/\/bojornal.pt\/wp-content\/uploads\/2024\/03\/WhatsApp-Image-2024-03-14-at-10.13.50-PM-1-1024x768.jpeg 1024w, https:\/\/bojornal.pt\/wp-content\/uploads\/2024\/03\/WhatsApp-Image-2024-03-14-at-10.13.50-PM-1-300x225.jpeg 300w, https:\/\/bojornal.pt\/wp-content\/uploads\/2024\/03\/WhatsApp-Image-2024-03-14-at-10.13.50-PM-1-150x113.jpeg 150w, https:\/\/bojornal.pt\/wp-content\/uploads\/2024\/03\/WhatsApp-Image-2024-03-14-at-10.13.50-PM-1-768x576.jpeg 768w, https:\/\/bojornal.pt\/wp-content\/uploads\/2024\/03\/WhatsApp-Image-2024-03-14-at-10.13.50-PM-1-1536x1152.jpeg 1536w, https:\/\/bojornal.pt\/wp-content\/uploads\/2024\/03\/WhatsApp-Image-2024-03-14-at-10.13.50-PM-1.jpeg 2040w\" sizes=\"auto, (max-width: 1024px) 100vw, 1024px\" \/><\/figure>\n\n\n\n<figure class=\"wp-block-image size-large is-style-default\"><img loading=\"lazy\" decoding=\"async\" width=\"1024\" height=\"768\" data-id=\"13625\" src=\"https:\/\/bojornal.pt\/wp-content\/uploads\/2024\/03\/WhatsApp-Image-2024-03-14-at-10.13.50-PM-2-1024x768.jpeg\" alt=\"\" class=\"wp-image-13625\" srcset=\"https:\/\/bojornal.pt\/wp-content\/uploads\/2024\/03\/WhatsApp-Image-2024-03-14-at-10.13.50-PM-2-1024x768.jpeg 1024w, https:\/\/bojornal.pt\/wp-content\/uploads\/2024\/03\/WhatsApp-Image-2024-03-14-at-10.13.50-PM-2-300x225.jpeg 300w, https:\/\/bojornal.pt\/wp-content\/uploads\/2024\/03\/WhatsApp-Image-2024-03-14-at-10.13.50-PM-2-150x113.jpeg 150w, https:\/\/bojornal.pt\/wp-content\/uploads\/2024\/03\/WhatsApp-Image-2024-03-14-at-10.13.50-PM-2-768x576.jpeg 768w, https:\/\/bojornal.pt\/wp-content\/uploads\/2024\/03\/WhatsApp-Image-2024-03-14-at-10.13.50-PM-2-1536x1152.jpeg 1536w, https:\/\/bojornal.pt\/wp-content\/uploads\/2024\/03\/WhatsApp-Image-2024-03-14-at-10.13.50-PM-2.jpeg 2040w\" sizes=\"auto, (max-width: 1024px) 100vw, 1024px\" \/><\/figure>\n\n\n\n<figure class=\"wp-block-image size-large is-style-default\"><img loading=\"lazy\" decoding=\"async\" width=\"1024\" height=\"768\" data-id=\"13630\" src=\"https:\/\/bojornal.pt\/wp-content\/uploads\/2024\/03\/WhatsApp-Image-2024-03-14-at-10.13.50-PM-3-1024x768.jpeg\" alt=\"\" class=\"wp-image-13630\" srcset=\"https:\/\/bojornal.pt\/wp-content\/uploads\/2024\/03\/WhatsApp-Image-2024-03-14-at-10.13.50-PM-3-1024x768.jpeg 1024w, https:\/\/bojornal.pt\/wp-content\/uploads\/2024\/03\/WhatsApp-Image-2024-03-14-at-10.13.50-PM-3-300x225.jpeg 300w, https:\/\/bojornal.pt\/wp-content\/uploads\/2024\/03\/WhatsApp-Image-2024-03-14-at-10.13.50-PM-3-150x113.jpeg 150w, https:\/\/bojornal.pt\/wp-content\/uploads\/2024\/03\/WhatsApp-Image-2024-03-14-at-10.13.50-PM-3-768x576.jpeg 768w, https:\/\/bojornal.pt\/wp-content\/uploads\/2024\/03\/WhatsApp-Image-2024-03-14-at-10.13.50-PM-3-1536x1152.jpeg 1536w, https:\/\/bojornal.pt\/wp-content\/uploads\/2024\/03\/WhatsApp-Image-2024-03-14-at-10.13.50-PM-3.jpeg 2040w\" sizes=\"auto, (max-width: 1024px) 100vw, 1024px\" \/><\/figure>\n\n\n\n<figure class=\"wp-block-image size-large is-style-default\"><img loading=\"lazy\" decoding=\"async\" width=\"1024\" height=\"768\" data-id=\"13628\" src=\"https:\/\/bojornal.pt\/wp-content\/uploads\/2024\/03\/WhatsApp-Image-2024-03-14-at-10.13.50-PM-1024x768.jpeg\" alt=\"\" class=\"wp-image-13628\" srcset=\"https:\/\/bojornal.pt\/wp-content\/uploads\/2024\/03\/WhatsApp-Image-2024-03-14-at-10.13.50-PM-1024x768.jpeg 1024w, https:\/\/bojornal.pt\/wp-content\/uploads\/2024\/03\/WhatsApp-Image-2024-03-14-at-10.13.50-PM-300x225.jpeg 300w, https:\/\/bojornal.pt\/wp-content\/uploads\/2024\/03\/WhatsApp-Image-2024-03-14-at-10.13.50-PM-150x113.jpeg 150w, https:\/\/bojornal.pt\/wp-content\/uploads\/2024\/03\/WhatsApp-Image-2024-03-14-at-10.13.50-PM-768x576.jpeg 768w, https:\/\/bojornal.pt\/wp-content\/uploads\/2024\/03\/WhatsApp-Image-2024-03-14-at-10.13.50-PM-1536x1152.jpeg 1536w, https:\/\/bojornal.pt\/wp-content\/uploads\/2024\/03\/WhatsApp-Image-2024-03-14-at-10.13.50-PM.jpeg 2040w\" sizes=\"auto, (max-width: 1024px) 100vw, 1024px\" \/><\/figure>\n\n\n\n<figure class=\"wp-block-image size-large is-style-default\"><img loading=\"lazy\" decoding=\"async\" width=\"1024\" height=\"768\" data-id=\"13626\" src=\"https:\/\/bojornal.pt\/wp-content\/uploads\/2024\/03\/WhatsApp-Image-2024-03-14-at-10.13.51-PM-1024x768.jpeg\" alt=\"\" class=\"wp-image-13626\" srcset=\"https:\/\/bojornal.pt\/wp-content\/uploads\/2024\/03\/WhatsApp-Image-2024-03-14-at-10.13.51-PM-1024x768.jpeg 1024w, https:\/\/bojornal.pt\/wp-content\/uploads\/2024\/03\/WhatsApp-Image-2024-03-14-at-10.13.51-PM-300x225.jpeg 300w, https:\/\/bojornal.pt\/wp-content\/uploads\/2024\/03\/WhatsApp-Image-2024-03-14-at-10.13.51-PM-150x113.jpeg 150w, https:\/\/bojornal.pt\/wp-content\/uploads\/2024\/03\/WhatsApp-Image-2024-03-14-at-10.13.51-PM-768x576.jpeg 768w, https:\/\/bojornal.pt\/wp-content\/uploads\/2024\/03\/WhatsApp-Image-2024-03-14-at-10.13.51-PM-1536x1152.jpeg 1536w, https:\/\/bojornal.pt\/wp-content\/uploads\/2024\/03\/WhatsApp-Image-2024-03-14-at-10.13.51-PM.jpeg 2040w\" sizes=\"auto, (max-width: 1024px) 100vw, 1024px\" \/><\/figure>\n<\/figure>\n\n\n\n<p>A Escola Em\u00eddio Garcia assinalou o <em>Dia Internacional da Matem\u00e1tica <\/em>atrav\u00e9s de uma palestra intitulada <em>Magia?!<\/em> <em>Telepatia?!<\/em> <em>N\u00e3o, Matem\u00e1tica!<\/em> e orientada pelo professor da UTAD, Lu\u00eds Ro\u00e7adas. <\/p>\n\n\n\n<p>O Sal\u00e3o Nobre acolheu uma sess\u00e3o din\u00e2mica, divertida e que motivou os alunos de secund\u00e1rio, no gosto pela Matem\u00e1tica. <\/p>\n","protected":false},"excerpt":{"rendered":"<p>Palestra orientada pelo professor Lu\u00eds Ro\u00e7adas, da UTAD A Escola Em\u00eddio Garcia assinalou o Dia Internacional da Matem\u00e1tica atrav\u00e9s de uma palestra intitulada Magia?! Telepatia?! N\u00e3o, Matem\u00e1tica! e orientada pelo professor da UTAD, Lu\u00eds&#46;&#46;&#46;<\/p>\n","protected":false},"author":2,"featured_media":13625,"comment_status":"closed","ping_status":"open","sticky":false,"template":"","format":"standard","meta":{"footnotes":""},"categories":[9,16],"tags":[],"class_list":["post-13623","post","type-post","status-publish","format-standard","has-post-thumbnail","hentry","category-em-foco","category-escola-secundaria-emidio-garcia"],"_links":{"self":[{"href":"https:\/\/bojornal.pt\/index.php?rest_route=\/wp\/v2\/posts\/13623","targetHints":{"allow":["GET"]}}],"collection":[{"href":"https:\/\/bojornal.pt\/index.php?rest_route=\/wp\/v2\/posts"}],"about":[{"href":"https:\/\/bojornal.pt\/index.php?rest_route=\/wp\/v2\/types\/post"}],"author":[{"embeddable":true,"href":"https:\/\/bojornal.pt\/index.php?rest_route=\/wp\/v2\/users\/2"}],"replies":[{"embeddable":true,"href":"https:\/\/bojornal.pt\/index.php?rest_route=%2Fwp%2Fv2%2Fcomments&post=13623"}],"version-history":[{"count":0,"href":"https:\/\/bojornal.pt\/index.php?rest_route=\/wp\/v2\/posts\/13623\/revisions"}],"wp:featuredmedia":[{"embeddable":true,"href":"https:\/\/bojornal.pt\/index.php?rest_route=\/wp\/v2\/media\/13625"}],"wp:attachment":[{"href":"https:\/\/bojornal.pt\/index.php?rest_route=%2Fwp%2Fv2%2Fmedia&parent=13623"}],"wp:term":[{"taxonomy":"category","embeddable":true,"href":"https:\/\/bojornal.pt\/index.php?rest_route=%2Fwp%2Fv2%2Fcategories&post=13623"},{"taxonomy":"post_tag","embeddable":true,"href":"https:\/\/bojornal.pt\/index.php?rest_route=%2Fwp%2Fv2%2Ftags&post=13623"}],"curies":[{"name":"wp","href":"https:\/\/api.w.org\/{rel}","templated":true}]}}