{"id":13592,"date":"2024-03-29T11:39:20","date_gmt":"2024-03-29T11:39:20","guid":{"rendered":"https:\/\/bojornal.pt\/?p=13592"},"modified":"2024-03-29T11:40:29","modified_gmt":"2024-03-29T11:40:29","slug":"alunos-de-economia-participam-em-concurso","status":"publish","type":"post","link":"https:\/\/bojornal.pt\/?p=13592","title":{"rendered":"Alunos de economia participam em Concurso"},"content":{"rendered":"\n<p><em><strong>Alunos do 10\u00baE e 12\u00baC participaram no &#8220;Bioeconomy Changemakers Festival, MOREBio Changemakers<\/strong><\/em><\/p>\n\n\n\n<figure class=\"wp-block-gallery has-nested-images columns-default is-cropped wp-block-gallery-1 is-layout-flex wp-block-gallery-is-layout-flex\">\n<figure class=\"wp-block-image size-large is-style-default\"><img loading=\"lazy\" decoding=\"async\" width=\"1024\" height=\"768\" data-id=\"13596\" src=\"https:\/\/bojornal.pt\/wp-content\/uploads\/2024\/03\/Concurso-Bioeconomy-1-1024x768.jpg\" alt=\"\" class=\"wp-image-13596\" srcset=\"https:\/\/bojornal.pt\/wp-content\/uploads\/2024\/03\/Concurso-Bioeconomy-1-1024x768.jpg 1024w, https:\/\/bojornal.pt\/wp-content\/uploads\/2024\/03\/Concurso-Bioeconomy-1-300x225.jpg 300w, https:\/\/bojornal.pt\/wp-content\/uploads\/2024\/03\/Concurso-Bioeconomy-1-150x113.jpg 150w, https:\/\/bojornal.pt\/wp-content\/uploads\/2024\/03\/Concurso-Bioeconomy-1-768x576.jpg 768w, https:\/\/bojornal.pt\/wp-content\/uploads\/2024\/03\/Concurso-Bioeconomy-1-1536x1152.jpg 1536w, https:\/\/bojornal.pt\/wp-content\/uploads\/2024\/03\/Concurso-Bioeconomy-1-2048x1536.jpg 2048w\" sizes=\"auto, (max-width: 1024px) 100vw, 1024px\" \/><\/figure>\n\n\n\n<figure class=\"wp-block-image size-large is-style-default\"><img loading=\"lazy\" decoding=\"async\" width=\"1024\" height=\"768\" data-id=\"13595\" src=\"https:\/\/bojornal.pt\/wp-content\/uploads\/2024\/03\/Concurso-Bioeconomy-2-1024x768.jpg\" alt=\"\" class=\"wp-image-13595\" srcset=\"https:\/\/bojornal.pt\/wp-content\/uploads\/2024\/03\/Concurso-Bioeconomy-2-1024x768.jpg 1024w, https:\/\/bojornal.pt\/wp-content\/uploads\/2024\/03\/Concurso-Bioeconomy-2-300x225.jpg 300w, https:\/\/bojornal.pt\/wp-content\/uploads\/2024\/03\/Concurso-Bioeconomy-2-150x113.jpg 150w, https:\/\/bojornal.pt\/wp-content\/uploads\/2024\/03\/Concurso-Bioeconomy-2-768x576.jpg 768w, https:\/\/bojornal.pt\/wp-content\/uploads\/2024\/03\/Concurso-Bioeconomy-2-1536x1152.jpg 1536w, https:\/\/bojornal.pt\/wp-content\/uploads\/2024\/03\/Concurso-Bioeconomy-2-2048x1536.jpg 2048w\" sizes=\"auto, (max-width: 1024px) 100vw, 1024px\" \/><\/figure>\n\n\n\n<figure class=\"wp-block-image size-large is-style-default\"><img loading=\"lazy\" decoding=\"async\" width=\"1024\" height=\"768\" data-id=\"13594\" src=\"https:\/\/bojornal.pt\/wp-content\/uploads\/2024\/03\/Concurso-Bioeconomy-3-1024x768.jpg\" alt=\"\" class=\"wp-image-13594\" srcset=\"https:\/\/bojornal.pt\/wp-content\/uploads\/2024\/03\/Concurso-Bioeconomy-3-1024x768.jpg 1024w, https:\/\/bojornal.pt\/wp-content\/uploads\/2024\/03\/Concurso-Bioeconomy-3-300x225.jpg 300w, https:\/\/bojornal.pt\/wp-content\/uploads\/2024\/03\/Concurso-Bioeconomy-3-150x113.jpg 150w, https:\/\/bojornal.pt\/wp-content\/uploads\/2024\/03\/Concurso-Bioeconomy-3-768x576.jpg 768w, https:\/\/bojornal.pt\/wp-content\/uploads\/2024\/03\/Concurso-Bioeconomy-3-1536x1152.jpg 1536w, https:\/\/bojornal.pt\/wp-content\/uploads\/2024\/03\/Concurso-Bioeconomy-3-2048x1536.jpg 2048w\" sizes=\"auto, (max-width: 1024px) 100vw, 1024px\" \/><\/figure>\n\n\n\n<figure class=\"wp-block-image size-large is-style-default\"><img loading=\"lazy\" decoding=\"async\" width=\"768\" height=\"1024\" data-id=\"13593\" src=\"https:\/\/bojornal.pt\/wp-content\/uploads\/2024\/03\/Concurso-Bioeconomy-4-768x1024.jpg\" alt=\"\" class=\"wp-image-13593\" srcset=\"https:\/\/bojornal.pt\/wp-content\/uploads\/2024\/03\/Concurso-Bioeconomy-4-768x1024.jpg 768w, https:\/\/bojornal.pt\/wp-content\/uploads\/2024\/03\/Concurso-Bioeconomy-4-225x300.jpg 225w, https:\/\/bojornal.pt\/wp-content\/uploads\/2024\/03\/Concurso-Bioeconomy-4-113x150.jpg 113w, https:\/\/bojornal.pt\/wp-content\/uploads\/2024\/03\/Concurso-Bioeconomy-4-1152x1536.jpg 1152w, https:\/\/bojornal.pt\/wp-content\/uploads\/2024\/03\/Concurso-Bioeconomy-4.jpg 1200w\" sizes=\"auto, (max-width: 768px) 100vw, 768px\" \/><\/figure>\n<\/figure>\n\n\n\n<p>Os alunos do 12\u00baC e 10\u00baE, do Curso de Ci\u00eancias Socioecon\u00f3micas, participaram no concurso&nbsp;<em>Bioeconomy Changemakers Festival,MOREBio Changemakers.<\/em><\/p>\n\n\n\n<p>Trata-se de um concurso de \u00e2mbito concelhio promovido pelo MORE CoLAB \u2013 Laborat\u00f3rio Colaborativo Montanhas de Investiga\u00e7\u00e3o em parceria com a C\u00e2mara Municipal de Bragan\u00e7a, o Instituto Polit\u00e9cnico de Bragan\u00e7a, o Parque de Ci\u00eancia e Tecnologia Brigantia-EcoPark e a empresa Tree Flowers Solutions, com vista a aproximar os jovens do ensino secund\u00e1rio com interesse na \u00e1rea da bioeconomia da atual realidade europeia.<\/p>\n\n\n\n<p>Este concurso visou promover uma maior aproxima\u00e7\u00e3o entre os estudantes, o tecido empresarial e o mundo profissional.<\/p>\n\n\n\n<p>Propor-se ainda impulsionar a criatividade e capacidade de pensar de forma inovadora, e estimular jovens talentos na \u00e1rea da bioeconomia atrav\u00e9s do desenvolvimento de projetos inovadores.<\/p>\n\n\n\n<p>Os projetos foram apresentados pelos alunos, no dia 15 de mar\u00e7o de 2024, durante o\u00a0evento sat\u00e9lite realizado no Parque de Ci\u00eancia e Tecnologia Brigantia-EcoPark, intitulado \u201c<em>Os Jovens e a Bioeconomia<\/em>&#8220;, tendo ficado classificados em 1\u00ba e 3\u00ba lugares, na lista de classifica\u00e7\u00e3o final do concurso referido, com os projetos &#8211;\u00a0<em>Do prato para a horta e BloEconomia trabalho II, respetivamente.<\/em><\/p>\n\n\n\n<p>Esta foi uma oportunidade de conhecer novas realidades, pensar o futuro e ajudar a fazer escolhas e teve a sustentabilidade como um dos principais pilares.<\/p>\n\n\n\n<p>Demonstrou-se&nbsp;ainda a import\u00e2ncia que a escola tem no que diz respeito ao desenvolvimento de uma cidadania respons\u00e1vel e participativa, reafirmando-se desta forma o compromisso com o planeta.<\/p>\n","protected":false},"excerpt":{"rendered":"<p>Alunos do 10\u00baE e 12\u00baC participaram no &#8220;Bioeconomy Changemakers Festival, MOREBio Changemakers Os alunos do 12\u00baC e 10\u00baE, do Curso de Ci\u00eancias Socioecon\u00f3micas, participaram no concurso&nbsp;Bioeconomy Changemakers Festival,MOREBio Changemakers. Trata-se de um concurso de&#46;&#46;&#46;<\/p>\n","protected":false},"author":2,"featured_media":13593,"comment_status":"closed","ping_status":"open","sticky":false,"template":"","format":"standard","meta":{"footnotes":""},"categories":[2,9,16],"tags":[],"class_list":["post-13592","post","type-post","status-publish","format-standard","has-post-thumbnail","hentry","category-atualidade","category-em-foco","category-escola-secundaria-emidio-garcia"],"_links":{"self":[{"href":"https:\/\/bojornal.pt\/index.php?rest_route=\/wp\/v2\/posts\/13592","targetHints":{"allow":["GET"]}}],"collection":[{"href":"https:\/\/bojornal.pt\/index.php?rest_route=\/wp\/v2\/posts"}],"about":[{"href":"https:\/\/bojornal.pt\/index.php?rest_route=\/wp\/v2\/types\/post"}],"author":[{"embeddable":true,"href":"https:\/\/bojornal.pt\/index.php?rest_route=\/wp\/v2\/users\/2"}],"replies":[{"embeddable":true,"href":"https:\/\/bojornal.pt\/index.php?rest_route=%2Fwp%2Fv2%2Fcomments&post=13592"}],"version-history":[{"count":0,"href":"https:\/\/bojornal.pt\/index.php?rest_route=\/wp\/v2\/posts\/13592\/revisions"}],"wp:featuredmedia":[{"embeddable":true,"href":"https:\/\/bojornal.pt\/index.php?rest_route=\/wp\/v2\/media\/13593"}],"wp:attachment":[{"href":"https:\/\/bojornal.pt\/index.php?rest_route=%2Fwp%2Fv2%2Fmedia&parent=13592"}],"wp:term":[{"taxonomy":"category","embeddable":true,"href":"https:\/\/bojornal.pt\/index.php?rest_route=%2Fwp%2Fv2%2Fcategories&post=13592"},{"taxonomy":"post_tag","embeddable":true,"href":"https:\/\/bojornal.pt\/index.php?rest_route=%2Fwp%2Fv2%2Ftags&post=13592"}],"curies":[{"name":"wp","href":"https:\/\/api.w.org\/{rel}","templated":true}]}}