{"id":13470,"date":"2024-03-17T00:28:44","date_gmt":"2024-03-17T00:28:44","guid":{"rendered":"https:\/\/bojornal.pt\/?p=13470"},"modified":"2024-03-17T00:28:56","modified_gmt":"2024-03-17T00:28:56","slug":"d-nuno-almeida-visita-agrupamento-de-escolas-emidio-garcia","status":"publish","type":"post","link":"https:\/\/bojornal.pt\/?p=13470","title":{"rendered":"D. Nuno Almeida visita Agrupamento de Escolas Em\u00eddio Garcia"},"content":{"rendered":"\n<p><strong><em>Bispo da Diocese de Bragan\u00e7a-Miranda conheceu as escolas do agrupamento<\/em><\/strong><\/p>\n\n\n\n<figure class=\"wp-block-gallery has-nested-images columns-default is-cropped wp-block-gallery-1 is-layout-flex wp-block-gallery-is-layout-flex\">\n<figure class=\"wp-block-image size-large is-style-default\"><img loading=\"lazy\" decoding=\"async\" width=\"1024\" height=\"461\" data-id=\"13516\" src=\"https:\/\/bojornal.pt\/wp-content\/uploads\/2024\/03\/bispo_Centro-Escolar-da-Se4-1-1024x461.jpg\" alt=\"\" class=\"wp-image-13516\" srcset=\"https:\/\/bojornal.pt\/wp-content\/uploads\/2024\/03\/bispo_Centro-Escolar-da-Se4-1-1024x461.jpg 1024w, https:\/\/bojornal.pt\/wp-content\/uploads\/2024\/03\/bispo_Centro-Escolar-da-Se4-1-300x135.jpg 300w, https:\/\/bojornal.pt\/wp-content\/uploads\/2024\/03\/bispo_Centro-Escolar-da-Se4-1-150x68.jpg 150w, https:\/\/bojornal.pt\/wp-content\/uploads\/2024\/03\/bispo_Centro-Escolar-da-Se4-1-768x346.jpg 768w, https:\/\/bojornal.pt\/wp-content\/uploads\/2024\/03\/bispo_Centro-Escolar-da-Se4-1-1536x691.jpg 1536w, https:\/\/bojornal.pt\/wp-content\/uploads\/2024\/03\/bispo_Centro-Escolar-da-Se4-1-2048x922.jpg 2048w\" sizes=\"auto, (max-width: 1024px) 100vw, 1024px\" \/><\/figure>\n\n\n\n<figure class=\"wp-block-image size-large is-style-default\"><img loading=\"lazy\" decoding=\"async\" width=\"1024\" height=\"461\" data-id=\"13514\" src=\"https:\/\/bojornal.pt\/wp-content\/uploads\/2024\/03\/bispo_Centro-Escolar-da-Se5-3-1024x461.jpg\" alt=\"\" class=\"wp-image-13514\" srcset=\"https:\/\/bojornal.pt\/wp-content\/uploads\/2024\/03\/bispo_Centro-Escolar-da-Se5-3-1024x461.jpg 1024w, https:\/\/bojornal.pt\/wp-content\/uploads\/2024\/03\/bispo_Centro-Escolar-da-Se5-3-300x135.jpg 300w, https:\/\/bojornal.pt\/wp-content\/uploads\/2024\/03\/bispo_Centro-Escolar-da-Se5-3-150x68.jpg 150w, https:\/\/bojornal.pt\/wp-content\/uploads\/2024\/03\/bispo_Centro-Escolar-da-Se5-3-768x346.jpg 768w, https:\/\/bojornal.pt\/wp-content\/uploads\/2024\/03\/bispo_Centro-Escolar-da-Se5-3-1536x691.jpg 1536w, https:\/\/bojornal.pt\/wp-content\/uploads\/2024\/03\/bispo_Centro-Escolar-da-Se5-3-2048x922.jpg 2048w\" sizes=\"auto, (max-width: 1024px) 100vw, 1024px\" \/><\/figure>\n\n\n\n<figure class=\"wp-block-image size-large is-style-default\"><img loading=\"lazy\" decoding=\"async\" width=\"1024\" height=\"461\" data-id=\"13513\" src=\"https:\/\/bojornal.pt\/wp-content\/uploads\/2024\/03\/bispo_Centro-Escolar-da-Se6-1-1024x461.jpg\" alt=\"\" class=\"wp-image-13513\" srcset=\"https:\/\/bojornal.pt\/wp-content\/uploads\/2024\/03\/bispo_Centro-Escolar-da-Se6-1-1024x461.jpg 1024w, https:\/\/bojornal.pt\/wp-content\/uploads\/2024\/03\/bispo_Centro-Escolar-da-Se6-1-300x135.jpg 300w, https:\/\/bojornal.pt\/wp-content\/uploads\/2024\/03\/bispo_Centro-Escolar-da-Se6-1-150x68.jpg 150w, https:\/\/bojornal.pt\/wp-content\/uploads\/2024\/03\/bispo_Centro-Escolar-da-Se6-1-768x346.jpg 768w, https:\/\/bojornal.pt\/wp-content\/uploads\/2024\/03\/bispo_Centro-Escolar-da-Se6-1-1536x691.jpg 1536w, https:\/\/bojornal.pt\/wp-content\/uploads\/2024\/03\/bispo_Centro-Escolar-da-Se6-1-2048x922.jpg 2048w\" sizes=\"auto, (max-width: 1024px) 100vw, 1024px\" \/><\/figure>\n\n\n\n<figure class=\"wp-block-image size-large is-style-default\"><img loading=\"lazy\" decoding=\"async\" width=\"1024\" height=\"461\" data-id=\"13508\" src=\"https:\/\/bojornal.pt\/wp-content\/uploads\/2024\/03\/bispo_Centro-Escolar-da-Se7-2-1024x461.jpg\" alt=\"\" class=\"wp-image-13508\" srcset=\"https:\/\/bojornal.pt\/wp-content\/uploads\/2024\/03\/bispo_Centro-Escolar-da-Se7-2-1024x461.jpg 1024w, https:\/\/bojornal.pt\/wp-content\/uploads\/2024\/03\/bispo_Centro-Escolar-da-Se7-2-300x135.jpg 300w, https:\/\/bojornal.pt\/wp-content\/uploads\/2024\/03\/bispo_Centro-Escolar-da-Se7-2-150x68.jpg 150w, https:\/\/bojornal.pt\/wp-content\/uploads\/2024\/03\/bispo_Centro-Escolar-da-Se7-2-768x346.jpg 768w, https:\/\/bojornal.pt\/wp-content\/uploads\/2024\/03\/bispo_Centro-Escolar-da-Se7-2-1536x691.jpg 1536w, https:\/\/bojornal.pt\/wp-content\/uploads\/2024\/03\/bispo_Centro-Escolar-da-Se7-2-2048x922.jpg 2048w\" sizes=\"auto, (max-width: 1024px) 100vw, 1024px\" \/><\/figure>\n\n\n\n<figure class=\"wp-block-image size-large is-style-default\"><img loading=\"lazy\" decoding=\"async\" width=\"1024\" height=\"461\" data-id=\"13512\" src=\"https:\/\/bojornal.pt\/wp-content\/uploads\/2024\/03\/bispo_Centro-Escolar-da-Se8-2-1024x461.jpg\" alt=\"\" class=\"wp-image-13512\" srcset=\"https:\/\/bojornal.pt\/wp-content\/uploads\/2024\/03\/bispo_Centro-Escolar-da-Se8-2-1024x461.jpg 1024w, https:\/\/bojornal.pt\/wp-content\/uploads\/2024\/03\/bispo_Centro-Escolar-da-Se8-2-300x135.jpg 300w, https:\/\/bojornal.pt\/wp-content\/uploads\/2024\/03\/bispo_Centro-Escolar-da-Se8-2-150x68.jpg 150w, https:\/\/bojornal.pt\/wp-content\/uploads\/2024\/03\/bispo_Centro-Escolar-da-Se8-2-768x346.jpg 768w, https:\/\/bojornal.pt\/wp-content\/uploads\/2024\/03\/bispo_Centro-Escolar-da-Se8-2-1536x691.jpg 1536w, https:\/\/bojornal.pt\/wp-content\/uploads\/2024\/03\/bispo_Centro-Escolar-da-Se8-2-2048x922.jpg 2048w\" sizes=\"auto, (max-width: 1024px) 100vw, 1024px\" \/><\/figure>\n\n\n\n<figure class=\"wp-block-image size-large is-style-default\"><img loading=\"lazy\" decoding=\"async\" width=\"1024\" height=\"461\" data-id=\"13515\" src=\"https:\/\/bojornal.pt\/wp-content\/uploads\/2024\/03\/bispo_Centro-Escolar-da-Se9-1-1024x461.jpg\" alt=\"\" class=\"wp-image-13515\" srcset=\"https:\/\/bojornal.pt\/wp-content\/uploads\/2024\/03\/bispo_Centro-Escolar-da-Se9-1-1024x461.jpg 1024w, https:\/\/bojornal.pt\/wp-content\/uploads\/2024\/03\/bispo_Centro-Escolar-da-Se9-1-300x135.jpg 300w, https:\/\/bojornal.pt\/wp-content\/uploads\/2024\/03\/bispo_Centro-Escolar-da-Se9-1-150x68.jpg 150w, https:\/\/bojornal.pt\/wp-content\/uploads\/2024\/03\/bispo_Centro-Escolar-da-Se9-1-768x346.jpg 768w, https:\/\/bojornal.pt\/wp-content\/uploads\/2024\/03\/bispo_Centro-Escolar-da-Se9-1-1536x691.jpg 1536w, https:\/\/bojornal.pt\/wp-content\/uploads\/2024\/03\/bispo_Centro-Escolar-da-Se9-1-2048x922.jpg 2048w\" sizes=\"auto, (max-width: 1024px) 100vw, 1024px\" \/><\/figure>\n\n\n\n<figure class=\"wp-block-image size-large is-style-default\"><img loading=\"lazy\" decoding=\"async\" width=\"1024\" height=\"461\" data-id=\"13517\" src=\"https:\/\/bojornal.pt\/wp-content\/uploads\/2024\/03\/bispo_Centro-Escolar-da-Se10-1024x461.jpg\" alt=\"\" class=\"wp-image-13517\" srcset=\"https:\/\/bojornal.pt\/wp-content\/uploads\/2024\/03\/bispo_Centro-Escolar-da-Se10-1024x461.jpg 1024w, https:\/\/bojornal.pt\/wp-content\/uploads\/2024\/03\/bispo_Centro-Escolar-da-Se10-300x135.jpg 300w, https:\/\/bojornal.pt\/wp-content\/uploads\/2024\/03\/bispo_Centro-Escolar-da-Se10-150x68.jpg 150w, https:\/\/bojornal.pt\/wp-content\/uploads\/2024\/03\/bispo_Centro-Escolar-da-Se10-768x346.jpg 768w, https:\/\/bojornal.pt\/wp-content\/uploads\/2024\/03\/bispo_Centro-Escolar-da-Se10-1536x691.jpg 1536w, https:\/\/bojornal.pt\/wp-content\/uploads\/2024\/03\/bispo_Centro-Escolar-da-Se10-2048x922.jpg 2048w\" sizes=\"auto, (max-width: 1024px) 100vw, 1024px\" \/><\/figure>\n\n\n\n<figure class=\"wp-block-image size-large is-style-default\"><img loading=\"lazy\" decoding=\"async\" width=\"1024\" height=\"461\" data-id=\"13494\" src=\"https:\/\/bojornal.pt\/wp-content\/uploads\/2024\/03\/bispo_Centro-Escolar-da-Se11-1-1024x461.jpg\" alt=\"\" class=\"wp-image-13494\" srcset=\"https:\/\/bojornal.pt\/wp-content\/uploads\/2024\/03\/bispo_Centro-Escolar-da-Se11-1-1024x461.jpg 1024w, https:\/\/bojornal.pt\/wp-content\/uploads\/2024\/03\/bispo_Centro-Escolar-da-Se11-1-300x135.jpg 300w, https:\/\/bojornal.pt\/wp-content\/uploads\/2024\/03\/bispo_Centro-Escolar-da-Se11-1-150x67.jpg 150w, https:\/\/bojornal.pt\/wp-content\/uploads\/2024\/03\/bispo_Centro-Escolar-da-Se11-1-768x345.jpg 768w, https:\/\/bojornal.pt\/wp-content\/uploads\/2024\/03\/bispo_Centro-Escolar-da-Se11-1-1536x691.jpg 1536w, https:\/\/bojornal.pt\/wp-content\/uploads\/2024\/03\/bispo_Centro-Escolar-da-Se11-1-2048x921.jpg 2048w\" sizes=\"auto, (max-width: 1024px) 100vw, 1024px\" \/><\/figure>\n\n\n\n<figure class=\"wp-block-image size-large is-style-default\"><img loading=\"lazy\" decoding=\"async\" width=\"1024\" height=\"461\" data-id=\"13509\" src=\"https:\/\/bojornal.pt\/wp-content\/uploads\/2024\/03\/bispo_Centro-Escolar-da-Se12-2-1024x461.jpg\" alt=\"\" class=\"wp-image-13509\" srcset=\"https:\/\/bojornal.pt\/wp-content\/uploads\/2024\/03\/bispo_Centro-Escolar-da-Se12-2-1024x461.jpg 1024w, https:\/\/bojornal.pt\/wp-content\/uploads\/2024\/03\/bispo_Centro-Escolar-da-Se12-2-300x135.jpg 300w, https:\/\/bojornal.pt\/wp-content\/uploads\/2024\/03\/bispo_Centro-Escolar-da-Se12-2-150x67.jpg 150w, https:\/\/bojornal.pt\/wp-content\/uploads\/2024\/03\/bispo_Centro-Escolar-da-Se12-2-768x345.jpg 768w, https:\/\/bojornal.pt\/wp-content\/uploads\/2024\/03\/bispo_Centro-Escolar-da-Se12-2-1536x691.jpg 1536w, https:\/\/bojornal.pt\/wp-content\/uploads\/2024\/03\/bispo_Centro-Escolar-da-Se12-2-2048x921.jpg 2048w\" sizes=\"auto, (max-width: 1024px) 100vw, 1024px\" \/><\/figure>\n\n\n\n<figure class=\"wp-block-image size-large is-style-default\"><img loading=\"lazy\" decoding=\"async\" width=\"1024\" height=\"461\" data-id=\"13511\" src=\"https:\/\/bojornal.pt\/wp-content\/uploads\/2024\/03\/Centro-Escolar-da-Se-2-1024x461.jpg\" alt=\"\" class=\"wp-image-13511\" srcset=\"https:\/\/bojornal.pt\/wp-content\/uploads\/2024\/03\/Centro-Escolar-da-Se-2-1024x461.jpg 1024w, https:\/\/bojornal.pt\/wp-content\/uploads\/2024\/03\/Centro-Escolar-da-Se-2-300x135.jpg 300w, https:\/\/bojornal.pt\/wp-content\/uploads\/2024\/03\/Centro-Escolar-da-Se-2-150x68.jpg 150w, https:\/\/bojornal.pt\/wp-content\/uploads\/2024\/03\/Centro-Escolar-da-Se-2-768x346.jpg 768w, https:\/\/bojornal.pt\/wp-content\/uploads\/2024\/03\/Centro-Escolar-da-Se-2-1536x691.jpg 1536w, https:\/\/bojornal.pt\/wp-content\/uploads\/2024\/03\/Centro-Escolar-da-Se-2-2048x922.jpg 2048w\" sizes=\"auto, (max-width: 1024px) 100vw, 1024px\" \/><\/figure>\n\n\n\n<figure class=\"wp-block-image size-large is-style-default\"><img loading=\"lazy\" decoding=\"async\" width=\"1024\" height=\"461\" data-id=\"13481\" src=\"https:\/\/bojornal.pt\/wp-content\/uploads\/2024\/03\/Paulo-Quintela_bispo-2-1024x461.jpeg\" alt=\"\" class=\"wp-image-13481\" srcset=\"https:\/\/bojornal.pt\/wp-content\/uploads\/2024\/03\/Paulo-Quintela_bispo-2-1024x461.jpeg 1024w, https:\/\/bojornal.pt\/wp-content\/uploads\/2024\/03\/Paulo-Quintela_bispo-2-300x135.jpeg 300w, https:\/\/bojornal.pt\/wp-content\/uploads\/2024\/03\/Paulo-Quintela_bispo-2-150x68.jpeg 150w, https:\/\/bojornal.pt\/wp-content\/uploads\/2024\/03\/Paulo-Quintela_bispo-2-768x346.jpeg 768w, https:\/\/bojornal.pt\/wp-content\/uploads\/2024\/03\/Paulo-Quintela_bispo-2-1536x691.jpeg 1536w, https:\/\/bojornal.pt\/wp-content\/uploads\/2024\/03\/Paulo-Quintela_bispo-2.jpeg 1600w\" sizes=\"auto, (max-width: 1024px) 100vw, 1024px\" \/><\/figure>\n\n\n\n<figure class=\"wp-block-image size-large is-style-default\"><img loading=\"lazy\" decoding=\"async\" width=\"1024\" height=\"461\" data-id=\"13479\" src=\"https:\/\/bojornal.pt\/wp-content\/uploads\/2024\/03\/Paulo-Quintela_bispo1-2-1024x461.jpeg\" alt=\"\" class=\"wp-image-13479\" srcset=\"https:\/\/bojornal.pt\/wp-content\/uploads\/2024\/03\/Paulo-Quintela_bispo1-2-1024x461.jpeg 1024w, https:\/\/bojornal.pt\/wp-content\/uploads\/2024\/03\/Paulo-Quintela_bispo1-2-300x135.jpeg 300w, https:\/\/bojornal.pt\/wp-content\/uploads\/2024\/03\/Paulo-Quintela_bispo1-2-150x68.jpeg 150w, https:\/\/bojornal.pt\/wp-content\/uploads\/2024\/03\/Paulo-Quintela_bispo1-2-768x346.jpeg 768w, https:\/\/bojornal.pt\/wp-content\/uploads\/2024\/03\/Paulo-Quintela_bispo1-2-1536x691.jpeg 1536w, https:\/\/bojornal.pt\/wp-content\/uploads\/2024\/03\/Paulo-Quintela_bispo1-2.jpeg 1600w\" sizes=\"auto, (max-width: 1024px) 100vw, 1024px\" \/><\/figure>\n\n\n\n<figure class=\"wp-block-image size-large is-style-default\"><img loading=\"lazy\" decoding=\"async\" width=\"1024\" height=\"461\" data-id=\"13480\" src=\"https:\/\/bojornal.pt\/wp-content\/uploads\/2024\/03\/Paulo-Quintela_bispo2-2-1024x461.jpeg\" alt=\"\" class=\"wp-image-13480\" srcset=\"https:\/\/bojornal.pt\/wp-content\/uploads\/2024\/03\/Paulo-Quintela_bispo2-2-1024x461.jpeg 1024w, https:\/\/bojornal.pt\/wp-content\/uploads\/2024\/03\/Paulo-Quintela_bispo2-2-300x135.jpeg 300w, https:\/\/bojornal.pt\/wp-content\/uploads\/2024\/03\/Paulo-Quintela_bispo2-2-150x68.jpeg 150w, https:\/\/bojornal.pt\/wp-content\/uploads\/2024\/03\/Paulo-Quintela_bispo2-2-768x346.jpeg 768w, https:\/\/bojornal.pt\/wp-content\/uploads\/2024\/03\/Paulo-Quintela_bispo2-2-1536x691.jpeg 1536w, https:\/\/bojornal.pt\/wp-content\/uploads\/2024\/03\/Paulo-Quintela_bispo2-2.jpeg 1600w\" sizes=\"auto, (max-width: 1024px) 100vw, 1024px\" \/><\/figure>\n\n\n\n<figure class=\"wp-block-image size-large is-style-default\"><img loading=\"lazy\" decoding=\"async\" width=\"1024\" height=\"414\" data-id=\"13523\" src=\"https:\/\/bojornal.pt\/wp-content\/uploads\/2024\/03\/visita-bispo_LICEU-1-1024x414.jpg\" alt=\"\" class=\"wp-image-13523\" srcset=\"https:\/\/bojornal.pt\/wp-content\/uploads\/2024\/03\/visita-bispo_LICEU-1-1024x414.jpg 1024w, https:\/\/bojornal.pt\/wp-content\/uploads\/2024\/03\/visita-bispo_LICEU-1-300x121.jpg 300w, https:\/\/bojornal.pt\/wp-content\/uploads\/2024\/03\/visita-bispo_LICEU-1-150x61.jpg 150w, https:\/\/bojornal.pt\/wp-content\/uploads\/2024\/03\/visita-bispo_LICEU-1-768x310.jpg 768w, https:\/\/bojornal.pt\/wp-content\/uploads\/2024\/03\/visita-bispo_LICEU-1-1536x620.jpg 1536w, https:\/\/bojornal.pt\/wp-content\/uploads\/2024\/03\/visita-bispo_LICEU-1-2048x827.jpg 2048w\" sizes=\"auto, (max-width: 1024px) 100vw, 1024px\" \/><\/figure>\n\n\n\n<figure class=\"wp-block-image\"><img decoding=\"async\" src=\"blob:https:\/\/bojornal.pt\/aa532391-ae3f-4099-8097-254ed93decb3\" alt=\"\"\/><\/figure>\n\n\n\n<figure class=\"wp-block-image\"><img decoding=\"async\" src=\"blob:https:\/\/bojornal.pt\/6e540fbc-1f6b-489a-aed2-ea81aa45fbca\" alt=\"\"\/><\/figure>\n\n\n\n<figure class=\"wp-block-image size-large is-style-default\"><img loading=\"lazy\" decoding=\"async\" width=\"597\" height=\"1024\" data-id=\"13520\" src=\"https:\/\/bojornal.pt\/wp-content\/uploads\/2024\/03\/visita-bispo_LICEU-21-597x1024.jpg\" alt=\"\" class=\"wp-image-13520\" srcset=\"https:\/\/bojornal.pt\/wp-content\/uploads\/2024\/03\/visita-bispo_LICEU-21-597x1024.jpg 597w, https:\/\/bojornal.pt\/wp-content\/uploads\/2024\/03\/visita-bispo_LICEU-21-175x300.jpg 175w, https:\/\/bojornal.pt\/wp-content\/uploads\/2024\/03\/visita-bispo_LICEU-21-87x150.jpg 87w, https:\/\/bojornal.pt\/wp-content\/uploads\/2024\/03\/visita-bispo_LICEU-21-768x1318.jpg 768w, https:\/\/bojornal.pt\/wp-content\/uploads\/2024\/03\/visita-bispo_LICEU-21-895x1536.jpg 895w, https:\/\/bojornal.pt\/wp-content\/uploads\/2024\/03\/visita-bispo_LICEU-21-1193x2048.jpg 1193w, https:\/\/bojornal.pt\/wp-content\/uploads\/2024\/03\/visita-bispo_LICEU-21-scaled.jpg 1491w\" sizes=\"auto, (max-width: 597px) 100vw, 597px\" \/><\/figure>\n\n\n\n<figure class=\"wp-block-image size-large is-style-default\"><img loading=\"lazy\" decoding=\"async\" width=\"1024\" height=\"670\" data-id=\"13528\" src=\"https:\/\/bojornal.pt\/wp-content\/uploads\/2024\/03\/visita-bispo_LICEU-38-1024x670.jpg\" alt=\"\" class=\"wp-image-13528\" srcset=\"https:\/\/bojornal.pt\/wp-content\/uploads\/2024\/03\/visita-bispo_LICEU-38-1024x670.jpg 1024w, https:\/\/bojornal.pt\/wp-content\/uploads\/2024\/03\/visita-bispo_LICEU-38-300x196.jpg 300w, https:\/\/bojornal.pt\/wp-content\/uploads\/2024\/03\/visita-bispo_LICEU-38-150x98.jpg 150w, https:\/\/bojornal.pt\/wp-content\/uploads\/2024\/03\/visita-bispo_LICEU-38-768x502.jpg 768w, https:\/\/bojornal.pt\/wp-content\/uploads\/2024\/03\/visita-bispo_LICEU-38-1536x1005.jpg 1536w, https:\/\/bojornal.pt\/wp-content\/uploads\/2024\/03\/visita-bispo_LICEU-38-2048x1339.jpg 2048w\" sizes=\"auto, (max-width: 1024px) 100vw, 1024px\" \/><\/figure>\n\n\n\n<figure class=\"wp-block-image size-large is-style-default\"><img loading=\"lazy\" decoding=\"async\" width=\"1024\" height=\"489\" data-id=\"13529\" src=\"https:\/\/bojornal.pt\/wp-content\/uploads\/2024\/03\/visita-bispo_LICEU-49-1024x489.jpg\" alt=\"\" class=\"wp-image-13529\" srcset=\"https:\/\/bojornal.pt\/wp-content\/uploads\/2024\/03\/visita-bispo_LICEU-49-1024x489.jpg 1024w, https:\/\/bojornal.pt\/wp-content\/uploads\/2024\/03\/visita-bispo_LICEU-49-300x143.jpg 300w, https:\/\/bojornal.pt\/wp-content\/uploads\/2024\/03\/visita-bispo_LICEU-49-150x72.jpg 150w, https:\/\/bojornal.pt\/wp-content\/uploads\/2024\/03\/visita-bispo_LICEU-49-768x367.jpg 768w, https:\/\/bojornal.pt\/wp-content\/uploads\/2024\/03\/visita-bispo_LICEU-49-1536x733.jpg 1536w, https:\/\/bojornal.pt\/wp-content\/uploads\/2024\/03\/visita-bispo_LICEU-49-2048x978.jpg 2048w\" sizes=\"auto, (max-width: 1024px) 100vw, 1024px\" \/><\/figure>\n<\/figure>\n\n\n\n<p>D. Nuno Almeida visitou as diversas escolas do Agrupamento Em\u00eddio Garcia, no passado dia 14 de mar\u00e7o. O bispo da Diocese de Bragan\u00e7a-Miranda, por ocasi\u00e3o da visita pastoral \u00e0s par\u00f3quias de Bragan\u00e7a, conheceu as instala\u00e7\u00f5es e contactou com alunos, professores e assistentes operacionais das escolas Em\u00eddio Garcia, Paulo Quintela e Centro Escolar da S\u00e9. No Liceu, o prelado foi recebido pelos \u00f3rg\u00e3os de gest\u00e3o do Agrupamento, pela Associa\u00e7\u00e3o de Estudantes e pelos alunos de EMRC, representantes de cada turma. <\/p>\n\n\n\n<p><\/p>\n","protected":false},"excerpt":{"rendered":"<p>Bispo da Diocese de Bragan\u00e7a-Miranda conheceu as escolas do agrupamento D. Nuno Almeida visitou as diversas escolas do Agrupamento Em\u00eddio Garcia, no passado dia 14 de mar\u00e7o. O bispo da Diocese de Bragan\u00e7a-Miranda, por&#46;&#46;&#46;<\/p>\n","protected":false},"author":2,"featured_media":13501,"comment_status":"closed","ping_status":"open","sticky":false,"template":"","format":"standard","meta":{"footnotes":""},"categories":[14,9,13,16],"tags":[],"class_list":["post-13470","post","type-post","status-publish","format-standard","has-post-thumbnail","hentry","category-1o-ciclo","category-em-foco","category-escola-paulo-quintela","category-escola-secundaria-emidio-garcia"],"_links":{"self":[{"href":"https:\/\/bojornal.pt\/index.php?rest_route=\/wp\/v2\/posts\/13470","targetHints":{"allow":["GET"]}}],"collection":[{"href":"https:\/\/bojornal.pt\/index.php?rest_route=\/wp\/v2\/posts"}],"about":[{"href":"https:\/\/bojornal.pt\/index.php?rest_route=\/wp\/v2\/types\/post"}],"author":[{"embeddable":true,"href":"https:\/\/bojornal.pt\/index.php?rest_route=\/wp\/v2\/users\/2"}],"replies":[{"embeddable":true,"href":"https:\/\/bojornal.pt\/index.php?rest_route=%2Fwp%2Fv2%2Fcomments&post=13470"}],"version-history":[{"count":0,"href":"https:\/\/bojornal.pt\/index.php?rest_route=\/wp\/v2\/posts\/13470\/revisions"}],"wp:featuredmedia":[{"embeddable":true,"href":"https:\/\/bojornal.pt\/index.php?rest_route=\/wp\/v2\/media\/13501"}],"wp:attachment":[{"href":"https:\/\/bojornal.pt\/index.php?rest_route=%2Fwp%2Fv2%2Fmedia&parent=13470"}],"wp:term":[{"taxonomy":"category","embeddable":true,"href":"https:\/\/bojornal.pt\/index.php?rest_route=%2Fwp%2Fv2%2Fcategories&post=13470"},{"taxonomy":"post_tag","embeddable":true,"href":"https:\/\/bojornal.pt\/index.php?rest_route=%2Fwp%2Fv2%2Ftags&post=13470"}],"curies":[{"name":"wp","href":"https:\/\/api.w.org\/{rel}","templated":true}]}}