{"id":13466,"date":"2024-03-13T23:53:28","date_gmt":"2024-03-13T23:53:28","guid":{"rendered":"https:\/\/bojornal.pt\/?p=13466"},"modified":"2024-03-13T23:53:31","modified_gmt":"2024-03-13T23:53:31","slug":"palestra-em-dia-da-matematica","status":"publish","type":"post","link":"https:\/\/bojornal.pt\/?p=13466","title":{"rendered":"Palestra em &#8220;Dia da Matem\u00e1tica&#8221;"},"content":{"rendered":"\n<p><strong><em>Escola Secund\u00e1ria Em\u00eddio Garcia assinala efem\u00e9ride<\/em><\/strong><\/p>\n\n\n\n<figure class=\"wp-block-image size-large is-style-default\"><img loading=\"lazy\" decoding=\"async\" width=\"807\" height=\"1024\" src=\"https:\/\/bojornal.pt\/wp-content\/uploads\/2024\/03\/cartaz_dia_matematica_EG-807x1024.png\" alt=\"\" class=\"wp-image-13467\" srcset=\"https:\/\/bojornal.pt\/wp-content\/uploads\/2024\/03\/cartaz_dia_matematica_EG-807x1024.png 807w, https:\/\/bojornal.pt\/wp-content\/uploads\/2024\/03\/cartaz_dia_matematica_EG-236x300.png 236w, https:\/\/bojornal.pt\/wp-content\/uploads\/2024\/03\/cartaz_dia_matematica_EG-118x150.png 118w, https:\/\/bojornal.pt\/wp-content\/uploads\/2024\/03\/cartaz_dia_matematica_EG-768x975.png 768w, https:\/\/bojornal.pt\/wp-content\/uploads\/2024\/03\/cartaz_dia_matematica_EG.png 851w\" sizes=\"auto, (max-width: 807px) 100vw, 807px\" \/><\/figure>\n","protected":false},"excerpt":{"rendered":"<p>Escola Secund\u00e1ria Em\u00eddio Garcia assinala efem\u00e9ride<\/p>\n","protected":false},"author":2,"featured_media":13467,"comment_status":"closed","ping_status":"open","sticky":false,"template":"","format":"standard","meta":{"footnotes":""},"categories":[16],"tags":[],"class_list":["post-13466","post","type-post","status-publish","format-standard","has-post-thumbnail","hentry","category-escola-secundaria-emidio-garcia"],"_links":{"self":[{"href":"https:\/\/bojornal.pt\/index.php?rest_route=\/wp\/v2\/posts\/13466","targetHints":{"allow":["GET"]}}],"collection":[{"href":"https:\/\/bojornal.pt\/index.php?rest_route=\/wp\/v2\/posts"}],"about":[{"href":"https:\/\/bojornal.pt\/index.php?rest_route=\/wp\/v2\/types\/post"}],"author":[{"embeddable":true,"href":"https:\/\/bojornal.pt\/index.php?rest_route=\/wp\/v2\/users\/2"}],"replies":[{"embeddable":true,"href":"https:\/\/bojornal.pt\/index.php?rest_route=%2Fwp%2Fv2%2Fcomments&post=13466"}],"version-history":[{"count":0,"href":"https:\/\/bojornal.pt\/index.php?rest_route=\/wp\/v2\/posts\/13466\/revisions"}],"wp:featuredmedia":[{"embeddable":true,"href":"https:\/\/bojornal.pt\/index.php?rest_route=\/wp\/v2\/media\/13467"}],"wp:attachment":[{"href":"https:\/\/bojornal.pt\/index.php?rest_route=%2Fwp%2Fv2%2Fmedia&parent=13466"}],"wp:term":[{"taxonomy":"category","embeddable":true,"href":"https:\/\/bojornal.pt\/index.php?rest_route=%2Fwp%2Fv2%2Fcategories&post=13466"},{"taxonomy":"post_tag","embeddable":true,"href":"https:\/\/bojornal.pt\/index.php?rest_route=%2Fwp%2Fv2%2Ftags&post=13466"}],"curies":[{"name":"wp","href":"https:\/\/api.w.org\/{rel}","templated":true}]}}