{"id":13451,"date":"2024-03-11T22:38:50","date_gmt":"2024-03-11T22:38:50","guid":{"rendered":"https:\/\/bojornal.pt\/?p=13451"},"modified":"2024-03-13T09:49:16","modified_gmt":"2024-03-13T09:49:16","slug":"liceu-assinala-dia-da-poesia","status":"publish","type":"post","link":"https:\/\/bojornal.pt\/?p=13451","title":{"rendered":"Liceu assinala Dia da Poesia"},"content":{"rendered":"\n<p><strong><em>No Sal\u00e3o Nobre da Escola Em\u00eddio Garcia<\/em><\/strong> <\/p>\n\n\n\n<figure class=\"wp-block-image size-full is-style-default\"><img loading=\"lazy\" decoding=\"async\" width=\"718\" height=\"718\" src=\"https:\/\/bojornal.pt\/wp-content\/uploads\/2024\/03\/WhatsApp-Image-2024-03-13-at-09.35.22.jpeg\" alt=\"\" class=\"wp-image-13464\" srcset=\"https:\/\/bojornal.pt\/wp-content\/uploads\/2024\/03\/WhatsApp-Image-2024-03-13-at-09.35.22.jpeg 718w, https:\/\/bojornal.pt\/wp-content\/uploads\/2024\/03\/WhatsApp-Image-2024-03-13-at-09.35.22-300x300.jpeg 300w, https:\/\/bojornal.pt\/wp-content\/uploads\/2024\/03\/WhatsApp-Image-2024-03-13-at-09.35.22-150x150.jpeg 150w, https:\/\/bojornal.pt\/wp-content\/uploads\/2024\/03\/WhatsApp-Image-2024-03-13-at-09.35.22-80x80.jpeg 80w, https:\/\/bojornal.pt\/wp-content\/uploads\/2024\/03\/WhatsApp-Image-2024-03-13-at-09.35.22-320x320.jpeg 320w\" sizes=\"auto, (max-width: 718px) 100vw, 718px\" \/><\/figure>\n\n\n\n<p>O Sal\u00e3o Nobre da Escola Em\u00eddio Garcia vai ser palco de um momento cultural que pretende assinalar o Dia Mundial da Poesia. &#8220;Faz do teu dia poesia&#8221; \u00e9 o lema para este momento que promete ser um momento enriquecedor para todos os participantes. Esta atividade, agendada para o dia 21 de mar\u00e7o de 2024 (20h45min.) \u00e9 organizada pelos professores de Portugu\u00eas. <\/p>\n","protected":false},"excerpt":{"rendered":"<p>No Sal\u00e3o Nobre da Escola Em\u00eddio Garcia O Sal\u00e3o Nobre da Escola Em\u00eddio Garcia vai ser palco de um momento cultural que pretende assinalar o Dia Mundial da Poesia. &#8220;Faz do teu dia poesia&#8221;&#46;&#46;&#46;<\/p>\n","protected":false},"author":2,"featured_media":13464,"comment_status":"closed","ping_status":"open","sticky":false,"template":"","format":"standard","meta":{"footnotes":""},"categories":[2,3,16],"tags":[],"class_list":["post-13451","post","type-post","status-publish","format-standard","has-post-thumbnail","hentry","category-atualidade","category-cultura","category-escola-secundaria-emidio-garcia"],"_links":{"self":[{"href":"https:\/\/bojornal.pt\/index.php?rest_route=\/wp\/v2\/posts\/13451","targetHints":{"allow":["GET"]}}],"collection":[{"href":"https:\/\/bojornal.pt\/index.php?rest_route=\/wp\/v2\/posts"}],"about":[{"href":"https:\/\/bojornal.pt\/index.php?rest_route=\/wp\/v2\/types\/post"}],"author":[{"embeddable":true,"href":"https:\/\/bojornal.pt\/index.php?rest_route=\/wp\/v2\/users\/2"}],"replies":[{"embeddable":true,"href":"https:\/\/bojornal.pt\/index.php?rest_route=%2Fwp%2Fv2%2Fcomments&post=13451"}],"version-history":[{"count":0,"href":"https:\/\/bojornal.pt\/index.php?rest_route=\/wp\/v2\/posts\/13451\/revisions"}],"wp:featuredmedia":[{"embeddable":true,"href":"https:\/\/bojornal.pt\/index.php?rest_route=\/wp\/v2\/media\/13464"}],"wp:attachment":[{"href":"https:\/\/bojornal.pt\/index.php?rest_route=%2Fwp%2Fv2%2Fmedia&parent=13451"}],"wp:term":[{"taxonomy":"category","embeddable":true,"href":"https:\/\/bojornal.pt\/index.php?rest_route=%2Fwp%2Fv2%2Fcategories&post=13451"},{"taxonomy":"post_tag","embeddable":true,"href":"https:\/\/bojornal.pt\/index.php?rest_route=%2Fwp%2Fv2%2Ftags&post=13451"}],"curies":[{"name":"wp","href":"https:\/\/api.w.org\/{rel}","templated":true}]}}