{"id":13448,"date":"2024-03-11T16:49:01","date_gmt":"2024-03-11T16:49:01","guid":{"rendered":"https:\/\/bojornal.pt\/?p=13448"},"modified":"2024-03-11T16:50:38","modified_gmt":"2024-03-11T16:50:38","slug":"concerto-no-salao-nobre-da-escola-emidio-garcia","status":"publish","type":"post","link":"https:\/\/bojornal.pt\/?p=13448","title":{"rendered":"Concerto no Sal\u00e3o Nobre da Escola Em\u00eddio Garcia"},"content":{"rendered":"\n<p><strong><em>Conservat\u00f3rio de M\u00fasica e Dan\u00e7a de Bragan\u00e7a promove iniciativa musical<\/em><\/strong>, <strong><em>no Liceu<\/em><\/strong><\/p>\n\n\n\n<figure class=\"wp-block-image size-large is-style-default\"><img loading=\"lazy\" decoding=\"async\" width=\"733\" height=\"1024\" src=\"https:\/\/bojornal.pt\/wp-content\/uploads\/2024\/03\/Orquestra-Juvenil-do-CMDB-8-copy-733x1024.png\" alt=\"\" class=\"wp-image-13449\" srcset=\"https:\/\/bojornal.pt\/wp-content\/uploads\/2024\/03\/Orquestra-Juvenil-do-CMDB-8-copy-733x1024.png 733w, https:\/\/bojornal.pt\/wp-content\/uploads\/2024\/03\/Orquestra-Juvenil-do-CMDB-8-copy-215x300.png 215w, https:\/\/bojornal.pt\/wp-content\/uploads\/2024\/03\/Orquestra-Juvenil-do-CMDB-8-copy-107x150.png 107w, https:\/\/bojornal.pt\/wp-content\/uploads\/2024\/03\/Orquestra-Juvenil-do-CMDB-8-copy-768x1073.png 768w, https:\/\/bojornal.pt\/wp-content\/uploads\/2024\/03\/Orquestra-Juvenil-do-CMDB-8-copy-1099x1536.png 1099w, https:\/\/bojornal.pt\/wp-content\/uploads\/2024\/03\/Orquestra-Juvenil-do-CMDB-8-copy-1466x2048.png 1466w\" sizes=\"auto, (max-width: 733px) 100vw, 733px\" \/><\/figure>\n\n\n\n<p>O Sal\u00e3o Nobre da Escola Em\u00eddio Garcia vai ser palco de um concerto musical, promovido pelo Conservat\u00f3rio de M\u00fasica e Dan\u00e7a de Bragan\u00e7a <em>(CMDB<\/em>). Esta iniciativa, agendada para o dia 13 de mar\u00e7o (18h), conta com a participa\u00e7\u00e3o dos grupos: <em>Ensemble de Sopros do CMDB<\/em>; <em>Ensemble de Cordas do CMDB<\/em> e a <em>Orquestra Juvenil do CMDB<\/em>. <\/p>\n\n\n\n<p><\/p>\n","protected":false},"excerpt":{"rendered":"<p>Conservat\u00f3rio de M\u00fasica e Dan\u00e7a de Bragan\u00e7a promove iniciativa musical, no Liceu O Sal\u00e3o Nobre da Escola Em\u00eddio Garcia vai ser palco de um concerto musical, promovido pelo Conservat\u00f3rio de M\u00fasica e Dan\u00e7a de&#46;&#46;&#46;<\/p>\n","protected":false},"author":2,"featured_media":13449,"comment_status":"closed","ping_status":"open","sticky":false,"template":"","format":"standard","meta":{"footnotes":""},"categories":[3,16],"tags":[],"class_list":["post-13448","post","type-post","status-publish","format-standard","has-post-thumbnail","hentry","category-cultura","category-escola-secundaria-emidio-garcia"],"_links":{"self":[{"href":"https:\/\/bojornal.pt\/index.php?rest_route=\/wp\/v2\/posts\/13448","targetHints":{"allow":["GET"]}}],"collection":[{"href":"https:\/\/bojornal.pt\/index.php?rest_route=\/wp\/v2\/posts"}],"about":[{"href":"https:\/\/bojornal.pt\/index.php?rest_route=\/wp\/v2\/types\/post"}],"author":[{"embeddable":true,"href":"https:\/\/bojornal.pt\/index.php?rest_route=\/wp\/v2\/users\/2"}],"replies":[{"embeddable":true,"href":"https:\/\/bojornal.pt\/index.php?rest_route=%2Fwp%2Fv2%2Fcomments&post=13448"}],"version-history":[{"count":0,"href":"https:\/\/bojornal.pt\/index.php?rest_route=\/wp\/v2\/posts\/13448\/revisions"}],"wp:featuredmedia":[{"embeddable":true,"href":"https:\/\/bojornal.pt\/index.php?rest_route=\/wp\/v2\/media\/13449"}],"wp:attachment":[{"href":"https:\/\/bojornal.pt\/index.php?rest_route=%2Fwp%2Fv2%2Fmedia&parent=13448"}],"wp:term":[{"taxonomy":"category","embeddable":true,"href":"https:\/\/bojornal.pt\/index.php?rest_route=%2Fwp%2Fv2%2Fcategories&post=13448"},{"taxonomy":"post_tag","embeddable":true,"href":"https:\/\/bojornal.pt\/index.php?rest_route=%2Fwp%2Fv2%2Ftags&post=13448"}],"curies":[{"name":"wp","href":"https:\/\/api.w.org\/{rel}","templated":true}]}}