{"id":13445,"date":"2024-03-09T16:36:00","date_gmt":"2024-03-09T16:36:00","guid":{"rendered":"https:\/\/bojornal.pt\/?p=13445"},"modified":"2024-03-11T16:41:30","modified_gmt":"2024-03-11T16:41:30","slug":"catedral-acolhe-comunhao-pascal-2024","status":"publish","type":"post","link":"https:\/\/bojornal.pt\/?p=13445","title":{"rendered":"Catedral acolhe Comunh\u00e3o Pascal 2024"},"content":{"rendered":"\n<p><strong><em>Alunos e professores de EMRC promovem iniciativa de celebra\u00e7\u00e3o da P\u00e1scoa, reunindo todas as escolas do Pr\u00e9-escolar ao 2.\u00baCiclo<\/em><\/strong><\/p>\n\n\n\n<figure class=\"wp-block-image size-large is-style-default\"><img loading=\"lazy\" decoding=\"async\" width=\"1024\" height=\"1024\" src=\"https:\/\/bojornal.pt\/wp-content\/uploads\/2024\/03\/Comunhao-Pascal-1024x1024.png\" alt=\"\" class=\"wp-image-13446\" srcset=\"https:\/\/bojornal.pt\/wp-content\/uploads\/2024\/03\/Comunhao-Pascal-1024x1024.png 1024w, https:\/\/bojornal.pt\/wp-content\/uploads\/2024\/03\/Comunhao-Pascal-300x300.png 300w, https:\/\/bojornal.pt\/wp-content\/uploads\/2024\/03\/Comunhao-Pascal-150x150.png 150w, https:\/\/bojornal.pt\/wp-content\/uploads\/2024\/03\/Comunhao-Pascal-768x768.png 768w, https:\/\/bojornal.pt\/wp-content\/uploads\/2024\/03\/Comunhao-Pascal-80x80.png 80w, https:\/\/bojornal.pt\/wp-content\/uploads\/2024\/03\/Comunhao-Pascal-320x320.png 320w, https:\/\/bojornal.pt\/wp-content\/uploads\/2024\/03\/Comunhao-Pascal.png 1080w\" sizes=\"auto, (max-width: 1024px) 100vw, 1024px\" \/><\/figure>\n\n\n\n<p>A Catedral de Bragan\u00e7a vai receber os alunos das diversas escolas do Agrupamento Em\u00eddio Garcia, no \u00e2mbito da Celebra\u00e7\u00e3o &#8220;Comunh\u00e3o Pascal&#8221;. \u00c0 imagem do \u00faltimo ano, o grupo de EMRC decidiu fazer uma s\u00f3 celebra\u00e7\u00e3o com a participa\u00e7\u00e3o de todas as comunidades escolares, numa iniciativa cujo tem central \u00e9 o &#8220;Caminho&#8221;, sob o lema: &#8220;Peregrinos da Esperan\u00e7a&#8221;. Nesta atividade, agendada para o dia 20 de mar\u00e7o (10h30min.), os alunos das diversas escolas t\u00eam a oportunidade de celebrar a festa da P\u00e1scoa, numa iniciativa aberta tamb\u00e9m aos familiares.<\/p>\n","protected":false},"excerpt":{"rendered":"<p>Alunos e professores de EMRC promovem iniciativa de celebra\u00e7\u00e3o da P\u00e1scoa, reunindo todas as escolas do Pr\u00e9-escolar ao 2.\u00baCiclo A Catedral de Bragan\u00e7a vai receber os alunos das diversas escolas do Agrupamento Em\u00eddio Garcia,&#46;&#46;&#46;<\/p>\n","protected":false},"author":2,"featured_media":13446,"comment_status":"closed","ping_status":"open","sticky":false,"template":"","format":"standard","meta":{"footnotes":""},"categories":[14,9,13,15],"tags":[],"class_list":["post-13445","post","type-post","status-publish","format-standard","has-post-thumbnail","hentry","category-1o-ciclo","category-em-foco","category-escola-paulo-quintela","category-pre-escolar"],"_links":{"self":[{"href":"https:\/\/bojornal.pt\/index.php?rest_route=\/wp\/v2\/posts\/13445","targetHints":{"allow":["GET"]}}],"collection":[{"href":"https:\/\/bojornal.pt\/index.php?rest_route=\/wp\/v2\/posts"}],"about":[{"href":"https:\/\/bojornal.pt\/index.php?rest_route=\/wp\/v2\/types\/post"}],"author":[{"embeddable":true,"href":"https:\/\/bojornal.pt\/index.php?rest_route=\/wp\/v2\/users\/2"}],"replies":[{"embeddable":true,"href":"https:\/\/bojornal.pt\/index.php?rest_route=%2Fwp%2Fv2%2Fcomments&post=13445"}],"version-history":[{"count":0,"href":"https:\/\/bojornal.pt\/index.php?rest_route=\/wp\/v2\/posts\/13445\/revisions"}],"wp:featuredmedia":[{"embeddable":true,"href":"https:\/\/bojornal.pt\/index.php?rest_route=\/wp\/v2\/media\/13446"}],"wp:attachment":[{"href":"https:\/\/bojornal.pt\/index.php?rest_route=%2Fwp%2Fv2%2Fmedia&parent=13445"}],"wp:term":[{"taxonomy":"category","embeddable":true,"href":"https:\/\/bojornal.pt\/index.php?rest_route=%2Fwp%2Fv2%2Fcategories&post=13445"},{"taxonomy":"post_tag","embeddable":true,"href":"https:\/\/bojornal.pt\/index.php?rest_route=%2Fwp%2Fv2%2Ftags&post=13445"}],"curies":[{"name":"wp","href":"https:\/\/api.w.org\/{rel}","templated":true}]}}