{"id":13405,"date":"2024-03-07T22:43:06","date_gmt":"2024-03-07T22:43:06","guid":{"rendered":"https:\/\/bojornal.pt\/?p=13405"},"modified":"2024-03-07T22:43:08","modified_gmt":"2024-03-07T22:43:08","slug":"mentes-brilhantes-programa-de-mentoria-filosofica-2","status":"publish","type":"post","link":"https:\/\/bojornal.pt\/?p=13405","title":{"rendered":"Mentes Brilhantes &#8211; programa de mentoria filos\u00f3fica!"},"content":{"rendered":"\n<figure class=\"wp-block-gallery has-nested-images columns-default is-cropped wp-block-gallery-1 is-layout-flex wp-block-gallery-is-layout-flex\">\n<figure class=\"wp-block-image size-large is-style-default\"><img loading=\"lazy\" decoding=\"async\" width=\"768\" height=\"1024\" data-id=\"13406\" src=\"https:\/\/bojornal.pt\/wp-content\/uploads\/2024\/03\/20240307_122627-768x1024.jpg\" alt=\"\" class=\"wp-image-13406\" srcset=\"https:\/\/bojornal.pt\/wp-content\/uploads\/2024\/03\/20240307_122627-768x1024.jpg 768w, https:\/\/bojornal.pt\/wp-content\/uploads\/2024\/03\/20240307_122627-225x300.jpg 225w, https:\/\/bojornal.pt\/wp-content\/uploads\/2024\/03\/20240307_122627-113x150.jpg 113w, https:\/\/bojornal.pt\/wp-content\/uploads\/2024\/03\/20240307_122627-1152x1536.jpg 1152w, https:\/\/bojornal.pt\/wp-content\/uploads\/2024\/03\/20240307_122627-rotated.jpg 1500w\" sizes=\"auto, (max-width: 768px) 100vw, 768px\" \/><\/figure>\n\n\n\n<figure class=\"wp-block-image size-large is-style-default\"><img loading=\"lazy\" decoding=\"async\" width=\"768\" height=\"1024\" data-id=\"13407\" src=\"https:\/\/bojornal.pt\/wp-content\/uploads\/2024\/03\/20240307_123628-768x1024.jpg\" alt=\"\" class=\"wp-image-13407\" srcset=\"https:\/\/bojornal.pt\/wp-content\/uploads\/2024\/03\/20240307_123628-768x1024.jpg 768w, https:\/\/bojornal.pt\/wp-content\/uploads\/2024\/03\/20240307_123628-225x300.jpg 225w, https:\/\/bojornal.pt\/wp-content\/uploads\/2024\/03\/20240307_123628-113x150.jpg 113w, https:\/\/bojornal.pt\/wp-content\/uploads\/2024\/03\/20240307_123628-1152x1536.jpg 1152w, https:\/\/bojornal.pt\/wp-content\/uploads\/2024\/03\/20240307_123628-rotated.jpg 1500w\" sizes=\"auto, (max-width: 768px) 100vw, 768px\" \/><\/figure>\n\n\n\n<figure class=\"wp-block-image size-large is-style-default\"><img loading=\"lazy\" decoding=\"async\" width=\"1024\" height=\"768\" data-id=\"13410\" src=\"https:\/\/bojornal.pt\/wp-content\/uploads\/2024\/03\/20240307_120943-1024x768.jpg\" alt=\"\" class=\"wp-image-13410\" srcset=\"https:\/\/bojornal.pt\/wp-content\/uploads\/2024\/03\/20240307_120943-1024x768.jpg 1024w, https:\/\/bojornal.pt\/wp-content\/uploads\/2024\/03\/20240307_120943-300x225.jpg 300w, https:\/\/bojornal.pt\/wp-content\/uploads\/2024\/03\/20240307_120943-150x113.jpg 150w, https:\/\/bojornal.pt\/wp-content\/uploads\/2024\/03\/20240307_120943-768x576.jpg 768w, https:\/\/bojornal.pt\/wp-content\/uploads\/2024\/03\/20240307_120943-1536x1152.jpg 1536w, https:\/\/bojornal.pt\/wp-content\/uploads\/2024\/03\/20240307_120943.jpg 2000w\" sizes=\"auto, (max-width: 1024px) 100vw, 1024px\" \/><\/figure>\n\n\n\n<figure class=\"wp-block-image size-large is-style-default\"><img loading=\"lazy\" decoding=\"async\" width=\"1024\" height=\"768\" data-id=\"13409\" src=\"https:\/\/bojornal.pt\/wp-content\/uploads\/2024\/03\/20240227_144519-1024x768.jpg\" alt=\"\" class=\"wp-image-13409\" srcset=\"https:\/\/bojornal.pt\/wp-content\/uploads\/2024\/03\/20240227_144519-1024x768.jpg 1024w, https:\/\/bojornal.pt\/wp-content\/uploads\/2024\/03\/20240227_144519-300x225.jpg 300w, https:\/\/bojornal.pt\/wp-content\/uploads\/2024\/03\/20240227_144519-150x113.jpg 150w, https:\/\/bojornal.pt\/wp-content\/uploads\/2024\/03\/20240227_144519-768x576.jpg 768w, https:\/\/bojornal.pt\/wp-content\/uploads\/2024\/03\/20240227_144519-1536x1152.jpg 1536w, https:\/\/bojornal.pt\/wp-content\/uploads\/2024\/03\/20240227_144519-2048x1536.jpg 2048w\" sizes=\"auto, (max-width: 1024px) 100vw, 1024px\" \/><\/figure>\n\n\n\n<figure class=\"wp-block-image size-large is-style-default\"><img loading=\"lazy\" decoding=\"async\" width=\"1024\" height=\"768\" data-id=\"13408\" src=\"https:\/\/bojornal.pt\/wp-content\/uploads\/2024\/03\/20240227_145204-1024x768.jpg\" alt=\"\" class=\"wp-image-13408\" srcset=\"https:\/\/bojornal.pt\/wp-content\/uploads\/2024\/03\/20240227_145204-1024x768.jpg 1024w, https:\/\/bojornal.pt\/wp-content\/uploads\/2024\/03\/20240227_145204-300x225.jpg 300w, https:\/\/bojornal.pt\/wp-content\/uploads\/2024\/03\/20240227_145204-150x113.jpg 150w, https:\/\/bojornal.pt\/wp-content\/uploads\/2024\/03\/20240227_145204-768x576.jpg 768w, https:\/\/bojornal.pt\/wp-content\/uploads\/2024\/03\/20240227_145204-1536x1152.jpg 1536w, https:\/\/bojornal.pt\/wp-content\/uploads\/2024\/03\/20240227_145204.jpg 2000w\" sizes=\"auto, (max-width: 1024px) 100vw, 1024px\" \/><\/figure>\n<\/figure>\n\n\n\n<p>Nos dias 27 e 29 de fevereiro e 7 de mar\u00e7o foram realizadas quatro sess\u00f5es, no \u00e2mbito do projeto &#8220;Mentes Brilhantes &#8211; Programa de&nbsp;mentoria&nbsp;filos\u00f3fica&#8221; !&nbsp; Desta vez as sess\u00f5es foram dirigidas a turmas de 6.\u00ba ano.<\/p>\n\n\n\n<p>Os alunos &#8211; mentores realizaram sess\u00f5es de 45 minutos,&nbsp; no hor\u00e1rio de Cidadania, utilizando como espa\u00e7o a biblioteca escolar. A tem\u00e1tica problematizada foi o amor, refletindo-se argumentando-se em torno de conceitos como: amor\/paix\u00e3o\/amizade\/partilha\/altru\u00edsmo\/companheirismo\/conquista\/liberdade\/respeito\/alteridade\/agressividade\/viol\u00eancia\/sofrimento.&nbsp;<\/p>\n\n\n\n<p>Mais uma vez o envolvimento dos(as) mentores(as) e das crian\u00e7as foi muito positivo e a atividade de s\u00edntese gerou grande entusiasmo.&nbsp;<\/p>\n\n\n\n<p>As atividades realizadas denotam a import\u00e2ncia das aprendizagens colaborativas na estimula\u00e7\u00e3o do pensamento cr\u00edtico e aut\u00f3nomo, bem como no desenvolvimento de compet\u00eancias argumentativas\/ de comunica\u00e7\u00e3o.<\/p>\n","protected":false},"excerpt":{"rendered":"<p>Nos dias 27 e 29 de fevereiro e 7 de mar\u00e7o foram realizadas quatro sess\u00f5es, no \u00e2mbito do projeto &#8220;Mentes Brilhantes &#8211; Programa de&nbsp;mentoria&nbsp;filos\u00f3fica&#8221; !&nbsp; Desta vez as sess\u00f5es foram dirigidas a turmas de&#46;&#46;&#46;<\/p>\n","protected":false},"author":2,"featured_media":13409,"comment_status":"closed","ping_status":"open","sticky":false,"template":"","format":"standard","meta":{"footnotes":""},"categories":[2,9,13,16],"tags":[],"class_list":["post-13405","post","type-post","status-publish","format-standard","has-post-thumbnail","hentry","category-atualidade","category-em-foco","category-escola-paulo-quintela","category-escola-secundaria-emidio-garcia"],"_links":{"self":[{"href":"https:\/\/bojornal.pt\/index.php?rest_route=\/wp\/v2\/posts\/13405","targetHints":{"allow":["GET"]}}],"collection":[{"href":"https:\/\/bojornal.pt\/index.php?rest_route=\/wp\/v2\/posts"}],"about":[{"href":"https:\/\/bojornal.pt\/index.php?rest_route=\/wp\/v2\/types\/post"}],"author":[{"embeddable":true,"href":"https:\/\/bojornal.pt\/index.php?rest_route=\/wp\/v2\/users\/2"}],"replies":[{"embeddable":true,"href":"https:\/\/bojornal.pt\/index.php?rest_route=%2Fwp%2Fv2%2Fcomments&post=13405"}],"version-history":[{"count":0,"href":"https:\/\/bojornal.pt\/index.php?rest_route=\/wp\/v2\/posts\/13405\/revisions"}],"wp:featuredmedia":[{"embeddable":true,"href":"https:\/\/bojornal.pt\/index.php?rest_route=\/wp\/v2\/media\/13409"}],"wp:attachment":[{"href":"https:\/\/bojornal.pt\/index.php?rest_route=%2Fwp%2Fv2%2Fmedia&parent=13405"}],"wp:term":[{"taxonomy":"category","embeddable":true,"href":"https:\/\/bojornal.pt\/index.php?rest_route=%2Fwp%2Fv2%2Fcategories&post=13405"},{"taxonomy":"post_tag","embeddable":true,"href":"https:\/\/bojornal.pt\/index.php?rest_route=%2Fwp%2Fv2%2Ftags&post=13405"}],"curies":[{"name":"wp","href":"https:\/\/api.w.org\/{rel}","templated":true}]}}